{"id":652118,"date":"2023-11-02T08:55:55","date_gmt":"2023-11-02T04:55:55","guid":{"rendered":"https:\/\/arantv.az\/?p=652118"},"modified":"2023-11-02T08:55:55","modified_gmt":"2023-11-02T04:55:55","slug":"m%c9%99kt%c9%99bl%c9%99rd%c9%99-bu-tarixl%c9%99rd%c9%99-d%c9%99rs-olmayacaq-r%c9%99smi","status":"publish","type":"post","link":"https:\/\/arantv.az\/?p=652118","title":{"rendered":"M\u0259kt\u0259bl\u0259rd\u0259 bu tarixl\u0259rd\u0259 d\u0259rs olmayacaq &#8211; R\u0259smi"},"content":{"rendered":"<p>Elm v\u0259 T\u0259hsil Nazirliyi qeyri-i\u015f g\u00fcnl\u0259ri il\u0259 \u0259laq\u0259dar m\u0259kt\u0259bl\u0259rin i\u015f qrafikind\u0259 edil\u0259n d\u0259yi\u015fikliy\u0259 ayd\u0131nl\u0131q g\u0259tirib.<\/p>\n<p>Musavat.com-un\u00a0x\u0259b\u0259rin\u0259 g\u00f6r\u0259, nazirlikd\u0259n bildirilib ki, Nazirl\u0259r Kabinetinin &#8220;\u0130\u015f v\u0259 istirah\u0259t g\u00fcnl\u0259rinin yerl\u0259rinin d\u0259yi\u015fdirilm\u0259si haqq\u0131nda&#8221; m\u00fcvafiq q\u0259rar\u0131na \u0259sas\u0259n, be\u015fg\u00fcnl\u00fck i\u015f h\u0259ft\u0259si il\u0259 f\u0259aliyy\u0259t g\u00f6st\u0259r\u0259n t\u0259hsil m\u00fc\u0259ssis\u0259l\u0259rind\u0259 cari h\u0259ft\u0259 son i\u015f g\u00fcn\u00fc 4 noyabr, n\u00f6vb\u0259ti h\u0259ft\u0259nin i\u015f g\u00fcnl\u0259ri 6, 7 noyabr, bayramdan sonra ilk i\u015f g\u00fcn\u00fc is\u0259 13 noyabrd\u0131r.<\/p>\n<p>Alt\u0131g\u00fcnl\u00fck i\u015f h\u0259ft\u0259si il\u0259 f\u0259aliyy\u0259t g\u00f6st\u0259r\u0259n t\u0259hsil m\u00fc\u0259ssis\u0259l\u0259rind\u0259 cari h\u0259ft\u0259 son i\u015f g\u00fcn\u00fc 4 noyabr, n\u00f6vb\u0259ti h\u0259ft\u0259nin i\u015f g\u00fcnl\u0259ri 6, 7 noyabr, bayramdan sonra i\u015f g\u00fcnl\u0259ri 10-11 noyabr tarixl\u0259ri m\u00fc\u0259yy\u0259n olunub.<\/p>\n","protected":false},"excerpt":{"rendered":"<p>Elm v\u0259 T\u0259hsil Nazirliyi qeyri-i\u015f g\u00fcnl\u0259ri il\u0259 \u0259laq\u0259dar m\u0259kt\u0259bl\u0259rin i\u015f qrafikind\u0259 edil\u0259n d\u0259yi\u015fikliy\u0259 ayd\u0131nl\u0131q g\u0259tirib. Musavat.com-un\u00a0x\u0259b\u0259rin\u0259 g\u00f6r\u0259, nazirlikd\u0259n bildirilib ki, Nazirl\u0259r Kabinetinin &#8220;\u0130\u015f v\u0259 istirah\u0259t g\u00fcnl\u0259rinin yerl\u0259rinin d\u0259yi\u015fdirilm\u0259si haqq\u0131nda&#8221; m\u00fcvafiq q\u0259rar\u0131na \u0259sas\u0259n, be\u015fg\u00fcnl\u00fck i\u015f h\u0259ft\u0259si il\u0259 f\u0259aliyy\u0259t g\u00f6st\u0259r\u0259n t\u0259hsil m\u00fc\u0259ssis\u0259l\u0259rind\u0259 cari h\u0259ft\u0259 son i\u015f g\u00fcn\u00fc 4 noyabr, n\u00f6vb\u0259ti h\u0259ft\u0259nin i\u015f g\u00fcnl\u0259ri 6, 7 noyabr, bayramdan sonra ilk i\u015f g\u00fcn\u00fc is\u0259 13 noyabrd\u0131r. Alt\u0131g\u00fcnl\u00fck i\u015f h\u0259ft\u0259si il\u0259 f\u0259aliyy\u0259t g\u00f6st\u0259r\u0259n t\u0259hsil m\u00fc\u0259ssis\u0259l\u0259rind\u0259 cari h\u0259ft\u0259 son i\u015f g\u00fcn\u00fc 4 noyabr, n\u00f6vb\u0259ti h\u0259ft\u0259nin i\u015f g\u00fcnl\u0259ri 6, 7 noyabr, bayramdan sonra i\u015f g\u00fcnl\u0259ri 10-11 noyabr&hellip;<\/p>\n","protected":false},"author":2,"featured_media":652125,"comment_status":"closed","ping_status":"closed","sticky":false,"template":"","format":"standard","meta":{"om_disable_all_campaigns":false,"_monsterinsights_skip_tracking":false,"_monsterinsights_sitenote_active":false,"_monsterinsights_sitenote_note":"","_monsterinsights_sitenote_category":0},"categories":[1],"tags":[],"aioseo_notices":[],"gutentor_comment":0,"rttpg_featured_image_url":{"full":["https:\/\/arantv.az\/wp-content\/uploads\/2023\/11\/5798f36fd0ecb345a1ed233ee0375fa2.jpg",800,500,false],"landscape":["https:\/\/arantv.az\/wp-content\/uploads\/2023\/11\/5798f36fd0ecb345a1ed233ee0375fa2.jpg",800,500,false],"portraits":["https:\/\/arantv.az\/wp-content\/uploads\/2023\/11\/5798f36fd0ecb345a1ed233ee0375fa2.jpg",800,500,false],"thumbnail":["https:\/\/arantv.az\/wp-content\/uploads\/2023\/11\/5798f36fd0ecb345a1ed233ee0375fa2-500x280.jpg",500,280,true],"medium":["https:\/\/arantv.az\/wp-content\/uploads\/2023\/11\/5798f36fd0ecb345a1ed233ee0375fa2-584x365.jpg",584,365,true],"large":["https:\/\/arantv.az\/wp-content\/uploads\/2023\/11\/5798f36fd0ecb345a1ed233ee0375fa2.jpg",640,400,false],"1536x1536":["https:\/\/arantv.az\/wp-content\/uploads\/2023\/11\/5798f36fd0ecb345a1ed233ee0375fa2.jpg",800,500,false],"2048x2048":["https:\/\/arantv.az\/wp-content\/uploads\/2023\/11\/5798f36fd0ecb345a1ed233ee0375fa2.jpg",800,500,false],"post-thumbnail":["https:\/\/arantv.az\/wp-content\/uploads\/2023\/11\/5798f36fd0ecb345a1ed233ee0375fa2-240x172.jpg",240,172,true],"advps-thumb-one":["https:\/\/arantv.az\/wp-content\/uploads\/2023\/11\/5798f36fd0ecb345a1ed233ee0375fa2.jpg",800,500,false]},"rttpg_author":{"display_name":"V\u00fcsal Rafiqo\u011flu","author_link":"https:\/\/arantv.az\/?author=2"},"rttpg_comment":0,"rttpg_category":"<a href=\"https:\/\/arantv.az\/?cat=1\" rel=\"category\">C\u0259miyy\u0259t<\/a>","rttpg_excerpt":"Elm v\u0259 T\u0259hsil Nazirliyi qeyri-i\u015f g\u00fcnl\u0259ri il\u0259 \u0259laq\u0259dar m\u0259kt\u0259bl\u0259rin i\u015f qrafikind\u0259 edil\u0259n d\u0259yi\u015fikliy\u0259 ayd\u0131nl\u0131q g\u0259tirib. Musavat.com-un\u00a0x\u0259b\u0259rin\u0259 g\u00f6r\u0259, nazirlikd\u0259n bildirilib ki, Nazirl\u0259r Kabinetinin &#8220;\u0130\u015f v\u0259 istirah\u0259t g\u00fcnl\u0259rinin yerl\u0259rinin d\u0259yi\u015fdirilm\u0259si haqq\u0131nda&#8221; m\u00fcvafiq q\u0259rar\u0131na \u0259sas\u0259n, be\u015fg\u00fcnl\u00fck i\u015f h\u0259ft\u0259si il\u0259 f\u0259aliyy\u0259t g\u00f6st\u0259r\u0259n t\u0259hsil m\u00fc\u0259ssis\u0259l\u0259rind\u0259 cari h\u0259ft\u0259 son i\u015f g\u00fcn\u00fc 4 noyabr, n\u00f6vb\u0259ti h\u0259ft\u0259nin i\u015f g\u00fcnl\u0259ri 6, 7 noyabr, bayramdan&hellip;","_links":{"self":[{"href":"https:\/\/arantv.az\/index.php?rest_route=\/wp\/v2\/posts\/652118"}],"collection":[{"href":"https:\/\/arantv.az\/index.php?rest_route=\/wp\/v2\/posts"}],"about":[{"href":"https:\/\/arantv.az\/index.php?rest_route=\/wp\/v2\/types\/post"}],"author":[{"embeddable":true,"href":"https:\/\/arantv.az\/index.php?rest_route=\/wp\/v2\/users\/2"}],"replies":[{"embeddable":true,"href":"https:\/\/arantv.az\/index.php?rest_route=%2Fwp%2Fv2%2Fcomments&post=652118"}],"version-history":[{"count":0,"href":"https:\/\/arantv.az\/index.php?rest_route=\/wp\/v2\/posts\/652118\/revisions"}],"wp:featuredmedia":[{"embeddable":true,"href":"https:\/\/arantv.az\/index.php?rest_route=\/wp\/v2\/media\/652125"}],"wp:attachment":[{"href":"https:\/\/arantv.az\/index.php?rest_route=%2Fwp%2Fv2%2Fmedia&parent=652118"}],"wp:term":[{"taxonomy":"category","embeddable":true,"href":"https:\/\/arantv.az\/index.php?rest_route=%2Fwp%2Fv2%2Fcategories&post=652118"},{"taxonomy":"post_tag","embeddable":true,"href":"https:\/\/arantv.az\/index.php?rest_route=%2Fwp%2Fv2%2Ftags&post=652118"}],"curies":[{"name":"wp","href":"https:\/\/api.w.org\/{rel}","templated":true}]}}