{"id":652124,"date":"2023-11-02T08:57:23","date_gmt":"2023-11-02T04:57:23","guid":{"rendered":"https:\/\/arantv.az\/?p=652124"},"modified":"2023-11-02T08:57:23","modified_gmt":"2023-11-02T04:57:23","slug":"z%c9%99f%c9%99r-gunu-az%c9%99rbaycanin-dovl%c9%99t-must%c9%99qilliyinin-suverenliyinin-gucunun-v%c9%99-qudr%c9%99tinin-r%c9%99mzidir","status":"publish","type":"post","link":"https:\/\/arantv.az\/?p=652124","title":{"rendered":"Z\u0259f\u0259r G\u00fcn\u00fc Az\u0259rbaycan\u0131n d\u00f6vl\u0259t m\u00fcst\u0259qilliyinin, suverenliyinin, g\u00fcc\u00fcn\u00fcn v\u0259 q\u00fcdr\u0259tinin r\u0259mzidir"},"content":{"rendered":"<p><em><strong>M\u00fcz\u0259ff\u0259r Ali Ba\u015f Komandan \u0130lham \u018fliyevin\u00a0r\u0259hb\u0259rliyi il\u0259 q\u0131rx d\u00f6rd g\u00fcnd\u0259\u00a0xalq\u0131m\u0131z\u0131n \u00e7ox\u0259srlik\u00a0tarixinin\u00a0\u0259n\u00a0\u015fanl\u0131 s\u0259hif\u0259si\u00a0yaz\u0131ld\u0131<\/strong><\/em><\/p>\n<p>T\u0259cav\u00fczkar Erm\u0259nistan\u0131n silahl\u0131 q\u00fcvv\u0259l\u0259ri 2020-ci il sentyabr\u0131n 27-d\u0259 s\u0259h\u0259r saatlar\u0131nda c\u0259bh\u0259boyu zonada yerl\u0259\u015f\u0259n Az\u0259rbaycan Ordusunun m\u00f6vqel\u0259rini v\u0259 ya\u015fay\u0131\u015f m\u0259nt\u0259q\u0259l\u0259rini iri\u00e7apl\u0131 silahlar, minaatanlar v\u0259 m\u00fcxt\u0259lif \u00e7apl\u0131 artilleriya qur\u011fular\u0131ndan intensiv at\u0259\u015f\u0259 tutdu. Erm\u0259nistan ordusu t\u0259r\u0259find\u0259n T\u0259rt\u0259r, A\u011fdam, F\u00fczuli v\u0259 C\u0259bray\u0131l rayonlar\u0131n\u0131n bir s\u0131ra k\u0259ndl\u0259rinin intensiv at\u0259\u015f\u0259 tutulmas\u0131 n\u0259tic\u0259sind\u0259 m\u00fclki Az\u0259rbaycan \u0259halisi aras\u0131nda h\u0259lak olan v\u0259 yaralananlar oldu, m\u00fclki infrastruktur obyektl\u0259rin\u0259 ciddi ziyan d\u0259ydi. \u0130\u015f\u011fal\u00e7\u0131 Erm\u0259nistan\u0131n bu n\u00f6vb\u0259ti t\u0259xribat\u0131n\u0131n qar\u015f\u0131s\u0131n\u0131 almaq, m\u00fclki \u0259halini qorumaq \u00fc\u00e7\u00fcn Az\u0259rbaycan Ordusu c\u0259bh\u0259 boyunca \u0259ks-h\u00fccum \u0259m\u0259liyyat\u0131na ba\u015flad\u0131. Silahl\u0131 Q\u00fcvv\u0259l\u0259rimiz apard\u0131\u011f\u0131 d\u00f6y\u00fc\u015fl\u0259r n\u0259tic\u0259sind\u0259 c\u0259bh\u0259nin m\u00fcxt\u0259lif istiqam\u0259tl\u0259rind\u0259 Erm\u0259nistan qo\u015funlar\u0131n\u0131n minl\u0259rl\u0259 canl\u0131 q\u00fcvv\u0259si, y\u00fczl\u0259rl\u0259 h\u0259rbi obyektl\u0259ri v\u0259 d\u00f6y\u00fc\u015f texnikalar\u0131 m\u0259hv edildi. \u0130\u015f\u011fal edilmi\u015f rayonlar\u0131m\u0131z Az\u0259rbaycan \u0259sg\u0259rinin q\u0259hr\u0259manl\u0131\u011f\u0131, r\u0259\u015fad\u0259ti v\u0259 \u015f\u00fcca\u0259ti il\u0259 bir-bir d\u00fc\u015fm\u0259n tapda\u011f\u0131ndan t\u0259mizl\u0259ndi. \u0130\u015f\u011fal olunmu\u015f torpaqlar\u0131m\u0131z\u0131n azad olunmas\u0131 x\u0259b\u0259rini Prezident \u0130lham \u018fliyev h\u0259r g\u00fcn \u015f\u0259xsi \u201cTwitter\u201d hesab\u0131ndan payla\u015f\u0131rd\u0131. Q\u0259l\u0259b\u0259 m\u00fcjd\u0259sinin d\u00f6vl\u0259timizin ba\u015f\u00e7\u0131s\u0131 t\u0259r\u0259find\u0259n verilm\u0259si \u00f6lk\u0259 ictimaiyy\u0259ti t\u0259r\u0259find\u0259n b\u00f6y\u00fck r\u0259\u011fb\u0259tl\u0259 qar\u015f\u0131lan\u0131rd\u0131.<\/p>\n<p>D\u00f6y\u00fc\u015f meydan\u0131nda Az\u0259rbaycan Ordusuna m\u0259\u011flub olan d\u00fc\u015fm\u0259n c\u0259bh\u0259 x\u0259ttind\u0259, el\u0259c\u0259 d\u0259 s\u0259rh\u0259d b\u00f6lg\u0259l\u0259rind\u0259n uzaqda yerl\u0259\u015f\u0259n ya\u015fay\u0131\u015f m\u0259nt\u0259q\u0259l\u0259rini v\u0259 m\u00fclki \u0259halini h\u0259d\u0259f\u0259 alan t\u0259xribatlar\u0131 davam etdirirdi.<\/p>\n<p>\u018fslind\u0259 Erm\u0259nistan r\u0259hb\u0259rliyi bu c\u00fcr t\u0259xribatlarla erm\u0259ni c\u0259miyy\u0259tinin diqq\u0259tini h\u00f6kum\u0259tin yar\u0131tmaz daxili v\u0259 xarici siyas\u0259tinin n\u0259tic\u0259l\u0259rind\u0259n, d\u0259rinl\u0259\u015fm\u0259kd\u0259 olan sosial-iqtisadi v\u0259 siyasi b\u00f6hrandan, pandemiya il\u0259 u\u011fursuz m\u00fcbariz\u0259d\u0259n v\u0259 dig\u0259r probleml\u0259rd\u0259n yay\u0131nd\u0131rma\u011fa \u00e7al\u0131\u015f\u0131rd\u0131. Erm\u0259nistan h\u00f6kum\u0259ti i\u015f\u011fal\u00e7\u0131 siyas\u0259ti davam etdirm\u0259k v\u0259 geni\u015fl\u0259ndirm\u0259kl\u0259 t\u0259kc\u0259 Erm\u0259nistan\u0131n v\u0259ziyy\u0259tini daha da \u00e7\u0259tinl\u0259\u015fdirmir, h\u0259m d\u0259 b\u00fct\u00fcn regionda s\u00fclh\u00fc v\u0259 t\u0259hl\u00fck\u0259sizliyi ciddi \u015f\u0259kild\u0259 t\u0259hdid edirdi.<\/p>\n<p>Prezident, M\u00fcz\u0259ff\u0259r Ali Ba\u015f Komandan \u0130lham \u018fliyevin \u0259mri il\u0259 q\u0259hr\u0259man Az\u0259rbaycan Ordusunun c\u0259bh\u0259 boyunca \u0259ks-h\u00fccum \u0259m\u0259liyyat\u0131nda qazand\u0131\u011f\u0131 u\u011furlar, torpaqlar\u0131m\u0131z\u0131n d\u00fc\u015fm\u0259n i\u015f\u011fal\u0131ndan azad edilm\u0259si Silahl\u0131 Q\u00fcvv\u0259l\u0259rimizin, d\u00f6vl\u0259timizin g\u00fcc\u00fcn\u00fc, q\u00fcdr\u0259tini bir daha n\u00fcmayi\u015f etdirdi. Bu d\u00f6y\u00fc\u015fl\u0259r Az\u0259rbaycan \u0259sg\u0259rinin d\u00f6y\u00fc\u015f v\u0259 m\u0259n\u0259vi-psixoloji haz\u0131rl\u0131\u011f\u0131n\u0131, y\u00fcks\u0259k q\u0259l\u0259b\u0259 \u0259zmini, v\u0259t\u0259np\u0259rv\u0259rliyini, milli birliyimizi, h\u0259mr\u0259yliyimizi, Az\u0259rbaycan\u0131n he\u00e7 vaxt i\u015f\u011falla bar\u0131\u015fmayaca\u011f\u0131n\u0131, n\u0259yin bahas\u0131na olursa-olsun \u0259razi b\u00fct\u00f6vl\u00fcy\u00fcn\u00fc b\u0259rpa etm\u0259k \u0259zmind\u0259 oldu\u011funu bir daha t\u0259sdiq etdi. \u015eanl\u0131 ordumuz \u00f6z g\u00fcc\u00fc il\u0259 tarixi \u0259dal\u0259ti b\u0259rpa etm\u0259y\u0259, c\u0259zas\u0131zl\u0131qdan quduran i\u015f\u011fal\u00e7\u0131, Az\u0259rbaycan\u0131n s\u00fclh \u00e7a\u011f\u0131r\u0131\u015flar\u0131n\u0131 saymazyana \u015f\u0259kild\u0259 r\u0259dd ed\u0259n terorr\u00e7u Erm\u0259nistan\u0131 diz \u00e7\u00f6kd\u00fcrm\u0259y\u0259 qadir oldu\u011funu b\u00fct\u00fcn d\u00fcnyaya s\u00fcbut etdi. B\u00fct\u00fcn d\u00fcnya Ali Ba\u015f Komandan\u0131n ba\u015f\u00e7\u0131l\u0131\u011f\u0131 il\u0259 ordumuzun i\u015f\u011fala s\u00f6yk\u0259n\u0259n status-kvonu d\u0259yi\u015fdirdiyin\u0259 \u015fahid oldu.\u00a0 Ham\u0131ya ayd\u0131n oldu ki, Az\u0259rbaycan xalq\u0131n\u0131n yenilm\u0259z irad\u0259si qar\u015f\u0131s\u0131nda he\u00e7 bir q\u00fcvv\u0259 tab g\u0259tir\u0259 bilm\u0259z. Q\u0131rx d\u00f6rd g\u00fcn \u0259rzind\u0259 Az\u0259rbaycan \u00f6z \u0259razi b\u00fct\u00f6vl\u00fcy\u00fcm\u00fcz\u00fc b\u0259rpa etdi. 30 illik torpaq nisgilin\u0259, h\u0259sr\u0259tin\u0259 son qoyuldu. M\u0259nfur d\u00fc\u015fm\u0259ni torpa\u011f\u0131m\u0131zdan qovdu, milli l\u0259yaq\u0259ti v\u0259 tarixi \u0259dal\u0259ti b\u0259rpa etdi, erm\u0259ni fa\u015fizminin ba\u015f\u0131n\u0131 \u0259zdi.<\/p>\n<p>Q\u0131rx d\u00f6rd g\u00fcnl\u00fck V\u0259t\u0259n m\u00fcharib\u0259sind\u0259 Az\u0259rbaycan\u0131n qazand\u0131\u011f\u0131 Q\u0259l\u0259b\u0259nin m\u0259ntiqi n\u0259tic\u0259si kimi bu Z\u0259f\u0259ri r\u0259smil\u0259\u015fdir\u0259n 2020-ci il 10 noyabr B\u0259yanat\u0131 imzaland\u0131. Bu, Erm\u0259nistan\u0131n kapitulyasiyas\u0131 idi. \u00dc\u00e7t\u0259r\u0259fli B\u0259yanat uzun ill\u0259r davam ed\u0259n m\u00fcnaqi\u015f\u0259y\u0259 son qoydu v\u0259 B\u0259yanata uy\u011fun olaraq, m\u00fcnaqi\u015f\u0259nin h\u0259rbi m\u0259rh\u0259l\u0259si ba\u015fa \u00e7atd\u0131. Q\u0131rx d\u00f6rd g\u00fcn davam ed\u0259n m\u00fcharib\u0259d\u0259 C\u0259bray\u0131l,\u00a0F\u00fczuli,\u00a0Z\u0259ngilan,\u00a0Qubadl\u0131, v\u0259 n\u0259hay\u0259t, \u015eu\u015fa\u00a0\u015f\u0259h\u0259ri i\u015f\u011faldan azad edildi.\u00a0 A\u011fdam, La\u00e7\u0131n v\u0259 K\u0259lb\u0259c\u0259r rayonlar\u0131 qan t\u00f6k\u00fclm\u0259d\u0259n Az\u0259rbaycana qaytar\u0131ld\u0131. Bununla da Az\u0259rbaycan Ordusu \u201cb\u00f6y\u00fck Erm\u0259nistan\u201d mifini darmada\u011f\u0131n etdi, m\u0259\u011flubedilm\u0259z erm\u0259ni ordusu mifi is\u0259 yerl\u0259-yeksan oldu. Bu Q\u0259l\u0259b\u0259 Az\u0259rbaycan haqq\u0131nda m\u0259\u011flub xalq sindromunu s\u0131nd\u0131rd\u0131. \u0130ndi xalq\u0131m\u0131z qalib xalq, ordumuz qalib ordu, d\u00f6vl\u0259timiz d\u0259 qalib d\u00f6vl\u0259tdir. B\u0259yanat Az\u0259rbaycan Ordusunun \u015f\u0259rtsiz h\u0259rbi \u00fcst\u00fcnl\u00fcy\u00fcn\u00fc t\u0259sdiq etdi.<\/p>\n<p><em><strong>Az\u0259rbaycan\u0131 2020-ci ilin n\u0259tic\u0259l\u0259ri il\u0259 m\u0259hdudla\u015fma\u011fa m\u0259cbur etm\u0259y\u0259 \u00e7al\u0131\u015fanlar\u0131n m\u0259krli planlar\u0131 fiaskoya u\u011frad\u0131 \u00a0<\/strong><\/em><\/p>\n<p>Bir m\u0259s\u0259l\u0259ni x\u00fcsusil\u0259 vur\u011fulamaq laz\u0131md\u0131r ki, o zaman b\u0259zil\u0259ri d\u00fc\u015f\u00fcn\u00fcrd\u00fc ki, Az\u0259rbaycan 2020-ci il 8 noyabrda \u00fc\u00e7t\u0259r\u0259fli B\u0259yanatla t\u0259sbit edilmi\u015f status-kvonu d\u0259yi\u015fm\u0259y\u0259 c\u00fcr\u0259t etm\u0259y\u0259c\u0259k v\u0259 \u0259ks\u0259r \u0259razil\u0259rl\u0259 \u015eu\u015fan\u0131n azad edilm\u0259si maksimal h\u0259dd olacaq. Onlar bunu bel\u0259 \u0259sasland\u0131r\u0131rd\u0131lar ki, beyn\u0259lxalq al\u0259m erm\u0259nil\u0259r ya\u015fayan Az\u0259rbaycan \u0259razisind\u0259 h\u0259r hans\u0131 \u0259m\u0259liyyat ke\u00e7irm\u0259y\u0259 v\u0259 bu \u0259razil\u0259r \u00fcz\u0259rind\u0259 Az\u0259rbaycan\u0131n n\u0259zar\u0259tini b\u0259rpa etm\u0259y\u0259 imkan verm\u0259y\u0259c\u0259k. H\u0259min d\u00f6vrd\u0259 \u0259sas\u0259n AB\u015e v\u0259 Q\u0259rb \u00f6lk\u0259l\u0259rinin tutdu\u011fu m\u00f6vqe, veril\u0259n b\u0259yanatlar bel\u0259 proqnozlar \u00fc\u00e7\u00fcn ciddi \u0259saslar yaratm\u0131\u015fd\u0131.<\/p>\n<p>2022-ci ilin sonu 2023-cu ilin \u0259vv\u0259ll\u0259rind\u0259 Az\u0259rbaycan\u0131n h\u00fcquq m\u00fcdafi\u0259 t\u0259\u015fkilatlar\u0131 La\u00e7\u0131n yolu \u00fcz\u0259rind\u0259 etiraz aksiyas\u0131na ba\u015flayanda, m\u00fcharib\u0259d\u0259n sonrak\u0131 d\u00f6vrd\u0259 h\u0259min \u0259razil\u0259rd\u0259 qalan Erm\u0259nistan silahl\u0131 q\u00fcvv\u0259l\u0259rinin qal\u0131qlar\u0131n\u0131n ard\u0131c\u0131l t\u0259xribatlar\u0131na Az\u0259rbaycan Ordusu t\u0259r\u0259find\u0259n cavab t\u0259dbirl\u0259ri g\u00f6r\u00fcl\u0259nd\u0259 b\u0259zi region \u00f6lk\u0259l\u0259ri v\u0259 Q\u0259rb dair\u0259l\u0259rinin m\u0259s\u0259l\u0259nin mahiyy\u0259tin\u0259 varmadan, he\u00e7 bir ara\u015fd\u0131rma aparmadan verdikl\u0259ri b\u0259yanatlar Az\u0259rbaycana qar\u015f\u0131 t\u0259zyiq c\u0259hdind\u0259n ba\u015fqa bir \u015fey deyildi.<\/p>\n<p>AB\u015e, Avropa \u0130ttifaq\u0131, Fransa v\u0259 s. 30 illik i\u015f\u011fal d\u00f6vr\u00fcnd\u0259 oldu\u011fu kimi, bu m\u0259rh\u0259l\u0259d\u0259 d\u0259 v\u0259ziyy\u0259tin qeyri-m\u00fc\u0259yy\u0259n qalmas\u0131nda maraql\u0131 olmu\u015f, bu m\u0259qs\u0259dl\u0259 AT\u018fT-in Minsk qrupunun reanimasiyas\u0131na c\u0259hdl\u0259r g\u00f6st\u0259rilmi\u015f, yenid\u0259n uzun-uzad\u0131 dan\u0131\u015f\u0131qlar prosesin\u0259 start verilmi\u015fdi. V\u0259ziyy\u0259tin bel\u0259 qalmas\u0131 daim \u201cpar\u00e7ala h\u00f6km s\u00fcr\u201d siyas\u0259ti y\u00fcr\u00fcd\u0259n q\u00fcvv\u0259l\u0259rin \u00f6z i\u015fl\u0259rini bu \u0259n\u0259n\u0259vi f\u0259aliyy\u0259t prinsipi \u00fcz\u0259rind\u0259 qurmaqla Az\u0259rbaycana qar\u015f\u0131 real t\u0259sir v\u0259 t\u0259zyiq mexanizml\u0259rini saxlama\u011fa imkan yarad\u0131rd\u0131. B\u00fct\u00fcn bu prosesin m\u0259ntiqi ondan ibar\u0259t olmu\u015fdur ki, Q\u0259rb erm\u0259nil\u0259rin Az\u0259rbaycanda\u00a0 ya\u015faya bilm\u0259y\u0259c\u0259yi v\u0259 buna g\u00f6r\u0259 d\u0259 ayr\u0131lmas\u0131n\u0131n z\u0259ruriliyini ehtiva ed\u0259n h\u00fcquqi proseduru i\u015f\u0259 sals\u0131n.<\/p>\n<p>Az\u0259rbaycana, \u015f\u0259xs\u0259n Prezident \u0130lham \u018fliyev\u0259 qar\u015f\u0131 olan t\u0259zyiql\u0259r, d\u00f6vl\u0259t ba\u015f\u00e7\u0131s\u0131na v\u0259 onun ail\u0259 \u00fczvl\u0259rin\u0259 qar\u015f\u0131 apar\u0131lan \u00e7irkin kampaniyalar, BMT, Avropa Parlamenti, Avropa \u015euras\u0131 kimi beyn\u0259lxalq mexanizml\u0259rin potensial\u0131ndan yararlanmaq c\u0259hdl\u0259ri, sanksiyalar t\u0259tbiq edil\u0259c\u0259yi il\u0259 ba\u011fl\u0131 h\u0259d\u0259l\u0259r Q\u0259rb dair\u0259l\u0259rinin sad\u0259c\u0259 s\u00f6z\u00e7\u00fcl\u00fckl\u0259 m\u0259\u015f\u011ful olmad\u0131\u011f\u0131n\u0131 v\u0259 \u00f6z niyy\u0259tl\u0259rini praktiki m\u00fcst\u0259viy\u0259 ke\u00e7irdikl\u0259rini ayd\u0131n n\u00fcmayi\u015f etdirdi. M\u0259qs\u0259d Prezident \u0130lham \u018fliyevi planlar\u0131ndan \u00e7\u0259kindirm\u0259k v\u0259 Az\u0259rbaycan\u0131n \u00f6z \u0259razisi \u00fcz\u0259rind\u0259 tam suverenliyini b\u0259rpa etm\u0259sin\u0259 imkan verm\u0259m\u0259k, 2020-ci ilin n\u0259tic\u0259l\u0259ri il\u0259 m\u0259hdudla\u015fma\u011fa m\u0259cbur etm\u0259k olmu\u015fdur.<\/p>\n<p><em><strong>2023-c\u00fc il sentyabr\u0131n 20-d\u0259 \u0259ld\u0259 olunan Q\u0259l\u0259b\u0259 siyasi v\u0259 m\u0259n\u0259vi \u0259h\u0259miyy\u0259tin\u0259 g\u00f6r\u0259 Z\u0259f\u0259r G\u00fcn\u00fcn\u0259 b\u0259rab\u0259r v\u0259 onu tamamlayan tarixi hadis\u0259 kimi yadda\u015flara yaz\u0131ld\u0131<\/strong><\/em><\/p>\n<p>Q\u0259tiyy\u0259tl\u0259 dem\u0259k laz\u0131md\u0131r ki, he\u00e7 vaxt ba\u015flad\u0131\u011f\u0131 i\u015fl\u0259ri yar\u0131m\u00e7\u0131q qoymayan v\u0259 b\u00fct\u00fcn f\u0259aliyy\u0259ti boyunca \u201cn\u0259yi, n\u0259 zaman v\u0259 nec\u0259\u201d etm\u0259yin \u0259n yax\u015f\u0131 n\u00fcmun\u0259l\u0259rini g\u00f6st\u0259r\u0259n Az\u0259rbaycan Prezidenti \u0130lham \u018fliyevin suverenlik v\u0259 \u0259razi b\u00fct\u00f6vl\u00fcy\u00fc anlay\u0131\u015f\u0131 he\u00e7 bir zaman m\u00fcharib\u0259nin n\u0259tic\u0259l\u0259ri il\u0259 m\u0259hdudla\u015fmam\u0131\u015f, sonrak\u0131 3 il \u0259rzind\u0259 h\u0259yata ke\u00e7iril\u0259n siyas\u0259t v\u0259 g\u00f6r\u00fcl\u0259n b\u00fct\u00fcn i\u015fl\u0259r prosesin davam\u0131 olmu\u015f v\u0259 2023-c\u00fc il sentyabr\u0131n 20-d\u0259 \u00f6z m\u0259ntiqi sonlu\u011funa \u00e7atm\u0131\u015fd\u0131r. B\u00fct\u00fcn t\u0259zyiql\u0259r\u0259 v\u0259 h\u0259d\u0259l\u0259r\u0259 baxmayaraq, Prezident \u0130lham \u018fliyev uzaqg\u00f6r\u0259nlikl\u0259, praqmatik \u015f\u0259kild\u0259, bar\u0131\u015fmaz prinsipiall\u0131q v\u0259 q\u0259ti irad\u0259 n\u00fcmayi\u015f etdir\u0259r\u0259k Xank\u0259ndid\u0259 Az\u0259rbaycan\u0131n d\u00f6vl\u0259t Bayra\u011f\u0131n\u0131n as\u0131laca\u011f\u0131 g\u00fcn\u00fc yax\u0131nla\u015fd\u0131rd\u0131. 2023-c\u00fc il sentyabr\u0131n 20-d\u0259 c\u0259mi 23 saat 51 d\u0259qiq\u0259 \u0259rzind\u0259 \u00a0Erm\u0259nistan silahl\u0131 q\u00fcvv\u0259l\u0259rinin birl\u0259\u015fm\u0259l\u0259rinin t\u0259slim olma\u011fa m\u0259cbur edilm\u0259si, oktyabr\u0131n 15-d\u0259 is\u0259 Xank\u0259ndid\u0259 Az\u0259rbaycan Bayra\u011f\u0131n\u0131n ucald\u0131lmas\u0131 \u00f6z tarixi \u0259h\u0259miyy\u0259tin\u0259 g\u00f6r\u0259 q\u0131rx d\u00f6rd g\u00fcnl\u00fck m\u00fcharib\u0259 v\u0259 8 noyabr Z\u0259f\u0259r G\u00fcn\u00fcn\u0259 b\u0259rab\u0259r n\u00f6vb\u0259ti parlaq Q\u0259l\u0259b\u0259 olmu\u015fdur. 2023-c\u00fc il sentyabr\u0131n 20-d\u0259 \u0259ld\u0259 olunan Q\u0259l\u0259b\u0259 siyasi v\u0259 m\u0259n\u0259vi \u0259h\u0259miyy\u0259tin\u0259 g\u00f6r\u0259 Z\u0259f\u0259r G\u00fcn\u00fcn\u0259 b\u0259rab\u0259r v\u0259 onu tamamlayan tarixi hadis\u0259 kimi yadda\u015flara yaz\u0131ld\u0131.<\/p>\n<p>Bu g\u00fcn Qaraba\u011f v\u0259 \u015e\u0259rqi Z\u0259ng\u0259zur s\u00fcr\u0259tl\u0259 b\u0259rpa olunur v\u0259 i\u015f\u011faldan azad edilmi\u015f \u0259razil\u0259rimizd\u0259 kompleks yenid\u0259nqurma i\u015fl\u0259ri g\u00fcnd\u0259n-g\u00fcn\u0259 geni\u015fl\u0259nir. Bu istiqam\u0259td\u0259 q\u0131sa m\u00fcdd\u0259td\u0259 \u0259ld\u0259 edil\u0259n u\u011furlar bir daha t\u0259sdiq edir ki, Qaraba\u011f v\u0259 \u015e\u0259rqi Z\u0259ng\u0259zur tezlikl\u0259 \u0259vv\u0259lki \u015f\u00f6hr\u0259tini \u00f6z\u00fcn\u0259 qaytaracaq v\u0259 c\u0259nn\u0259t\u0259 \u00e7evril\u0259c\u0259k.<\/p>\n<p>Az\u0259rbaycan xalq\u0131n\u0131n \u0259zmi v\u0259 irad\u0259si, iqtisadi g\u00fcc\u00fc, m\u00fcasir ordu quruculu\u011fu v\u0259 xalq-iqtidar birliyi \u00f6lk\u0259mizin tarixi Z\u0259f\u0259rini t\u0259min ed\u0259n m\u00fch\u00fcm amill\u0259r oldu. D\u00f6vl\u0259timizin ba\u015f\u00e7\u0131s\u0131 \u0130lham \u018fliyevin Z\u0259f\u0259r G\u00fcn\u00fcn\u00fcn t\u0259sis edilm\u0259si il ba\u011fl\u0131 S\u0259r\u0259ncam\u0131nda da qeyd olundu\u011fu kimi, ulu \u0259cdadlar\u0131m\u0131z\u0131n z\u0259ngin d\u00f6vl\u0259t\u00e7ilik v\u0259 h\u0259rb tarixind\u0259n ilhamlanan Az\u0259rbaycan xalq\u0131 daha bir \u015fanl\u0131 q\u0259hr\u0259manl\u0131q salnam\u0259si yazaraq \u00f6z\u00fcn\u00fcn qalib xalq oldu\u011funu b\u00fct\u00fcn d\u00fcnyaya s\u00fcbut etdi, d\u00fc\u015fm\u0259n \u00fcz\u0259rind\u0259 tarixi Z\u0259f\u0259r \u00e7ald\u0131.\u00a0 H\u0259min s\u0259n\u0259dd\u0259 xalq\u0131m\u0131z\u0131n q\u00fcdr\u0259tinin v\u0259 milli q\u00fcrurumuzun t\u0259nt\u0259n\u0259sin\u0259 \u00e7evril\u0259n, d\u00f6vl\u0259timizin n\u00fcfuzu v\u0259 g\u0259l\u0259c\u0259k inki\u015faf\u0131 bax\u0131m\u0131ndan m\u00fcst\u0259sna \u0259h\u0259miyy\u0259t k\u0259sb ed\u0259n bu misilsiz Q\u0259l\u0259b\u0259nin \u0259b\u0259dil\u0259\u015fdirilm\u0259si m\u0259qs\u0259dil\u0259 h\u0259r il noyabr\u0131n 8-i tarixinin Az\u0259rbaycanda Z\u0259f\u0259r G\u00fcn\u00fc kimi t\u0259nt\u0259n\u0259li \u015f\u0259kild\u0259 qeyd edilm\u0259si \u00f6z \u0259ksini tapm\u0131\u015fd\u0131r.<\/p>\n<p>2020- ci il dekabr\u0131n 10-da Bak\u0131n\u0131n Azadl\u0131q meydan\u0131nda ke\u00e7iril\u0259n parad milli irad\u0259nin, milli ruhun, milli l\u0259yaq\u0259tin Z\u0259f\u0259ri idi. Qarda\u015f T\u00fcrkiy\u0259 C\u00fcmhuriyy\u0259tinin Prezidenti R\u0259c\u0259b Tayyib \u018frdo\u011fan\u0131n i\u015ftirak\u0131 il\u0259 ke\u00e7iril\u0259n bu parad \u0259sl qalibiyy\u0259t y\u00fcr\u00fc\u015f\u00fcn\u0259 \u00e7evrildi. Prezident \u0130lham \u018fliyev paraddak\u0131 \u00e7\u0131x\u0131\u015f\u0131nda bildirmi\u015fdi: \u201cAzadl\u0131q meydan\u0131nda paradlar \u00e7ox ke\u00e7irilib. Ancaq bu parad\u0131n x\u00fcsusi \u00f6n\u0259mi var. Bu, Z\u0259f\u0259r parad\u0131d\u0131r. Bu, tarixi hadis\u0259dir\u201d.<\/p>\n<p><em><strong>Bu g\u00fcn b\u00fct\u00fcn h\u0259yat\u0131n\u0131 Az\u0259rbaycan xalq\u0131na h\u0259sr etmi\u015f v\u0259 \u00f6lk\u0259mizin \u0259razi b\u00fct\u00f6vl\u00fcy\u00fcn\u00fcn b\u0259rpa olunmas\u0131 \u0259n b\u00f6y\u00fck arzusu olan \u00dcmummilli Lider Heyd\u0259r \u018fliyevin ruhu \u015fadd\u0131r<\/strong><\/em><\/p>\n<p>Prezident \u0130lham \u018fliyev h\u0259mi\u015f\u0259 g\u0259l\u0259c\u0259y\u0259 baxan, onillikl\u0259r sonran\u0131 d\u00fc\u015f\u00fcn\u0259n v\u0259 b\u00fct\u00fcn planlar\u0131n\u0131 strateji m\u0259qs\u0259dl\u0259r\u0259 uy\u011fun quran Liderdir. Az\u0259rbaycanda vaxtil\u0259 h\u0259yata ke\u00e7iril\u0259n bir \u00e7ox iqtisadi layih\u0259l\u0259r, siyasi arenada at\u0131lan bir \u00e7ox add\u0131mlar ill\u0259r sonra nec\u0259 tam yeni bir keyfiyy\u0259t yarad\u0131rd\u0131sa, Az\u0259rbaycan\u0131n \u0259razi b\u00fct\u00f6vl\u00fcy\u00fc v\u0259 suverenliyinin b\u0259rpas\u0131 kimi m\u00fcr\u0259kk\u0259b bir m\u0259s\u0259l\u0259nin h\u0259lli d\u0259 \u00f6lk\u0259nin h\u0259rt\u0259r\u0259fli inki\u015faf\u0131 v\u0259 Az\u0259rbaycan\u0131n f\u0259al diplomatiyas\u0131ndan qidalanaraq uzunm\u00fcdd\u0259tli perspektiv\u0259 hesablanan \u00e7oxgedi\u015fli siyasi kombinasiyan\u0131n realla\u015fd\u0131r\u0131lmas\u0131 n\u0259tic\u0259sind\u0259 m\u00fcmk\u00fcn ola bil\u0259rdi. C\u0259nab \u0130lham \u018fliyevin b\u00f6y\u00fckl\u00fcy\u00fc, uzaqg\u00f6r\u0259nliyi v\u0259 siyasi m\u0259har\u0259tinin qay\u0259sini t\u0259\u015fkil ed\u0259n h\u0259qiq\u0259t ondan ibar\u0259tdir ki, O, b\u00f6y\u00fck ustal\u0131qla qurdu\u011fu m\u00fcr\u0259kk\u0259b sxemin h\u0259r bir detal\u0131n\u0131 inc\u0259likl\u0259, z\u0259rg\u0259r d\u0259qiqliyi il\u0259 i\u015fl\u0259di, \u00f6z xalq\u0131na g\u00fcv\u0259n\u0259r\u0259k, ondan g\u00fcc alaraq b\u00fct\u00fcn d\u00fcnyan\u0131 haql\u0131 oldu\u011fumuza inand\u0131rd\u0131, bu m\u0259s\u0259l\u0259d\u0259 mane\u0259 olan g\u00fccl\u0259rin m\u00fcqavim\u0259tini s\u0131nd\u0131rd\u0131 v\u0259 tarixi \u0259dal\u0259ti b\u0259rpa etdi. Milli lider x\u00fcsusiyy\u0259tl\u0259rinin v\u0259 keyfiyy\u0259tinin da\u015f\u0131y\u0131c\u0131s\u0131 olan Prezident \u0130lham \u018fliyev m\u00fcharib\u0259d\u0259n sonrak\u0131 3 il \u0259rzind\u0259 tarixi \u0259h\u0259miyy\u0259t k\u0259sb ed\u0259n bir proses realla\u015fd\u0131rd\u0131 v\u0259 \u00fcz\u0259rin\u0259 g\u00f6t\u00fcrd\u00fcy\u00fc tarixi missiyan\u0131 ba\u015fa \u00e7atd\u0131rd\u0131;<\/p>\n<p>\u0130ndi tam \u0259minlikl\u0259 dem\u0259k olar ki, bu g\u00fcn b\u00fct\u00fcn h\u0259yat\u0131n\u0131 Az\u0259rbaycan xalq\u0131na h\u0259sr etmi\u015f v\u0259 \u00f6lk\u0259mizin \u0259razi b\u00fct\u00f6vl\u00fcy\u00fcn\u00fcn b\u0259rpa olunmas\u0131 \u0259n b\u00f6y\u00fck arzusu olan \u00dcmummilli Lider Heyd\u0259r \u018fliyevin ruhu \u015fadd\u0131r. Bu g\u00fcn z\u0259ngin tariximizin m\u00fcxt\u0259lif m\u0259rh\u0259l\u0259l\u0259rind\u0259 xalq\u0131m\u0131z\u0131 v\u0259 d\u00f6vl\u0259timizi q\u0259l\u0259b\u0259d\u0259n q\u0259l\u0259b\u0259y\u0259 aparm\u0131\u015f Cavan\u015fir, Atab\u0259y \u015e\u0259ms\u0259ddin Eld\u0259niz, M\u0259h\u0259mm\u0259d Cahan P\u0259hl\u0259van kimi h\u00f6kmdarlar\u0131n, \u015eah \u0130smay\u0131l\u00a0 X\u0259tainin ruhu \u015fadd\u0131r&#8230;<\/p>\n","protected":false},"excerpt":{"rendered":"<p>M\u00fcz\u0259ff\u0259r Ali Ba\u015f Komandan \u0130lham \u018fliyevin\u00a0r\u0259hb\u0259rliyi il\u0259 q\u0131rx d\u00f6rd g\u00fcnd\u0259\u00a0xalq\u0131m\u0131z\u0131n \u00e7ox\u0259srlik\u00a0tarixinin\u00a0\u0259n\u00a0\u015fanl\u0131 s\u0259hif\u0259si\u00a0yaz\u0131ld\u0131 T\u0259cav\u00fczkar Erm\u0259nistan\u0131n silahl\u0131 q\u00fcvv\u0259l\u0259ri 2020-ci il sentyabr\u0131n 27-d\u0259 s\u0259h\u0259r saatlar\u0131nda c\u0259bh\u0259boyu zonada yerl\u0259\u015f\u0259n Az\u0259rbaycan Ordusunun m\u00f6vqel\u0259rini v\u0259 ya\u015fay\u0131\u015f m\u0259nt\u0259q\u0259l\u0259rini iri\u00e7apl\u0131 silahlar, minaatanlar v\u0259 m\u00fcxt\u0259lif \u00e7apl\u0131 artilleriya qur\u011fular\u0131ndan intensiv at\u0259\u015f\u0259 tutdu. Erm\u0259nistan ordusu t\u0259r\u0259find\u0259n T\u0259rt\u0259r, A\u011fdam, F\u00fczuli v\u0259 C\u0259bray\u0131l rayonlar\u0131n\u0131n bir s\u0131ra k\u0259ndl\u0259rinin intensiv at\u0259\u015f\u0259 tutulmas\u0131 n\u0259tic\u0259sind\u0259 m\u00fclki Az\u0259rbaycan \u0259halisi aras\u0131nda h\u0259lak olan v\u0259 yaralananlar oldu, m\u00fclki infrastruktur obyektl\u0259rin\u0259 ciddi ziyan d\u0259ydi. \u0130\u015f\u011fal\u00e7\u0131 Erm\u0259nistan\u0131n bu n\u00f6vb\u0259ti t\u0259xribat\u0131n\u0131n qar\u015f\u0131s\u0131n\u0131 almaq, m\u00fclki \u0259halini qorumaq \u00fc\u00e7\u00fcn Az\u0259rbaycan Ordusu c\u0259bh\u0259 boyunca \u0259ks-h\u00fccum \u0259m\u0259liyyat\u0131na&hellip;<\/p>\n","protected":false},"author":2,"featured_media":652128,"comment_status":"closed","ping_status":"closed","sticky":false,"template":"","format":"standard","meta":{"om_disable_all_campaigns":false,"_monsterinsights_skip_tracking":false,"_monsterinsights_sitenote_active":false,"_monsterinsights_sitenote_note":"","_monsterinsights_sitenote_category":0},"categories":[19],"tags":[],"aioseo_notices":[],"gutentor_comment":0,"rttpg_featured_image_url":{"full":["https:\/\/arantv.az\/wp-content\/uploads\/2023\/11\/f51238cd169684304359662559310666134.jpg",975,540,false],"landscape":["https:\/\/arantv.az\/wp-content\/uploads\/2023\/11\/f51238cd169684304359662559310666134.jpg",975,540,false],"portraits":["https:\/\/arantv.az\/wp-content\/uploads\/2023\/11\/f51238cd169684304359662559310666134.jpg",975,540,false],"thumbnail":["https:\/\/arantv.az\/wp-content\/uploads\/2023\/11\/f51238cd169684304359662559310666134-500x280.jpg",500,280,true],"medium":["https:\/\/arantv.az\/wp-content\/uploads\/2023\/11\/f51238cd169684304359662559310666134-660x365.jpg",660,365,true],"large":["https:\/\/arantv.az\/wp-content\/uploads\/2023\/11\/f51238cd169684304359662559310666134-840x465.jpg",640,354,true],"1536x1536":["https:\/\/arantv.az\/wp-content\/uploads\/2023\/11\/f51238cd169684304359662559310666134.jpg",975,540,false],"2048x2048":["https:\/\/arantv.az\/wp-content\/uploads\/2023\/11\/f51238cd169684304359662559310666134.jpg",975,540,false],"post-thumbnail":["https:\/\/arantv.az\/wp-content\/uploads\/2023\/11\/f51238cd169684304359662559310666134-240x172.jpg",240,172,true],"advps-thumb-one":["https:\/\/arantv.az\/wp-content\/uploads\/2023\/11\/f51238cd169684304359662559310666134.jpg",975,540,false]},"rttpg_author":{"display_name":"V\u00fcsal Rafiqo\u011flu","author_link":"https:\/\/arantv.az\/?author=2"},"rttpg_comment":0,"rttpg_category":"<a href=\"https:\/\/arantv.az\/?cat=19\" rel=\"category\">G\u00fcnd\u0259m<\/a>","rttpg_excerpt":"M\u00fcz\u0259ff\u0259r Ali Ba\u015f Komandan \u0130lham \u018fliyevin\u00a0r\u0259hb\u0259rliyi il\u0259 q\u0131rx d\u00f6rd g\u00fcnd\u0259\u00a0xalq\u0131m\u0131z\u0131n \u00e7ox\u0259srlik\u00a0tarixinin\u00a0\u0259n\u00a0\u015fanl\u0131 s\u0259hif\u0259si\u00a0yaz\u0131ld\u0131 T\u0259cav\u00fczkar Erm\u0259nistan\u0131n silahl\u0131 q\u00fcvv\u0259l\u0259ri 2020-ci il sentyabr\u0131n 27-d\u0259 s\u0259h\u0259r saatlar\u0131nda c\u0259bh\u0259boyu zonada yerl\u0259\u015f\u0259n Az\u0259rbaycan Ordusunun m\u00f6vqel\u0259rini v\u0259 ya\u015fay\u0131\u015f m\u0259nt\u0259q\u0259l\u0259rini iri\u00e7apl\u0131 silahlar, minaatanlar v\u0259 m\u00fcxt\u0259lif \u00e7apl\u0131 artilleriya qur\u011fular\u0131ndan intensiv at\u0259\u015f\u0259 tutdu. Erm\u0259nistan ordusu t\u0259r\u0259find\u0259n T\u0259rt\u0259r, A\u011fdam, F\u00fczuli v\u0259 C\u0259bray\u0131l rayonlar\u0131n\u0131n bir s\u0131ra k\u0259ndl\u0259rinin intensiv&hellip;","_links":{"self":[{"href":"https:\/\/arantv.az\/index.php?rest_route=\/wp\/v2\/posts\/652124"}],"collection":[{"href":"https:\/\/arantv.az\/index.php?rest_route=\/wp\/v2\/posts"}],"about":[{"href":"https:\/\/arantv.az\/index.php?rest_route=\/wp\/v2\/types\/post"}],"author":[{"embeddable":true,"href":"https:\/\/arantv.az\/index.php?rest_route=\/wp\/v2\/users\/2"}],"replies":[{"embeddable":true,"href":"https:\/\/arantv.az\/index.php?rest_route=%2Fwp%2Fv2%2Fcomments&post=652124"}],"version-history":[{"count":0,"href":"https:\/\/arantv.az\/index.php?rest_route=\/wp\/v2\/posts\/652124\/revisions"}],"wp:featuredmedia":[{"embeddable":true,"href":"https:\/\/arantv.az\/index.php?rest_route=\/wp\/v2\/media\/652128"}],"wp:attachment":[{"href":"https:\/\/arantv.az\/index.php?rest_route=%2Fwp%2Fv2%2Fmedia&parent=652124"}],"wp:term":[{"taxonomy":"category","embeddable":true,"href":"https:\/\/arantv.az\/index.php?rest_route=%2Fwp%2Fv2%2Fcategories&post=652124"},{"taxonomy":"post_tag","embeddable":true,"href":"https:\/\/arantv.az\/index.php?rest_route=%2Fwp%2Fv2%2Ftags&post=652124"}],"curies":[{"name":"wp","href":"https:\/\/api.w.org\/{rel}","templated":true}]}}