{"id":652127,"date":"2023-11-02T08:57:34","date_gmt":"2023-11-02T04:57:34","guid":{"rendered":"https:\/\/arantv.az\/?p=652127"},"modified":"2023-11-02T08:57:34","modified_gmt":"2023-11-02T04:57:34","slug":"biz-mutl%c9%99q-qayidacagiq","status":"publish","type":"post","link":"https:\/\/arantv.az\/?p=652127","title":{"rendered":"Biz m\u00fctl\u0259q qay\u0131daca\u011f\u0131q!!!"},"content":{"rendered":"<p><em><strong>Prezident \u0130lham \u018fliyev: M\u0259n \u0259min\u0259m ki, bu g\u00fcn g\u0259l\u0259c\u0259k v\u0259 \u0259min\u0259m ki, q\u0259rbi az\u0259rbaycanl\u0131lar b\u00f6y\u00fck co\u015fqu v\u0259 h\u0259v\u0259sl\u0259 \u00f6z do\u011fma torpaqlar\u0131na qay\u0131d\u0131b orada ya\u015fayacaqlar<\/strong><\/em><\/p>\n<p>\u0130kinci Qaraba\u011f m\u00fcharib\u0259sind\u0259 parlaq Q\u0259l\u0259b\u0259y\u0259 nail olan Az\u0259rbaycan Ordusu n\u00f6vb\u0259ti tarixi Z\u0259f\u0259rini \u00a02023-c\u00fc ili sentyabr\u0131n 19-da bir g\u00fcnl\u00fck lokal antiterror t\u0259dbirl\u0259ri il\u0259 qazand\u0131. Bununla da qondarma \u00abdqr\u00bb bird\u0259f\u0259lik\u00a0 m\u0259hv edildi. Onun qondarma \u00abliderl\u0259ri\u00bb is\u0259 h\u0259bs edil\u0259r\u0259k Az\u0259rbaycan d\u00f6vl\u0259tinin \u0259dal\u0259t m\u00fchakim\u0259sin\u0259 t\u0259hvil verildi.<\/p>\n<p>T\u0259bii ki, bu\u00a0 z\u0259f\u0259rl\u0259rd\u0259n sonra\u00a0 Az\u0259rbaycan d\u00f6vl\u0259tinin n\u00f6vb\u0259ti tarixi missiyas\u0131 Q\u0259rbi az\u0259rbaycanl\u0131lar\u0131n pozulan h\u00fcquqlar\u0131n\u0131 b\u0259rpa ed\u0259r\u0259k onlar\u0131 \u0259z\u0259li yurdlar\u0131na qovu\u015fdurmaqd\u0131r. Prezident \u0130lham \u018fliyev 2022-ci ilin dekabr\u0131n 24-d\u0259 Q\u0259rbi Az\u0259rbaycandan olan bir qrup ziyal\u0131 il\u0259 g\u00f6r\u00fc\u015f\u00fcnd\u0259 a\u00e7\u0131q \u015f\u0259kild\u0259 bildirib ki, vaxtil\u0259 yurdundan deportasiya edil\u0259n y\u00fcz minl\u0259rl\u0259 Q\u0259rbi az\u0259rbaycanl\u0131 soyda\u015flar\u0131m\u0131z da tarixi torpaqlar\u0131na qovu\u015facaqlar: \u00ab\u018fmin\u0259m ki, g\u00fcn g\u0259l\u0259c\u0259k v\u0259 Q\u0259rbi Az\u0259rbaycandan olan soyda\u015flar\u0131m\u0131z, onlar\u0131n yax\u0131nlar\u0131, u\u015faqlar\u0131, n\u0259v\u0259l\u0259ri tarixi diyar\u0131m\u0131z olan Q\u0259rbi Az\u0259rbaycana qay\u0131dacaqlar. M\u0259n \u0259min\u0259m ki, bu g\u00fcn g\u0259l\u0259c\u0259k v\u0259 \u0259min\u0259m ki, Q\u0259rbi az\u0259rbaycanl\u0131lar b\u00f6y\u00fck co\u015fqu v\u0259 h\u0259v\u0259sl\u0259 \u00f6z do\u011fma torpaqlar\u0131na qay\u0131d\u0131b orada ya\u015fayacaqlar.\u00bb<\/p>\n<p>Ac\u0131 h\u0259qiq\u0259tdir ki, XIX \u0259srd\u0259 \u00c7ar Rusiyas\u0131 t\u0259r\u0259find\u0259n T\u00fcrkiy\u0259 \u00a0v\u0259 \u0130ran \u0259razisind\u0259n erm\u0259nil\u0259rin k\u00fctl\u0259vi \u015f\u0259kild\u0259 C\u0259nubi Qafqaza k\u00f6\u00e7\u00fcr\u00fclm\u0259si il\u0259 az\u0259rbaycanl\u0131lar\u0131n \u00f6z tarixi torpaqlar\u0131nda s\u0131x\u0131\u015fd\u0131r\u0131lmas\u0131 prosesin\u0259 ba\u015flan\u0131ld\u0131. XX \u0259srin \u0259vv\u0259ll\u0259rind\u0259 az\u0259rbaycanl\u0131lara qar\u015f\u0131 m\u0259qs\u0259dy\u00f6nl\u00fc \u015f\u0259kild\u0259 h\u0259yata ke\u00e7irilmi\u015f etnik t\u0259mizl\u0259m\u0259, soyq\u0131r\u0131m\u0131 siyas\u0259ti n\u0259tic\u0259sind\u0259 xalq\u0131m\u0131z a\u011f\u0131r m\u0259hrumiyy\u0259tl\u0259rl\u0259, faci\u0259l\u0259rl\u0259 \u00fczl\u0259\u015fdi. 1918-1920-ci ill\u0259rd\u0259 y\u00fcz minl\u0259rl\u0259 az\u0259rbaycanl\u0131 q\u0259tl\u0259 yetirilib, \u00f6z yurdlar\u0131n\u0131 t\u0259rk etm\u0259k m\u0259cburiyy\u0259tind\u0259 qalaraq qa\u00e7q\u0131na \u00e7evrilib, y\u00fczl\u0259rl\u0259 Az\u0259rbaycan k\u0259ndi yer \u00fcz\u00fcnd\u0259n silinib. Prezident \u0130lham \u018fliyev qeyd edib ki, 1920-ci ild\u0259 sovet h\u00f6kum\u0259tinin q\u0259rar\u0131 v\u0259 erm\u0259ni mill\u0259t\u00e7il\u0259rinin t\u0259kidi il\u0259 bizim dig\u0259r tarixi torpa\u011f\u0131m\u0131z Z\u0259ng\u0259zuru da Az\u0259rbaycandan ay\u0131r\u0131b Erm\u0259nistana birl\u0259\u015fdirdil\u0259r. D\u00f6vl\u0259t ba\u015f\u00e7\u0131s\u0131 bunu xalq\u0131m\u0131za qar\u015f\u0131 n\u00f6vb\u0259ti cinay\u0259t kimi qiym\u0259tl\u0259ndirib: &#8220;Z\u0259ng\u0259zurun Erm\u0259nistana verilm\u0259si bir daha onu g\u00f6st\u0259rir ki, bu, \u00e7ox yanl\u0131\u015f, s\u0259hv add\u0131m idi v\u0259 dediyim kimi x\u0259yan\u0259t idi&#8221;.<\/p>\n<p>Tarixin t\u0259krarlanan d\u00f6n\u0259ml\u0259rind\u0259 az\u0259rbacanl\u0131lar bir \u00e7ox deportasiyalara m\u0259ruz qal\u0131b. Bel\u0259 ki, 1948-1953-c\u00fc ill\u0259rd\u0259 xalq\u0131m\u0131z n\u00f6vb\u0259ti d\u0259f\u0259\u00a0 Q\u0259rbi Az\u0259rbaycandak\u0131 \u00a0\u00f6z do\u011fma torpaqlar\u0131ndan \u00a0deportasiya edilibl\u0259r. Erm\u0259nil\u0259r SSR\u0130 Nazirl\u0259r Sovetinin 23 dekabr 1947-ci il tarixli \u00a0\u00abErm\u0259nistan SSR-d\u0259n kolxoz\u00e7ular\u0131n v\u0259 ba\u015fqa az\u0259rbaycanl\u0131 \u0259halinin Az\u0259rbaycan SSR-in K\u00fcr-Araz oval\u0131\u011f\u0131na k\u00f6\u00e7\u00fcr\u00fclm\u0259si haqq\u0131nda\u00bb x\u00fcsusi q\u0259rar\u0131na v\u0259 1948-1953-c\u00fc ill\u0259rd\u0259 az\u0259rbaycanl\u0131lar\u0131n \u00f6z tarixi torpaqlar\u0131ndan k\u00fctl\u0259vi sur\u0259td\u0259 deportasiyas\u0131na d\u00f6vl\u0259t s\u0259viyy\u0259sind\u0259 nail olublar.<\/p>\n<p>B\u0259li, tarixi m\u0259nb\u0259l\u0259r\u0259 n\u0259z\u0259r salanda ayd\u0131n \u015f\u0259kild\u0259 g\u00f6r\u00fcn\u00fcr ki, \u00a0son bir \u0259srd\u0259 erm\u0259nil\u0259r Az\u0259rbaycan xalq\u0131na qar\u015f\u0131 etnik t\u0259mizl\u0259m\u0259, soyq\u0131r\u0131m\u0131 siyas\u0259ti y\u00fcr\u00fcd\u00fcbl\u0259r. M\u0259rh\u0259l\u0259li \u015f\u0259kild\u0259 h\u0259yata ke\u00e7iril\u0259n m\u0259krli planlar n\u0259tic\u0259sind\u0259 az\u0259rbaycanl\u0131lar indi Erm\u0259nistan adland\u0131r\u0131lan \u0259razid\u0259n &#8211; tarixi torpaqlar\u0131ndan qovulublar, k\u00fctl\u0259vi soyq\u0131r\u0131mlara m\u0259ruz qal\u0131blar. Xalq\u0131m\u0131z\u0131n taleyind\u0259 faci\u0259vi rol oynam\u0131\u015f tarixi faktlardan biri d\u0259 \u00f6t\u0259n \u0259srin \u0259vv\u0259ll\u0259rind\u0259 \u00a0bol\u015fevik Rusiyas\u0131n\u0131n yaratd\u0131\u011f\u0131 qondarma Erm\u0259nistana\u00a0 tarixi \u015f\u0259h\u0259rimiz \u0130r\u0259van\u0131n verilm\u0259si oldu. O d\u00f6vrd\u0259 Az\u0259rbaycan Xalq C\u00fcmhuriyy\u0259tinin\u00a0 z\u0259ifliyi d\u0259 \u0130r\u0259van\u0131n erm\u0259nil\u0259r\u0259 verilm\u0259sin\u0259 \u015f\u0259rait yaratd\u0131. Bununla kifay\u0259tl\u0259nm\u0259y\u0259n erm\u0259nil\u0259r 1920-ci ild\u0259 Z\u0259ng\u0259zuru v\u0259 Az\u0259rbaycan\u0131n bir s\u0131ra dig\u0259r torpaqlar\u0131n\u0131 da sovet hakimiyy\u0259tinin k\u00f6m\u0259yi il\u0259 Erm\u0259nistana birl\u0259\u015fdirdil\u0259r.<\/p>\n<p>1980-ci ill\u0259rin sonlar\u0131nda is\u0259 erm\u0259ni mill\u0259t\u00e7il\u0259ri n\u00f6vb\u0259ti d\u0259f\u0259 xalq\u0131m\u0131za qar\u015f\u0131 soyq\u0131r\u0131m\u0131 v\u0259 deportasya planlar\u0131n\u0131 i\u015f\u0259 sald\u0131lar. Bel\u0259 ki, Ulu \u00d6nd\u0259r Heyd\u0259r \u018fliyevin 1987-ci ilin oktyabr\u0131nda sovet h\u00f6kum\u0259tind\u0259ki ali v\u0259zif\u0259l\u0259rind\u0259n uzaqla\u015fd\u0131r\u0131lmas\u0131ndan d\u0259rhal sonra erm\u0259ni mill\u0259t\u00e7il\u0259ri SSR\u0130-nin qat\u0131 erm\u0259nip\u0259r\u0259st r\u0259hb\u0259ri Mixail Qorba\u00e7ova arxalanaraq \u00a0h\u0259m Qaraba\u011fda, h\u0259m d\u0259 Erm\u0259nistan SSR-d\u0259 xalq\u0131m\u0131za qar\u015f\u0131 n\u00f6vb\u0259ti soyq\u0131r\u0131ma ba\u015flad\u0131lar. N\u0259tic\u0259d\u0259 q\u0131sa m\u00fcdd\u0259td\u0259 az\u0259rbaycanl\u0131lar tarixi torpaqlar\u0131ndan- Q\u0259rbi Az\u0259rbaycandan tamamil\u0259 deportasiya edildil\u0259r.\u00a0Bu deportasiya il\u0259 kifay\u0259tl\u0259nm\u0259y\u0259n barbar erm\u0259nil\u0259r yen\u0259 d\u0259 Rusiyadan h\u0259rbi d\u0259st\u0259k alaraq 1990-1993- c\u00fc ill\u0259rd\u0259\u00a0 Qaraba\u011f\u0131 v\u0259 \u015e\u0259rqi Z\u0259ng\u0259zuru i\u015f\u011fal etdil\u0259r. N\u0259tic\u0259d\u0259 on minl\u0259rl\u0259 az\u0259rbaycanl\u0131 m\u0259hv edildi, 1 milyona yax\u0131n\u0131 is\u0259 qa\u00e7q\u0131n v\u0259 m\u0259cburi k\u00f6\u00e7k\u00fcn\u0259 \u00e7evrildi.<\/p>\n<p>Erm\u0259nil\u0259r tarixin m\u00fcxt\u0259lif d\u00f6n\u0259ml\u0259rind\u0259 q\u0259sb etdikl\u0259ri Az\u0259rbaycan torpaqlar\u0131nda, o c\u00fcml\u0259d\u0259n Q\u0259rbi Az\u0259rbaycanda maddi-m\u0259d\u0259ni irsimiz\u0259 qar\u015f\u0131 soyq\u0131r\u0131m\u0131 siyas\u0259ti h\u0259yata ke\u00e7iribl\u0259r. Tarixi torpaqlar\u0131m\u0131z olan \u0130r\u0259vana, \u00a0Z\u0259ng\u0259zura, G\u00f6y\u00e7\u0259 mahal\u0131na zorla yiy\u0259l\u0259n\u0259n erm\u0259nil\u0259r \u00f6zl\u0259rin\u0259 saxta tarix qura\u015fd\u0131rmaq \u00fc\u00e7\u00fcn ilk n\u00f6vb\u0259d\u0259 o \u0259razil\u0259rd\u0259ki q\u0259dim k\u0259nd v\u0259 q\u0259s\u0259b\u0259l\u0259rimizin adlar\u0131n\u0131 erm\u0259nil\u0259\u015fdiribl\u0259r.<br \/>\nBu g\u00fcn Az\u0259rbaycan d\u00f6vl\u0259tinin strateji h\u0259d\u0259find\u0259 \u015e\u0259rqi Z\u0259ng\u0259zura v\u0259 Qaraba\u011fa qay\u0131td\u0131\u011f\u0131m\u0131z kimi, Q\u0259rbi Az\u0259rbaycana da qay\u0131d\u0131\u015f\u0131 t\u0259min etm\u0259kdir.<\/p>\n<p>B\u0259li, biz Q\u0259rbi Az\u0259rbaycanm\u0131z \u00fc\u00e7\u00fcn q\u0259ribs\u0259diyimiz kimi, Q\u0259rbi Az\u0259rbaycan\u0131m\u0131z da bizim \u00fc\u00e7\u00fcn q\u0259ribs\u0259yib. \u00a0Burada \u015fair Almas Y\u0131ld\u0131r\u0131m\u0131n m\u0259\u015fhur \u015feri yada d\u00fc\u015f\u00fcr:<\/p>\n<p>Az\u0259rbaycan, m\u0259nim baxts\u0131z anam oy\u2026<\/p>\n<p>Ne\u00e7\u0259 ildir h\u0259sr\u0259tinl\u0259 yanam oy\u2026<\/p>\n<p>Amma inan\u0131r\u0131q ki, bizim bu v\u0259t\u0259n h\u0259sr\u0259timiz d\u0259 uzun \u00e7\u0259km\u0259y\u0259c\u0259k. \u00c7\u00fcnki biz bir d\u00f6vl\u0259t\u00a0 v\u0259 mill\u0259t olaraq bu h\u0259sr\u0259ti bit\u0259r\u0259c\u0259k q\u0259d\u0259r g\u00fccl\u00fcy\u00fck, q\u0259tiyy\u0259tliyik, vahidik.<\/p>\n","protected":false},"excerpt":{"rendered":"<p>Prezident \u0130lham \u018fliyev: M\u0259n \u0259min\u0259m ki, bu g\u00fcn g\u0259l\u0259c\u0259k v\u0259 \u0259min\u0259m ki, q\u0259rbi az\u0259rbaycanl\u0131lar b\u00f6y\u00fck co\u015fqu v\u0259 h\u0259v\u0259sl\u0259 \u00f6z do\u011fma torpaqlar\u0131na qay\u0131d\u0131b orada ya\u015fayacaqlar \u0130kinci Qaraba\u011f m\u00fcharib\u0259sind\u0259 parlaq Q\u0259l\u0259b\u0259y\u0259 nail olan Az\u0259rbaycan Ordusu n\u00f6vb\u0259ti tarixi Z\u0259f\u0259rini \u00a02023-c\u00fc ili sentyabr\u0131n 19-da bir g\u00fcnl\u00fck lokal antiterror t\u0259dbirl\u0259ri il\u0259 qazand\u0131. Bununla da qondarma \u00abdqr\u00bb bird\u0259f\u0259lik\u00a0 m\u0259hv edildi. Onun qondarma \u00abliderl\u0259ri\u00bb is\u0259 h\u0259bs edil\u0259r\u0259k Az\u0259rbaycan d\u00f6vl\u0259tinin \u0259dal\u0259t m\u00fchakim\u0259sin\u0259 t\u0259hvil verildi. T\u0259bii ki, bu\u00a0 z\u0259f\u0259rl\u0259rd\u0259n sonra\u00a0 Az\u0259rbaycan d\u00f6vl\u0259tinin n\u00f6vb\u0259ti tarixi missiyas\u0131 Q\u0259rbi az\u0259rbaycanl\u0131lar\u0131n pozulan h\u00fcquqlar\u0131n\u0131 b\u0259rpa ed\u0259r\u0259k onlar\u0131 \u0259z\u0259li yurdlar\u0131na qovu\u015fdurmaqd\u0131r. Prezident \u0130lham \u018fliyev 2022-ci&hellip;<\/p>\n","protected":false},"author":2,"featured_media":652130,"comment_status":"closed","ping_status":"closed","sticky":false,"template":"","format":"standard","meta":{"om_disable_all_campaigns":false,"_monsterinsights_skip_tracking":false,"_monsterinsights_sitenote_active":false,"_monsterinsights_sitenote_note":"","_monsterinsights_sitenote_category":0},"categories":[4],"tags":[],"aioseo_notices":[],"gutentor_comment":0,"rttpg_featured_image_url":{"full":["https:\/\/arantv.az\/wp-content\/uploads\/2023\/11\/4ae67a7d168303736130308129710462264.jpg",975,540,false],"landscape":["https:\/\/arantv.az\/wp-content\/uploads\/2023\/11\/4ae67a7d168303736130308129710462264.jpg",975,540,false],"portraits":["https:\/\/arantv.az\/wp-content\/uploads\/2023\/11\/4ae67a7d168303736130308129710462264.jpg",975,540,false],"thumbnail":["https:\/\/arantv.az\/wp-content\/uploads\/2023\/11\/4ae67a7d168303736130308129710462264-500x280.jpg",500,280,true],"medium":["https:\/\/arantv.az\/wp-content\/uploads\/2023\/11\/4ae67a7d168303736130308129710462264-660x365.jpg",660,365,true],"large":["https:\/\/arantv.az\/wp-content\/uploads\/2023\/11\/4ae67a7d168303736130308129710462264-840x465.jpg",640,354,true],"1536x1536":["https:\/\/arantv.az\/wp-content\/uploads\/2023\/11\/4ae67a7d168303736130308129710462264.jpg",975,540,false],"2048x2048":["https:\/\/arantv.az\/wp-content\/uploads\/2023\/11\/4ae67a7d168303736130308129710462264.jpg",975,540,false],"post-thumbnail":["https:\/\/arantv.az\/wp-content\/uploads\/2023\/11\/4ae67a7d168303736130308129710462264-240x172.jpg",240,172,true],"advps-thumb-one":["https:\/\/arantv.az\/wp-content\/uploads\/2023\/11\/4ae67a7d168303736130308129710462264.jpg",975,540,false]},"rttpg_author":{"display_name":"V\u00fcsal Rafiqo\u011flu","author_link":"https:\/\/arantv.az\/?author=2"},"rttpg_comment":0,"rttpg_category":"<a href=\"https:\/\/arantv.az\/?cat=4\" rel=\"category\">Siyas\u0259t<\/a>","rttpg_excerpt":"Prezident \u0130lham \u018fliyev: M\u0259n \u0259min\u0259m ki, bu g\u00fcn g\u0259l\u0259c\u0259k v\u0259 \u0259min\u0259m ki, q\u0259rbi az\u0259rbaycanl\u0131lar b\u00f6y\u00fck co\u015fqu v\u0259 h\u0259v\u0259sl\u0259 \u00f6z do\u011fma torpaqlar\u0131na qay\u0131d\u0131b orada ya\u015fayacaqlar \u0130kinci Qaraba\u011f m\u00fcharib\u0259sind\u0259 parlaq Q\u0259l\u0259b\u0259y\u0259 nail olan Az\u0259rbaycan Ordusu n\u00f6vb\u0259ti tarixi Z\u0259f\u0259rini \u00a02023-c\u00fc ili sentyabr\u0131n 19-da bir g\u00fcnl\u00fck lokal antiterror t\u0259dbirl\u0259ri il\u0259 qazand\u0131. Bununla da qondarma \u00abdqr\u00bb bird\u0259f\u0259lik\u00a0 m\u0259hv edildi. Onun&hellip;","_links":{"self":[{"href":"https:\/\/arantv.az\/index.php?rest_route=\/wp\/v2\/posts\/652127"}],"collection":[{"href":"https:\/\/arantv.az\/index.php?rest_route=\/wp\/v2\/posts"}],"about":[{"href":"https:\/\/arantv.az\/index.php?rest_route=\/wp\/v2\/types\/post"}],"author":[{"embeddable":true,"href":"https:\/\/arantv.az\/index.php?rest_route=\/wp\/v2\/users\/2"}],"replies":[{"embeddable":true,"href":"https:\/\/arantv.az\/index.php?rest_route=%2Fwp%2Fv2%2Fcomments&post=652127"}],"version-history":[{"count":0,"href":"https:\/\/arantv.az\/index.php?rest_route=\/wp\/v2\/posts\/652127\/revisions"}],"wp:featuredmedia":[{"embeddable":true,"href":"https:\/\/arantv.az\/index.php?rest_route=\/wp\/v2\/media\/652130"}],"wp:attachment":[{"href":"https:\/\/arantv.az\/index.php?rest_route=%2Fwp%2Fv2%2Fmedia&parent=652127"}],"wp:term":[{"taxonomy":"category","embeddable":true,"href":"https:\/\/arantv.az\/index.php?rest_route=%2Fwp%2Fv2%2Fcategories&post=652127"},{"taxonomy":"post_tag","embeddable":true,"href":"https:\/\/arantv.az\/index.php?rest_route=%2Fwp%2Fv2%2Ftags&post=652127"}],"curies":[{"name":"wp","href":"https:\/\/api.w.org\/{rel}","templated":true}]}}