{"id":652139,"date":"2023-11-02T08:59:53","date_gmt":"2023-11-02T04:59:53","guid":{"rendered":"https:\/\/arantv.az\/?p=652139"},"modified":"2023-11-02T08:59:53","modified_gmt":"2023-11-02T04:59:53","slug":"turk-zamani","status":"publish","type":"post","link":"https:\/\/arantv.az\/?p=652139","title":{"rendered":"\u00abT\u00fcrk zaman\u0131!\u00bb"},"content":{"rendered":"<p><em><strong>T\u00fcrk D\u00f6vl\u0259tl\u0259ri T\u0259\u015fkilat\u0131n\u0131n noyabr\u0131n 3-d\u0259 Qazax\u0131stan\u0131n paytaxt\u0131 Astanada bu deviz alt\u0131nda ke\u00e7iril\u0259c\u0259k Zirv\u0259 g\u00f6r\u00fc\u015f\u00fcnd\u0259 quruma \u00fczv \u00f6lk\u0259l\u0259rin \u00fcmumi maraqlar\u0131n\u0131 ifad\u0259 ed\u0259c\u0259k m\u00fch\u00fcm m\u0259s\u0259l\u0259l\u0259r m\u00fczakir\u0259 olunacaq<\/strong><\/em><\/p>\n<p>3 oktyabr 2009-cu ild\u0259 Nax\u00e7\u0131vanda T\u00fcrkdilli \u00f6lk\u0259l\u0259rin d\u00f6vl\u0259t ba\u015f\u00e7\u0131lar\u0131n\u0131n IX Zirv\u0259 g\u00f6r\u00fc\u015f\u00fcnd\u0259 q\u0259bul olunan B\u0259yannam\u0259 \u0259sas\u0131nda yarad\u0131lan T\u00fcrk D\u00f6vl\u0259tl\u0259ri \u018fm\u0259kda\u015fl\u0131q \u015euras\u0131 beyn\u0259lxalq t\u0259\u015fkilat kimi t\u00fcrk d\u00fcnyas\u0131n\u0131n birliyinin m\u00f6hk\u0259ml\u0259nm\u0259sind\u0259 \u00f6n\u0259mli inki\u015faf yolu ke\u00e7di. Haz\u0131rda T\u00fcrk D\u00f6vl\u0259tl\u0259ri T\u0259\u015fkilat\u0131 (TDT) kimi f\u0259aliyy\u0259tini m\u00fcasir d\u00f6vr\u00fcn t\u0259l\u0259bl\u0259rin\u0259 uy\u011fun, geni\u015f miqyasda davam etdir\u0259n qurum beyn\u0259lxalq \u0259h\u0259miyy\u0259tli m\u00fch\u00fcm siyasi, iqtisadi, humanitar m\u0259s\u0259l\u0259l\u0259rin m\u00fcakir\u0259sind\u0259 i\u015ftirak ed\u0259n v\u0259 f\u0259aliyy\u0259ti d\u0259y\u0259rl\u0259ndiril\u0259n t\u0259\u015fkilat kimi tan\u0131n\u0131r. Nax\u00e7\u0131van B\u0259yannam\u0259sind\u0259 qeyd olundu\u011fu kimi, tarixi hadis\u0259l\u0259rin v\u0259 geosiyasi d\u0259yi\u015fikl\u0259rin t\u0259l\u0259bin\u0259 uy\u011fun yarad\u0131lan t\u0259\u015fkilat t\u00fcrk d\u00f6vl\u0259tl\u0259rinin birlik platformas\u0131 olmaqla qar\u015f\u0131ya qoyulan v\u0259zif\u0259l\u0259rin h\u0259llind\u0259 sars\u0131lmaz g\u00fcc oldu\u011funu t\u0259sdiql\u0259di. Bununla da b\u00f6y\u00fck ideala, ox\u015far tarix\u0259, k\u00f6kl\u0259r\u0259, ad\u0259t-\u0259n\u0259n\u0259l\u0259r\u0259 malik, \u015e\u0259rql\u0259 Q\u0259rb aras\u0131nda yerl\u0259\u015f\u0259n t\u00fcrk d\u00f6vl\u0259tl\u0259rinin siyasi inteqrasiyas\u0131na do\u011fru m\u00fch\u00fcm add\u0131mlar at\u0131ld\u0131. Qlobal enerji, n\u0259qliyyat layih\u0259l\u0259rinin, k\u0259m\u0259rl\u0259rinin t\u0259hl\u00fck\u0259siz ke\u00e7idinin t\u00fcrk d\u00f6vl\u0259tl\u0259rinin s\u0259rh\u0259dl\u0259ri daxilind\u0259 yerl\u0259\u015fm\u0259si d\u0259 TDT \u00fc\u00e7\u00fcn \u0259lveri\u015fli imkanlar yarad\u0131r. Haz\u0131rda BMT, \u0130slam \u018fm\u0259kda\u015fl\u0131q T\u0259\u015fkilat\u0131, AT\u018fT, \u0130qtisadi \u018fm\u0259kda\u015fl\u0131q T\u0259\u015fkilat\u0131 kimi qurumlarla s\u0259m\u0259r\u0259li \u0259m\u0259kda\u015fl\u0131q ed\u0259n TDT, T\u00dcRKSOY, T\u00fcrk M\u0259d\u0259niyy\u0259ti v\u0259 \u0130rsi Fondu, T\u00fcrk Akademiyas\u0131 z\u0259ngin m\u0259d\u0259ni irsimizin t\u0259dqiqind\u0259, maddi v\u0259 m\u0259n\u0259vi d\u0259y\u0259rl\u0259rimizin d\u00fcnyada t\u0259bli\u011find\u0259 \u0259h\u0259miyy\u0259tli rol oynay\u0131r. T\u00fcrkdilli \u00d6lk\u0259l\u0259rin Parlament Assambleyas\u0131 u\u011furla f\u0259aliyy\u0259t g\u00f6st\u0259rir v\u0259 bir ne\u00e7\u0259 d\u00f6vl\u0259tin parlamentl\u0259raras\u0131 qruplar\u0131 il\u0259 s\u0131x \u0259m\u0259kda\u015fl\u0131q edir. M\u0259d\u0259niyy\u0259t, elm, t\u0259hsil, turizm, g\u0259ncl\u0259r v\u0259 idman sah\u0259l\u0259rind\u0259 birg\u0259 f\u0259aliyy\u0259t xalqlar aras\u0131nda dostluq v\u0259 qarda\u015fl\u0131q \u0259laq\u0259l\u0259rinin daha da d\u0259rinl\u0259\u015fm\u0259sin\u0259 xidm\u0259t edir. TDT daxilind\u0259 strateji t\u0259r\u0259fda\u015fl\u0131\u011f\u0131n faydas\u0131n\u0131 \u00ab Biz bilirik ki, beyn\u0259lxalq m\u00fcst\u0259vid\u0259 \u00f6z m\u00f6vqeyini m\u00fcdafi\u0259 etm\u0259k b\u0259zi hallarda o q\u0259d\u0259r d\u0259 asan olmur. Biz birlikd\u0259 olsaq, m\u00fc\u0259yy\u0259n m\u0259s\u0259l\u0259l\u0259rd\u0259 vahid m\u00f6vqed\u0259n \u00e7\u0131x\u0131\u015f ets\u0259k v\u0259 bu birliyi m\u00fct\u0259madi i\u015fl\u0259rl\u0259 m\u00f6hk\u0259ml\u0259ndirs\u0259k, bizim beyn\u0259lxalq m\u00f6vqel\u0259rimiz daha da g\u00fccl\u00fc olacaqd\u0131r\u00bb ifad\u0259si il\u0259 diqq\u0259t\u0259 \u00e7atd\u0131ran Prezident \u0130lham \u018fliyevin s\u00f6zl\u0259ri art\u0131q perspektiv deyil, reall\u0131qd\u0131r. Beyn\u0259lxalq m\u00fcnasib\u0259tl\u0259r sistemind\u0259 adlar\u0131 qo\u015fa \u00e7\u0259kil\u0259n, d\u00fcnya hadis\u0259l\u0259rin\u0259 t\u0259sir imkanlar\u0131 artan, qar\u015f\u0131s\u0131al\u0131nmaz g\u00fcc m\u0259rk\u0259zi kimi tan\u0131nan bu birliyin lokomotivi T\u00fcrkiy\u0259 il\u0259 Az\u0259rbaycan\u0131n qarda\u015fl\u0131\u011f\u0131d\u0131r.<\/p>\n<p>Torpaqlar\u0131m\u0131z\u0131n Erm\u0259nistan\u0131n i\u015f\u011fal\u0131ndan azad edilm\u0259si u\u011frunda 44 g\u00fcn davam ed\u0259n \u0130kinci Qaraba\u011f m\u00fcharib\u0259sind\u0259 daim Az\u0259rbaycanla bir olan T\u00fcrkiy\u0259 ba\u015fda olmaqla b\u00fct\u00fcn t\u00fcrkdilli d\u00f6vl\u0259tl\u0259rin m\u0259n\u0259vi d\u0259st\u0259yi xalq\u0131m\u0131za \u0259lav\u0259 g\u00fcc, q\u00fcvv\u0259t verdi, q\u0259l\u0259b\u0259 \u0259zmini art\u0131rd\u0131. Bak\u0131n\u0131n Azadl\u0131q meydan\u0131nda \u00abD\u0259mir yumruq\u00bb \u0259m\u0259liyyat\u0131n\u0131n Z\u0259f\u0259r m\u00fcjd\u0259si olan h\u0259rbi parad\u0131 t\u00fcrkiy\u0259li h\u0259mkar\u0131 R\u0259c\u0259b Tayyib \u018frdo\u011fan il\u0259 birg\u0259 izl\u0259y\u0259n Prezident \u0130lham \u018fliyevin vur\u011fulad\u0131\u011f\u0131 kimi, Z\u0259f\u0259rimizin h\u0259r iki xalq t\u0259r\u0259find\u0259n t\u0259nt\u0259n\u0259 il\u0259 qeyd edilm\u0259si bu qarda\u015fl\u0131\u011f\u0131n t\u0259nt\u0259n\u0259si idi. \u015eu\u015fada imzalanan M\u00fctt\u0259fiqlik B\u0259yannam\u0259si il\u0259 \u0259m\u0259kda\u015fl\u0131\u011f\u0131n keyfiyy\u0259tc\u0259 yeni m\u0259rh\u0259l\u0259sin\u0259 q\u0259d\u0259m qoyan T\u00fcrkiy\u0259 il\u0259 Az\u0259rbaycan d\u00fcnyan\u0131n enerji, n\u0259qliyyat x\u0259rit\u0259l\u0259rini d\u0259yi\u015f\u0259n qlobal layih\u0259l\u0259rin m\u00fc\u0259llifl\u0259ri kimi yenilikl\u0259r\u0259 birg\u0259 imza atd\u0131lar.<\/p>\n<p>Tarixi s\u0259n\u0259dd\u0259 beyn\u0259lxalq m\u00fcst\u0259vid\u0259 birg\u0259 \u0259m\u0259kda\u015fl\u0131q, siyasi, iqtisadi, h\u0259rbi, ticar\u0259t \u0259laq\u0259l\u0259ri, m\u0259d\u0259niyy\u0259t, t\u0259hsil, idman, g\u0259ncl\u0259r siyas\u0259ti kimi m\u00fch\u00fcm sah\u0259l\u0259rin \u0259hat\u0259 olunmas\u0131, h\u0259r iki d\u00f6vl\u0259tin t\u0259\u015f\u0259bb\u00fcs\u00fc il\u0259 realla\u015fan enerji, n\u0259qliyyat layih\u0259l\u0259rinin \u0259h\u0259miyy\u0259tinin, m\u00fcdafi\u0259 sah\u0259sind\u0259 \u0259m\u0259kda\u015fl\u0131\u011f\u0131n, i\u015f birliyi m\u0259s\u0259l\u0259sinin \u00f6n planda g\u00f6st\u0259rilm\u0259si tarixi nailiyy\u0259tdir. Bu g\u00fcn beyn\u0259lxalq m\u00fcst\u0259vid\u0259 aktual olan Z\u0259ng\u0259zur d\u0259hlizinin a\u00e7\u0131lmas\u0131 il\u0259 ba\u011fl\u0131 B\u0259yannam\u0259d\u0259 \u00e7ox ayd\u0131n ifad\u0259l\u0259rin \u0259ksini tapmas\u0131 bu d\u0259hlizin b\u0259rpas\u0131na mane olanlar\u0131n c\u0259hdl\u0259rinin \u0259sass\u0131z oldu\u011funu t\u0259sdiql\u0259yir. Prezident \u0130lham \u018fliyevin \u00abBu g\u00fcn biz T\u00fcrkiy\u0259ni v\u0259 Az\u0259rbaycan\u0131 d\u0259mir yolu il\u0259, avtomobil yolu il\u0259 birl\u0259\u015fdir\u0259c\u0259k Z\u0259ng\u0259zur d\u0259hlizi haqq\u0131nda n\u0259inki dan\u0131\u015f\u0131r\u0131q, bu d\u0259hlizi \u0259m\u0259li i\u015fl\u0259rl\u0259 yarad\u0131r\u0131q. M\u00fctt\u0259fiqlik haqq\u0131nda imzalanm\u0131\u015f \u015eu\u015fa B\u0259yannam\u0259sind\u0259 bu m\u0259s\u0259l\u0259nin \u0259ks olunmas\u0131 b\u00f6y\u00fck m\u0259na da\u015f\u0131y\u0131r\u00bb s\u00f6zl\u0259ri d\u0259hlizl\u0259 ba\u011fl\u0131 revan\u015fist \u00e7a\u011f\u0131r\u0131\u015flar s\u0259sl\u0259ndir\u0259n Erm\u0259nistan kimi, onun havadarlar\u0131n\u0131 da havaland\u0131r\u0131r.<\/p>\n<p>Bu g\u00fcnl\u0259rd\u0259 \u015eu\u015fada v\u0259 Bak\u0131da I Beyn\u0259lxalq T\u00dcRKSOY Teatr Festival\u0131n\u0131n ke\u00e7irilm\u0259si t\u00fcrk xalqlar\u0131n\u0131n m\u0259d\u0259ni \u0259laq\u0259l\u0259rinin n\u00fcmun\u0259si kimi yadda\u015flarda iz sald\u0131. \u00dcmummilli Lider Heyd\u0259r \u018fliyevin 100 illik, Az\u0259rbaycanda pe\u015f\u0259kar milli teatr\u0131n yarad\u0131lmas\u0131n\u0131n 150, T\u00dcRKSOY-un 30 illik yubileyl\u0259rin\u0259 v\u0259 \u015eu\u015fa \u015f\u0259h\u0259rinin 2023-c\u00fc il \u00fc\u00e7\u00fcn \u00abT\u00fcrk d\u00fcnyas\u0131n\u0131n m\u0259d\u0259niyy\u0259t paytaxt\u0131\u00bb\u201d elan edilm\u0259sin\u0259 h\u0259sr edilmi\u015f festival qarda\u015fl\u0131q, musiqi, s\u00f6z, s\u0259n\u0259t bayram\u0131 idi. Az\u0259rbaycan\u0131n, Qazax\u0131stan\u0131n, Q\u0131r\u011f\u0131z\u0131stan\u0131n, \u00d6zb\u0259kistan\u0131n, T\u00fcrkiy\u0259nin, T\u00fcrkm\u0259nistan\u0131n, \u015eimali Kipr T\u00fcrk C\u00fcmhuriyy\u0259tinin v\u0259 Qaqauz Yeri (Moldova) D\u00f6vl\u0259t teatr r\u0259hb\u0259rl\u0259rinin i\u015ftirak etdikl\u0259ri t\u0259dbird\u0259 t\u00fcrk xalqlar\u0131n\u0131n tarixi etnoslar\u0131 il\u0259 tan\u0131\u015fl\u0131q imkan\u0131 yarand\u0131. Erm\u0259nistan\u0131n i\u015f\u011fal\u0131ndan azad edil\u0259n \u015eu\u015fan\u0131n m\u00fcasir, g\u00f6z\u0259ll\u0259\u015f\u0259n simas\u0131 qonaqlarda xo\u015f t\u0259\u0259ss\u00fcrat yaratd\u0131.<\/p>\n<p>Tarixi \u0130p\u0259k Yolunun \u00fcz\u0259rind\u0259 yerl\u0259\u015f\u0259n, \u015e\u0259rq-Q\u0259rb n\u0259qliyyat d\u0259hlizinin f\u0259al i\u015ftirak\u00e7\u0131s\u0131 olan Az\u0259rbaycan t\u00fcrk d\u00f6vl\u0259tl\u0259ri aras\u0131nda \u0259m\u0259kda\u015fl\u0131\u011f\u0131n geni\u015fl\u0259nm\u0259sin\u0259 d\u0259 \u00f6n\u0259mli t\u00f6hf\u0259l\u0259r verir. T\u00fcrk d\u00f6vl\u0259tl\u0259ri aras\u0131nda birlik v\u0259 h\u0259mr\u0259yliyin m\u00f6hk\u0259ml\u0259nm\u0259sind\u0259 apar\u0131c\u0131 rola malik \u00f6lk\u0259mizin f\u0259all\u0131\u011f\u0131n\u0131 \u00abBiz enerji sah\u0259sind\u0259 \u0259m\u0259kda\u015fl\u0131\u011fa b\u00f6y\u00fck \u0259h\u0259miyy\u0259t veririk. Az\u0259rbaycan bu sah\u0259d\u0259 d\u0259 \u00f6z imkanlar\u0131n\u0131 t\u0259qdim edir. M\u0259rk\u0259zi Asiyadan olan t\u0259r\u0259fda\u015flar\u0131m\u0131z\u0131n enerji resurslar\u0131n\u0131n bir hiss\u0259si Az\u0259rbaycan vasit\u0259sil\u0259 d\u00fcnya bazarlar\u0131na n\u0259ql edilir\u00bb s\u00f6zl\u0259ri il\u0259 ifad\u0259 ed\u0259n Prezident \u0130lham \u018fliyev T\u00fcrkdilli D\u00f6vl\u0259tl\u0259rin X\u00fcsusi Xidm\u0259t Orqanlar\u0131 Konfrans\u0131n\u0131n 22-ci iclas\u0131n\u0131n Bak\u0131da ke\u00e7irilm\u0259sini regional sabitliyin t\u0259min olunmas\u0131 bax\u0131m\u0131ndan da \u00f6n\u0259mli hesab edib. M\u00fcxt\u0259lif vaxtlarda, TDT-y\u0259 daxil olan \u00f6lk\u0259l\u0259rd\u0259 ke\u00e7iril\u0259n, t\u00fcrk d\u00f6vl\u0259tl\u0259rinin \u00fcmimi maraqlar\u0131n\u0131 \u0259ks etdir\u0259n probleml\u0259r\u0259 h\u0259sr olunan Zirv\u0259 g\u00f6r\u00fc\u015fl\u0259ri, toplant\u0131lar tarixi \u0259h\u0259miyy\u0259ti il\u0259 d\u0259 maraq do\u011furur.<\/p>\n<p>Cari ilin fevral ay\u0131nda T\u00fcrkiy\u0259d\u0259 ba\u015f ver\u0259n d\u0259h\u015f\u0259tli z\u0259lz\u0259l\u0259nin da\u011f\u0131d\u0131c\u0131 n\u0259tic\u0259l\u0259rinin aradan qald\u0131r\u0131lmas\u0131nda qarda\u015f \u00f6lk\u0259y\u0259 d\u0259st\u0259k olan Az\u0259rbaycan t\u00fcrk birliyinin sars\u0131lmazl\u0131\u011f\u0131n\u0131 g\u00f6st\u0259rdi. T\u00fcrkiy\u0259d\u0259 ba\u015f ver\u0259n, \u00ab\u0259srin f\u0259lak\u0259ti\u00bb adland\u0131r\u0131lan d\u0259h\u015f\u0259tli z\u0259lz\u0259l\u0259d\u0259n z\u0259r\u0259r \u00e7\u0259k\u0259n qarda\u015f \u00f6lk\u0259y\u0259 b\u00fct\u00fcn istiqam\u0259tl\u0259r \u00fczr\u0259 yard\u0131m ed\u0259n TDT \u00fczvl\u0259rinin birliyi Prezident \u0130lham \u018fliyevin bu s\u00f6zl\u0259rini ger\u00e7\u0259kl\u0259\u015fdirdi: \u00abT\u00fcrk d\u00fcnyas\u0131 b\u00f6y\u00fck bir ail\u0259dir. Bir-birimizin milli maraqlar\u0131n\u0131 n\u0259z\u0259r\u0259 alaraq bundan sonra da qar\u015f\u0131l\u0131ql\u0131 d\u0259st\u0259k v\u0259 h\u0259mr\u0259ylik g\u00f6st\u0259rm\u0259liyik. Siyasi, iqtisadi, ticari, m\u0259d\u0259ni, n\u0259qliyyat, energetika, r\u0259q\u0259msal transformasiya, k\u0259nd t\u0259s\u0259rr\u00fcfat\u0131, turizm sah\u0259l\u0259ri il\u0259 yana\u015f\u0131, t\u0259hl\u00fck\u0259sizlik, m\u00fcdafi\u0259, m\u00fcdafi\u0259 s\u0259nayesi kimi sah\u0259l\u0259rd\u0259 d\u0259 \u0259m\u0259kda\u015fl\u0131\u011f\u0131m\u0131z\u0131 f\u0259alla\u015fd\u0131rmal\u0131y\u0131q.\u00bb Faci\u0259nin ilk anlar\u0131ndan qarda\u015f \u00f6lk\u0259 il\u0259 h\u0259mr\u0259yliyini bildir\u0259n d\u00f6vl\u0259t ba\u015f\u00e7\u0131m\u0131z\u0131n vur\u011fulad\u0131\u011f\u0131 kimi, bu d\u0259st\u0259k Ulu \u00d6nd\u0259r Heyd\u0259r \u018fliyevin \u00abBiz bir mill\u0259t, iki d\u00f6vl\u0259t\u00bb aforizmini bir daha t\u0259sdiql\u0259di. Prezident \u0130lham \u018fliyevin t\u0259\u015f\u0259bb\u00fcs\u00fc il\u0259 Ankarada ke\u00e7iril\u0259n T\u00fcrk D\u00f6vl\u0259tl\u0259ri T\u0259\u015fkilat\u0131n\u0131n F\u00f6vq\u0259lad\u0259 Zirv\u0259 g\u00f6r\u00fc\u015f\u00fc qarda\u015fl\u0131q, h\u0259mr\u0259y\u0259lik n\u00fcmun\u0259si kimi tarix\u0259 yaz\u0131ld\u0131. Faydal\u0131, beyn\u0259lxalq v\u0259 regional \u0259h\u0259miyy\u0259tli t\u0259\u015f\u0259bb\u00fcsl\u0259ri , \u00e7a\u011f\u0131r\u0131\u015flar\u0131 il\u0259 f\u0259rql\u0259n\u0259n Prezident \u0130lham \u018fliyev bu d\u0259f\u0259 d\u0259 \u00f6nd\u0259rliyini g\u00f6st\u0259rdi. \u015eu\u015fada ke\u00e7irilm\u0259si n\u0259z\u0259rd\u0259 tutulan Zirv\u0259 g\u00f6r\u00fc\u015f\u00fcn\u00fcn d\u00f6vl\u0259t ba\u015f\u00e7\u0131m\u0131z \u0130lham \u018fliyevin t\u0259\u015f\u0259bb\u00fcs\u00fc il\u0259 T\u00fcrkiy\u0259d\u0259 t\u0259\u015fkil olunmas\u0131 qarda\u015f \u00f6lk\u0259y\u0259 siyasi, m\u0259n\u0259vi d\u0259st\u0259k idi. Bu, g\u00f6r\u00fc\u015f TDT-nin beyn\u0259lxalq ictimaiyy\u0259t\u0259 t\u00fcrk birliyinin sars\u0131lmazl\u0131q, qar\u015f\u0131l\u0131ql\u0131 d\u0259st\u0259yin v\u0259 h\u00f6rm\u0259tin bariz n\u00fcmun\u0259si oldu.<\/p>\n<p>\u00abF\u0259lak\u0259t &#8211; F\u00f6vq\u0259lad\u0259 hallar\u0131n idar\u0259 edilm\u0259si v\u0259 humanitar yard\u0131m\u00bb\u201d m\u00f6vzusuna h\u0259sr olunan, qarda\u015f \u00f6lk\u0259 il\u0259 birlik n\u00fcmun\u0259si olan Zirv\u0259 g\u00f6r\u00fc\u015f\u00fc TDT daxilind\u0259 \u00e7oxt\u0259r\u0259fli s\u0131x \u0259m\u0259kda\u015fl\u0131q v\u0259 koordinasiya mexanizml\u0259rinin yarad\u0131lmas\u0131na y\u00f6n\u0259l\u0259n h\u0259mr\u0259ylik platformas\u0131 kimi tarix\u0259 yaz\u0131ld\u0131.<\/p>\n<p>Az\u0259rbaycan\u0131n, T\u00fcrkiy\u0259nin, Qazax\u0131stan\u0131n, Q\u0131r\u011f\u0131z\u0131stan\u0131n v\u0259 \u00d6zb\u0259kistan\u0131n \u00fczv, Macar\u0131stan\u0131n, T\u00fcrkm\u0259nistan\u0131n v\u0259 \u015eimali Kipr T\u00fcrk Respublikas\u0131n\u0131n m\u00fc\u015fahid\u0259\u00e7i kimi t\u0259msil olunduqlar\u0131 T\u00fcrk D\u00f6vl\u0259tl\u0259ri T\u0259\u015fkilat\u0131n\u0131n noyabr\u0131n 3-d\u0259 Qazax\u0131stan\u0131n paytaxt\u0131 Astanada ke\u00e7iril\u0259c\u0259k Sammitd\u0259 d\u0259 t\u00fcrk d\u00f6vl\u0259tl\u0259rinin \u00fcmumi maraqlar\u0131n\u0131 ifad\u0259 ed\u0259c\u0259k m\u00fch\u00fcm m\u0259s\u0259l\u0259l\u0259r m\u00fczakir\u0259 olunacaq. \u00abT\u00fcrk zaman\u0131!\u201d\u00bb devizi alt\u0131nda ke\u00e7iril\u0259c\u0259k Sammitind\u0259 t\u00fcrk d\u00f6vl\u0259tl\u0259ri aras\u0131nda iqtisadiyyat, ticar\u0259t, n\u0259qliyyat v\u0259 g\u00f6mr\u00fck sah\u0259l\u0259rind\u0259 \u0259m\u0259kda\u015fl\u0131q m\u0259s\u0259l\u0259l\u0259ri m\u00fczakir\u0259 olunacaq v\u0259 birg\u0259 layih\u0259l\u0259r t\u0259sdiql\u0259n\u0259c\u0259k. D\u00f6vl\u0259tl\u0259r aras\u0131nda \u00e7oxt\u0259r\u0259fli \u0259m\u0259kda\u015fl\u0131\u011f\u0131n \u0259sas istiqam\u0259tl\u0259ri n\u0259z\u0259rd\u0259n ke\u00e7iril\u0259c\u0259k. D\u00fcnyada v\u0259 regionda ba\u015f ver\u0259n siyasi v\u0259 iqtisadi hadis\u0259l\u0259r fonunda t\u00fcrk birliyi \u00fc\u00e7\u00fcn g\u0259r\u0259kli m\u0259s\u0259l\u0259l\u0259rl\u0259 ba\u011fl\u0131 fikir m\u00fcbadil\u0259si apar\u0131lacaq. Sammitd\u0259 bir s\u0131ra m\u00fcvafiq q\u0259tnam\u0259l\u0259rl\u0259 yana\u015f\u0131, Astana Akt\u0131 q\u0259bul olunacaq, Astana Sammiti B\u0259yannam\u0259si imzalanacaq. Zirv\u0259 g\u00f6r\u00fc\u015f\u00fcn\u00fcn sonunda TDT-y\u0259 s\u0259drlik \u00d6zb\u0259kistandan Qazax\u0131stana ke\u00e7\u0259c\u0259k.<\/p>\n","protected":false},"excerpt":{"rendered":"<p>T\u00fcrk D\u00f6vl\u0259tl\u0259ri T\u0259\u015fkilat\u0131n\u0131n noyabr\u0131n 3-d\u0259 Qazax\u0131stan\u0131n paytaxt\u0131 Astanada bu deviz alt\u0131nda ke\u00e7iril\u0259c\u0259k Zirv\u0259 g\u00f6r\u00fc\u015f\u00fcnd\u0259 quruma \u00fczv \u00f6lk\u0259l\u0259rin \u00fcmumi maraqlar\u0131n\u0131 ifad\u0259 ed\u0259c\u0259k m\u00fch\u00fcm m\u0259s\u0259l\u0259l\u0259r m\u00fczakir\u0259 olunacaq 3 oktyabr 2009-cu ild\u0259 Nax\u00e7\u0131vanda T\u00fcrkdilli \u00f6lk\u0259l\u0259rin d\u00f6vl\u0259t ba\u015f\u00e7\u0131lar\u0131n\u0131n IX Zirv\u0259 g\u00f6r\u00fc\u015f\u00fcnd\u0259 q\u0259bul olunan B\u0259yannam\u0259 \u0259sas\u0131nda yarad\u0131lan T\u00fcrk D\u00f6vl\u0259tl\u0259ri \u018fm\u0259kda\u015fl\u0131q \u015euras\u0131 beyn\u0259lxalq t\u0259\u015fkilat kimi t\u00fcrk d\u00fcnyas\u0131n\u0131n birliyinin m\u00f6hk\u0259ml\u0259nm\u0259sind\u0259 \u00f6n\u0259mli inki\u015faf yolu ke\u00e7di. Haz\u0131rda T\u00fcrk D\u00f6vl\u0259tl\u0259ri T\u0259\u015fkilat\u0131 (TDT) kimi f\u0259aliyy\u0259tini m\u00fcasir d\u00f6vr\u00fcn t\u0259l\u0259bl\u0259rin\u0259 uy\u011fun, geni\u015f miqyasda davam etdir\u0259n qurum beyn\u0259lxalq \u0259h\u0259miyy\u0259tli m\u00fch\u00fcm siyasi, iqtisadi, humanitar m\u0259s\u0259l\u0259l\u0259rin m\u00fcakir\u0259sind\u0259 i\u015ftirak ed\u0259n v\u0259 f\u0259aliyy\u0259ti d\u0259y\u0259rl\u0259ndiril\u0259n t\u0259\u015fkilat kimi tan\u0131n\u0131r. Nax\u00e7\u0131van&hellip;<\/p>\n","protected":false},"author":2,"featured_media":652141,"comment_status":"closed","ping_status":"closed","sticky":false,"template":"","format":"standard","meta":{"om_disable_all_campaigns":false,"_monsterinsights_skip_tracking":false,"_monsterinsights_sitenote_active":false,"_monsterinsights_sitenote_note":"","_monsterinsights_sitenote_category":0},"categories":[19],"tags":[],"aioseo_notices":[],"gutentor_comment":0,"rttpg_featured_image_url":{"full":["https:\/\/arantv.az\/wp-content\/uploads\/2023\/11\/7edcfb2d169884643254814934710701448.jpg",975,540,false],"landscape":["https:\/\/arantv.az\/wp-content\/uploads\/2023\/11\/7edcfb2d169884643254814934710701448.jpg",975,540,false],"portraits":["https:\/\/arantv.az\/wp-content\/uploads\/2023\/11\/7edcfb2d169884643254814934710701448.jpg",975,540,false],"thumbnail":["https:\/\/arantv.az\/wp-content\/uploads\/2023\/11\/7edcfb2d169884643254814934710701448-500x280.jpg",500,280,true],"medium":["https:\/\/arantv.az\/wp-content\/uploads\/2023\/11\/7edcfb2d169884643254814934710701448-660x365.jpg",660,365,true],"large":["https:\/\/arantv.az\/wp-content\/uploads\/2023\/11\/7edcfb2d169884643254814934710701448-840x465.jpg",640,354,true],"1536x1536":["https:\/\/arantv.az\/wp-content\/uploads\/2023\/11\/7edcfb2d169884643254814934710701448.jpg",975,540,false],"2048x2048":["https:\/\/arantv.az\/wp-content\/uploads\/2023\/11\/7edcfb2d169884643254814934710701448.jpg",975,540,false],"post-thumbnail":["https:\/\/arantv.az\/wp-content\/uploads\/2023\/11\/7edcfb2d169884643254814934710701448-240x172.jpg",240,172,true],"advps-thumb-one":["https:\/\/arantv.az\/wp-content\/uploads\/2023\/11\/7edcfb2d169884643254814934710701448.jpg",975,540,false]},"rttpg_author":{"display_name":"V\u00fcsal Rafiqo\u011flu","author_link":"https:\/\/arantv.az\/?author=2"},"rttpg_comment":0,"rttpg_category":"<a href=\"https:\/\/arantv.az\/?cat=19\" rel=\"category\">G\u00fcnd\u0259m<\/a>","rttpg_excerpt":"T\u00fcrk D\u00f6vl\u0259tl\u0259ri T\u0259\u015fkilat\u0131n\u0131n noyabr\u0131n 3-d\u0259 Qazax\u0131stan\u0131n paytaxt\u0131 Astanada bu deviz alt\u0131nda ke\u00e7iril\u0259c\u0259k Zirv\u0259 g\u00f6r\u00fc\u015f\u00fcnd\u0259 quruma \u00fczv \u00f6lk\u0259l\u0259rin \u00fcmumi maraqlar\u0131n\u0131 ifad\u0259 ed\u0259c\u0259k m\u00fch\u00fcm m\u0259s\u0259l\u0259l\u0259r m\u00fczakir\u0259 olunacaq 3 oktyabr 2009-cu ild\u0259 Nax\u00e7\u0131vanda T\u00fcrkdilli \u00f6lk\u0259l\u0259rin d\u00f6vl\u0259t ba\u015f\u00e7\u0131lar\u0131n\u0131n IX Zirv\u0259 g\u00f6r\u00fc\u015f\u00fcnd\u0259 q\u0259bul olunan B\u0259yannam\u0259 \u0259sas\u0131nda yarad\u0131lan T\u00fcrk D\u00f6vl\u0259tl\u0259ri \u018fm\u0259kda\u015fl\u0131q \u015euras\u0131 beyn\u0259lxalq t\u0259\u015fkilat kimi t\u00fcrk d\u00fcnyas\u0131n\u0131n birliyinin m\u00f6hk\u0259ml\u0259nm\u0259sind\u0259 \u00f6n\u0259mli inki\u015faf&hellip;","_links":{"self":[{"href":"https:\/\/arantv.az\/index.php?rest_route=\/wp\/v2\/posts\/652139"}],"collection":[{"href":"https:\/\/arantv.az\/index.php?rest_route=\/wp\/v2\/posts"}],"about":[{"href":"https:\/\/arantv.az\/index.php?rest_route=\/wp\/v2\/types\/post"}],"author":[{"embeddable":true,"href":"https:\/\/arantv.az\/index.php?rest_route=\/wp\/v2\/users\/2"}],"replies":[{"embeddable":true,"href":"https:\/\/arantv.az\/index.php?rest_route=%2Fwp%2Fv2%2Fcomments&post=652139"}],"version-history":[{"count":0,"href":"https:\/\/arantv.az\/index.php?rest_route=\/wp\/v2\/posts\/652139\/revisions"}],"wp:featuredmedia":[{"embeddable":true,"href":"https:\/\/arantv.az\/index.php?rest_route=\/wp\/v2\/media\/652141"}],"wp:attachment":[{"href":"https:\/\/arantv.az\/index.php?rest_route=%2Fwp%2Fv2%2Fmedia&parent=652139"}],"wp:term":[{"taxonomy":"category","embeddable":true,"href":"https:\/\/arantv.az\/index.php?rest_route=%2Fwp%2Fv2%2Fcategories&post=652139"},{"taxonomy":"post_tag","embeddable":true,"href":"https:\/\/arantv.az\/index.php?rest_route=%2Fwp%2Fv2%2Ftags&post=652139"}],"curies":[{"name":"wp","href":"https:\/\/api.w.org\/{rel}","templated":true}]}}