{"id":652140,"date":"2023-11-02T09:01:01","date_gmt":"2023-11-02T05:01:01","guid":{"rendered":"https:\/\/arantv.az\/?p=652140"},"modified":"2023-11-02T09:01:01","modified_gmt":"2023-11-02T05:01:01","slug":"sulh-qusu","status":"publish","type":"post","link":"https:\/\/arantv.az\/?p=652140","title":{"rendered":"\u201cS\u00fclh qu\u015fu\u201d?"},"content":{"rendered":"<p><em><strong>Pa\u015finyan\u0131n realla\u015fmas\u0131 m\u00fcmk\u00fcn olmayan layih\u0259si dan\u0131\u015f\u0131qlar\u0131 l\u0259ngitm\u0259y\u0259 v\u0259 status-kvonu saxlama\u011fa hesablan\u0131b<\/strong><\/em><\/p>\n<p>Erm\u0259nistan\u0131n ba\u015f naziri Nikol Pa\u015finyan oktyabr\u0131n 30-da parlamentd\u0259 2024-c\u00fc ilin d\u00f6vl\u0259t b\u00fcdc\u0259sinin m\u00fczakir\u0259l\u0259ri zaman\u0131 n\u00f6vb\u0259ti d\u0259f\u0259 s\u00fclhd\u0259n dan\u0131\u015f\u0131b. Bildirib ki, Erm\u0259nistan\u0131n t\u0259hl\u00fck\u0259sizliyini t\u0259min etm\u0259k \u00fc\u00e7\u00fcn \u0130ran v\u0259 G\u00fcrc\u00fcstanla dostluq \u0259laq\u0259l\u0259rini g\u00fccl\u0259ndirm\u0259kl\u0259 b\u0259rab\u0259r, Az\u0259rbaycan v\u0259 T\u00fcrkiy\u0259 il\u0259 d\u0259 m\u00fcnasib\u0259tl\u0259ri t\u0259nziml\u0259m\u0259k vacibdir. Son zamanlar \u00f6z\u00fcn\u00fc \u201cs\u00fclh qu\u015fu\u201d obraz\u0131nda g\u00f6st\u0259r\u0259n Pa\u015finyan bunun Erm\u0259nistan\u0131n d\u00f6vl\u0259t maraqlar\u0131ndan ir\u0259li g\u0259ldiyini, Az\u0259rbaycanla dan\u0131\u015f\u0131qlar prosesind\u0259 m\u00fczakir\u0259 m\u0259rh\u0259l\u0259sind\u0259 olan prinsipl\u0259rin raz\u0131la\u015fd\u0131r\u0131lmas\u0131 il\u0259 yekun s\u00fclh m\u00fcqavil\u0259sinin imzalanmas\u0131n\u0131n m\u00fcmk\u00fcn oldu\u011funu deyib. Ancaq bundan \u0259vv\u0259l Avropa Parlamentind\u0259, \u0130spaniyan\u0131n Qranada \u015f\u0259h\u0259rind\u0259 v\u0259 G\u00fcrc\u00fcstanda da eyni m\u0259zmunlu a\u00e7\u0131qlamalar verm\u0259kl\u0259, guya s\u00fclh g\u00fcnd\u0259mind\u0259 maraql\u0131 oldu\u011funu n\u00fcmayi\u015f etdirm\u0259y\u0259 \u00e7al\u0131\u015fan erm\u0259ni ba\u015f nazirin m\u0259qs\u0259dinin \u0259slind\u0259 dan\u0131\u015f\u0131qlar\u0131 pozmaq, s\u00fclh m\u00fcqavil\u0259sinin imzalanmas\u0131n\u0131 l\u0259ngitm\u0259k v\u0259 \u0259n \u0259sas\u0131 dan\u0131\u015f\u0131qlar masas\u0131nda \u201c\u0259lini g\u00fccl\u0259ndirm\u0259k\u201d \u00fc\u00e7\u00fcn yeni reall\u0131qlar yaratmaq ist\u0259yind\u0259 oldu\u011fu \u015f\u00fcbh\u0259 do\u011furmur. \u00c7\u00fcnki Pa\u015finyan\u0131n Erm\u0259nistanla Az\u0259rbaycan aras\u0131nda m\u00fcnasib\u0259tl\u0259rin normalla\u015fmas\u0131 prosesind\u0259 \u0259n\u0259n\u0259vi olaraq qeyri-konsrtuktiv yol tutdu\u011funu bir s\u0131ra arqumentl\u0259r d\u0259 t\u0259sdiql\u0259yir. B\u0259s bu arqumentl\u0259r hans\u0131lard\u0131r? Pa\u015finyan\u0131n timsal\u0131nda r\u0259smi \u0130r\u0259van\u0131n atd\u0131\u011f\u0131 hans\u0131 add\u0131mlar s\u00fclh dan\u0131\u015f\u0131qlar\u0131n\u0131 pozma\u011fa hesablan\u0131b?<\/p>\n<p>Vasit\u0259\u00e7id\u0259n daha \u00e7ox t\u0259r\u0259f kimi \u00e7\u0131x\u0131\u015f ed\u0259n erm\u0259nip\u0259r\u0259st Fransa v\u0259 Almaniyan\u0131n i\u015ftirak\u0131 s\u0259b\u0259bind\u0259n t\u0259xir\u0259 d\u00fc\u015fm\u00fc\u015f Qranada g\u00f6r\u00fc\u015f\u00fcnd\u0259n sonra Az\u0259rbaycan v\u0259 Erm\u0259nistan liderl\u0259rinin Avropa \u0130ttifaq\u0131 (A\u0130) \u015euras\u0131n\u0131n Prezidenti \u015earl Mi\u015felin t\u0259\u015f\u0259bb\u00fcs\u00fc il\u0259 Br\u00fcsseld\u0259 d\u0259 bir araya g\u0259lm\u0259l\u0259ri realla\u015fmad\u0131. \u00c7\u00fcnki Az\u0259rbaycan\u0131n \u00f6z suveren \u0259razisind\u0259 separatizmin aradan qald\u0131r\u0131lmas\u0131 m\u0259qs\u0259dil\u0259 ke\u00e7irdiyi lokal antiterror t\u0259dbirl\u0259rind\u0259n sonra h\u0259m A\u0130-nin, h\u0259m d\u0259 bir s\u0131ra Avropa d\u00f6vl\u0259tl\u0259rinin C\u0259nubi Qafqazdak\u0131 prosesl\u0259r\u0259 ikili standartlarla yana\u015fmalar\u0131 a\u00e7\u0131q m\u00fcst\u0259vid\u0259 \u00f6z\u00fcn\u00fc b\u00fcruz\u0259 verm\u0259kd\u0259dir. Bir t\u0259r\u0259fd\u0259n regiona \u201cs\u00fclh arzulayan\u201d h\u0259min dair\u0259l\u0259r, dig\u0259r t\u0259r\u0259fd\u0259n x\u00fcsusil\u0259 Az\u0259rbaycana qar\u015f\u0131 a\u00e7\u0131q d\u00fc\u015fm\u0259n\u00e7ilik m\u00fcnasib\u0259ti s\u0259rgil\u0259y\u0259n Emmanuel Makron Fransas\u0131 ba\u015fda olmaqla s\u00fcr\u0259tl\u0259 Erm\u0259nistan\u0131 silahland\u0131rma\u011fa \u00e7al\u0131\u015f\u0131rlar. Q\u0259rbin bu add\u0131m\u0131n\u0131n Az\u0259rbaycandan daha \u00e7ox \u00fc\u00e7\u00fcnc\u00fc t\u0259r\u0259f\u0259, Erm\u0259nistan\u0131n son vaxtlar \u201ck\u00f6rp\u00fcl\u0259ri yand\u0131rmaqda\u201d oldu\u011fu Rusiyaya qar\u015f\u0131 oldu\u011fu da m\u0259lumdur. Ancaq n\u0259tic\u0259 olaraq Nikol Pa\u015finyan v\u0259ziyy\u0259td\u0259n \u0130kinci Qaraba\u011f m\u00fcharib\u0259si n\u0259tic\u0259sind\u0259 ald\u0131\u011f\u0131 a\u011f\u0131r m\u0259\u011flubiyy\u0259td\u0259n sonra d\u00f6y\u00fc\u015f qabiliyy\u0259tini itirmi\u015f ordusunu g\u00fccl\u0259ndirm\u0259k \u00fc\u00e7\u00fcn istifad\u0259 etm\u0259k ist\u0259yind\u0259dir v\u0259 bu m\u00fcdd\u0259t \u0259rzind\u0259 s\u00fclh dan\u0131\u015f\u0131qlar\u0131nda status-kvonun saxlanmas\u0131 Erm\u0259nistan\u0131n i\u015fin\u0259 yaray\u0131r.<\/p>\n<p>Yeri g\u0259lmi\u015fk\u0259n, d\u00fc\u015fm\u0259n \u00f6lk\u0259 2024-c\u00fc ilin d\u00f6vl\u0259t b\u00fcdc\u0259sind\u0259 m\u00fcdafi\u0259 x\u0259rcl\u0259rini cari ill\u0259 m\u00fcqayis\u0259d\u0259 7 faiz art\u0131rma\u011f\u0131 n\u0259z\u0259rd\u0259 tutur. Bel\u0259 ki, b\u00fcdc\u0259 layih\u0259sind\u0259 Erm\u0259nistan\u0131n m\u00fcdafi\u0259 sektoru \u00fc\u00e7\u00fcn \u0259sasl\u0131 x\u0259rcl\u0259ri 555 milyard dram (t\u0259xmin\u0259n 1 milyard 4 y\u00fcz milyon AB\u015e dollar\u0131na yax\u0131n-red.) g\u00f6st\u0259rilib. Bu r\u0259q\u0259m Erm\u0259nistanda \u00fcmumi daxili m\u0259hsulun 5,3 faizini t\u0259\u015fkil ed\u0259c\u0259k. H\u0259r bir halda Erm\u0259nistan\u0131n ordunu g\u00fccl\u0259ndirm\u0259k \u00fc\u00e7\u00fcn n\u0259z\u0259rd\u0259 tutulan v\u0259saiti yen\u0259 d\u0259 Az\u0259rbaycan\u0131n m\u00fcdafi\u0259 x\u0259rcl\u0259rind\u0259n t\u0259xmin\u0259n \u00fc\u00e7 d\u0259f\u0259y\u0259 yax\u0131n az olacaq ki, bu da Fransan\u0131n v\u0259 Hindistan\u0131n s\u0259yl\u0259rinin diqq\u0259t\u00e7\u0259k\u0259n balans f\u0259rqi yarada bilm\u0259y\u0259c\u0259yi dem\u0259kdir. \u00c7\u00fcnki 2023-c\u00fc ild\u0259 Az\u0259rbaycan\u0131n d\u00f6vl\u0259t b\u00fcdc\u0259sind\u0259 m\u00fcdafi\u0259 x\u0259rcl\u0259ri \u00fc\u00e7\u00fcn 3 milyard 560 milyon AB\u015e dollar\u0131ndan \u00e7ox v\u0259sait n\u0259z\u0259rd\u0259 tutulub, r\u0259q\u0259m yeni ild\u0259 daha da artacaq. Bu is\u0259 o dem\u0259kdir ki, C\u0259nubi Qafqaza soxulma\u011fa v\u0259 regionda q\u00fcvv\u0259l\u0259r balans\u0131n\u0131 pozma\u011fa \u00e7al\u0131\u015fan Makron Fransas\u0131n\u0131n m\u0259krli planlar\u0131 h\u0259mi\u015f\u0259ki kimi fiaskoya u\u011frayacaq, Pa\u015finyan\u0131n is\u0259 ordu quruculu\u011funda ir\u0259lil\u0259yi\u015f\u0259 nail olmaqla s\u00fclh dan\u0131\u015f\u0131qlar\u0131nda \u00fcst\u00fcnl\u00fcy\u00fcn\u00fc art\u0131rmaq arzusu \u00fcr\u0259yind\u0259 qalacaq.<\/p>\n<p>R\u0259smi \u0130r\u0259van\u0131n kommunikasiyalar\u0131n a\u00e7\u0131lmas\u0131 il\u0259 ba\u011fl\u0131 ortaya atd\u0131\u011f\u0131 \u201cs\u00fclh k\u0259si\u015fm\u0259si\u201d t\u0259\u015f\u0259bb\u00fcs\u00fc d\u0259 \u0259slind\u0259 regionda dayan\u0131ql\u0131 s\u00fclh\u00fcn \u0259ld\u0259 edilm\u0259si \u00fc\u00e7\u00fcn deyil, onun yaranmas\u0131na mane olmaq layih\u0259sidir. \u018fvv\u0259la ona g\u00f6r\u0259 ki, Erm\u0259nistan Az\u0259rbaycanla yeni b\u0259yanat imzalamaqla Rusiyan\u0131n i\u015ftirak\u0131 il\u0259 imzalanm\u0131\u015f 10 noyabr 2020-ci il tarixli \u00fc\u00e7t\u0259r\u0259fli B\u0259yanat\u0131 q\u00fcvv\u0259d\u0259n salma\u011fa \u00e7al\u0131\u015f\u0131r. Qaraba\u011f m\u0259s\u0259l\u0259sinin tarix\u0259 \u00e7evrilm\u0259sind\u0259n sonra s\u00f6z\u00fcged\u0259n B\u0259yanat\u0131n bir s\u0131ra m\u00fcdd\u0259alar\u0131 \u00f6z q\u00fcvv\u0259sini itirmi\u015f olsa da Az\u0259rbaycan\u0131n \u0259sas hiss\u0259si il\u0259 Nax\u00e7\u0131van\u0131 birl\u0259\u015fdir\u0259c\u0259k Z\u0259ng\u0259zur d\u0259hlizi m\u0259s\u0259l\u0259si h\u0259l\u0259 d\u0259 h\u0259llini tapmay\u0131b. Nikol Pa\u015finyan B\u0259yanat\u0131n m\u0259hz Z\u0259ng\u0259zur d\u0259hlizi il\u0259 ba\u011fl\u0131 doqquzuncu b\u0259ndinin l\u0259\u011fv edilm\u0259sind\u0259 israrl\u0131d\u0131r ki, burada s\u00f6hb\u0259t kommunikasiyalar\u0131n t\u0259hl\u00fck\u0259sizliyin\u0259 kimin n\u0259zar\u0259t ed\u0259c\u0259yind\u0259n gedir. Erm\u0259ni ba\u015f nazir g\u00fcc strukturlar\u0131n\u0131n n\u0259zdind\u0259 bu m\u0259qs\u0259dl\u0259 yeni qurumun yarad\u0131laca\u011f\u0131n\u0131n anonsunu verm\u0259kl\u0259 a\u00e7\u0131q \u015f\u0259kild\u0259 Rusiyan\u0131n bu i\u015fd\u0259 i\u015ftirak\u0131n\u0131n \u0259leyhin\u0259 oldu\u011funu gizl\u0259tmir. Ancaq bu zaman sual yaran\u0131r: \u018fg\u0259r Z\u0259ng\u0259zur d\u0259hlizin\u0259 Erm\u0259nistan \u00f6z\u00fc n\u0259zar\u0259t ed\u0259c\u0259ks\u0259, o zaman kommunikasiyalar\u0131n t\u0259hl\u00fck\u0259sizliyin\u0259 kim z\u0259man\u0259t ver\u0259c\u0259k? Yaxud Erm\u0259nistan\u0131n z\u0259man\u0259tin\u0259 n\u0259 q\u0259d\u0259r etibar etm\u0259k olar?<\/p>\n<p>Bundan ba\u015fqa, Erm\u0259nistan 44 g\u00fcnl\u00fck \u0130kinci Qaraba\u011f m\u00fcharib\u0259sind\u0259n \u00f6t\u0259n \u00fc\u00e7 il \u0259rzind\u0259 kommunikasiyalar\u0131n a\u00e7\u0131lmas\u0131 m\u0259qs\u0259dil\u0259 \u00f6z \u00f6hd\u0259liyi \u00e7\u0259r\u00e7iv\u0259sind\u0259 he\u00e7 bir add\u0131m atmay\u0131b. He\u00e7 Pa\u015finyan\u0131n utopik \u201cs\u00fclh k\u0259si\u015fm\u0259si\u201d layih\u0259sind\u0259ki irimiqyasl\u0131 i\u015fl\u0259ri g\u00f6rm\u0259k d\u0259 Erm\u0259nistan\u0131n imkanlar\u0131 xaricind\u0259dir. \u0130ranla \u0130r\u0259van\u0131 birl\u0259\u015fdir\u0259n magistral\u0131n v\u0259 Xank\u0259ndi-La\u00e7\u0131n yolunun Erm\u0259nistana uzanan hiss\u0259sind\u0259ki c\u0259mi 20 kilometrd\u0259n bir az art\u0131q yolun tikintisi d\u0259 g\u00f6st\u0259rdi ki, Pa\u015finyan\u0131n layih\u0259sinin reall\u0131qla he\u00e7 bir \u0259laq\u0259si yoxdur. \u00c7\u00fcnki uzunlu\u011fu y\u00fcz kilometl\u0259rl\u0259 \u00f6l\u00e7\u00fcl\u0259n avtomobil v\u0259 d\u0259miryollar\u0131n\u0131 \u00e7\u0259km\u0259k \u00fc\u00e7\u00fcn Erm\u0259nistan\u0131n n\u0259 v\u0259saiti var, n\u0259 d\u0259 bel\u0259 beyn\u0259lxalq layih\u0259l\u0259ri h\u0259yata ke\u00e7irm\u0259k t\u0259cr\u00fcb\u0259si. Dem\u0259li, ilk bax\u0131\u015fdan \u201cs\u00fclh\u00fcn k\u0259si\u015fm\u0259si\u201d \u0259slind\u0259 s\u00fclh\u00fcn ba\u015f tutmamas\u0131 \u00fc\u00e7\u00fcn ortaya at\u0131lm\u0131\u015f ideyad\u0131r, s\u0259sl\u0259ni\u015fi n\u0259 q\u0259d\u0259r g\u00f6z\u0259l olsa da&#8230;<\/p>\n","protected":false},"excerpt":{"rendered":"<p>Pa\u015finyan\u0131n realla\u015fmas\u0131 m\u00fcmk\u00fcn olmayan layih\u0259si dan\u0131\u015f\u0131qlar\u0131 l\u0259ngitm\u0259y\u0259 v\u0259 status-kvonu saxlama\u011fa hesablan\u0131b Erm\u0259nistan\u0131n ba\u015f naziri Nikol Pa\u015finyan oktyabr\u0131n 30-da parlamentd\u0259 2024-c\u00fc ilin d\u00f6vl\u0259t b\u00fcdc\u0259sinin m\u00fczakir\u0259l\u0259ri zaman\u0131 n\u00f6vb\u0259ti d\u0259f\u0259 s\u00fclhd\u0259n dan\u0131\u015f\u0131b. Bildirib ki, Erm\u0259nistan\u0131n t\u0259hl\u00fck\u0259sizliyini t\u0259min etm\u0259k \u00fc\u00e7\u00fcn \u0130ran v\u0259 G\u00fcrc\u00fcstanla dostluq \u0259laq\u0259l\u0259rini g\u00fccl\u0259ndirm\u0259kl\u0259 b\u0259rab\u0259r, Az\u0259rbaycan v\u0259 T\u00fcrkiy\u0259 il\u0259 d\u0259 m\u00fcnasib\u0259tl\u0259ri t\u0259nziml\u0259m\u0259k vacibdir. Son zamanlar \u00f6z\u00fcn\u00fc \u201cs\u00fclh qu\u015fu\u201d obraz\u0131nda g\u00f6st\u0259r\u0259n Pa\u015finyan bunun Erm\u0259nistan\u0131n d\u00f6vl\u0259t maraqlar\u0131ndan ir\u0259li g\u0259ldiyini, Az\u0259rbaycanla dan\u0131\u015f\u0131qlar prosesind\u0259 m\u00fczakir\u0259 m\u0259rh\u0259l\u0259sind\u0259 olan prinsipl\u0259rin raz\u0131la\u015fd\u0131r\u0131lmas\u0131 il\u0259 yekun s\u00fclh m\u00fcqavil\u0259sinin imzalanmas\u0131n\u0131n m\u00fcmk\u00fcn oldu\u011funu deyib. Ancaq bundan \u0259vv\u0259l Avropa Parlamentind\u0259, \u0130spaniyan\u0131n Qranada \u015f\u0259h\u0259rind\u0259 v\u0259&hellip;<\/p>\n","protected":false},"author":2,"featured_media":652144,"comment_status":"closed","ping_status":"closed","sticky":false,"template":"","format":"standard","meta":{"om_disable_all_campaigns":false,"_monsterinsights_skip_tracking":false,"_monsterinsights_sitenote_active":false,"_monsterinsights_sitenote_note":"","_monsterinsights_sitenote_category":0},"categories":[19],"tags":[],"aioseo_notices":[],"gutentor_comment":0,"rttpg_featured_image_url":{"full":["https:\/\/arantv.az\/wp-content\/uploads\/2023\/11\/8038da8916959918142617633071057459.jpg",975,540,false],"landscape":["https:\/\/arantv.az\/wp-content\/uploads\/2023\/11\/8038da8916959918142617633071057459.jpg",975,540,false],"portraits":["https:\/\/arantv.az\/wp-content\/uploads\/2023\/11\/8038da8916959918142617633071057459.jpg",975,540,false],"thumbnail":["https:\/\/arantv.az\/wp-content\/uploads\/2023\/11\/8038da8916959918142617633071057459-500x280.jpg",500,280,true],"medium":["https:\/\/arantv.az\/wp-content\/uploads\/2023\/11\/8038da8916959918142617633071057459-660x365.jpg",660,365,true],"large":["https:\/\/arantv.az\/wp-content\/uploads\/2023\/11\/8038da8916959918142617633071057459-840x465.jpg",640,354,true],"1536x1536":["https:\/\/arantv.az\/wp-content\/uploads\/2023\/11\/8038da8916959918142617633071057459.jpg",975,540,false],"2048x2048":["https:\/\/arantv.az\/wp-content\/uploads\/2023\/11\/8038da8916959918142617633071057459.jpg",975,540,false],"post-thumbnail":["https:\/\/arantv.az\/wp-content\/uploads\/2023\/11\/8038da8916959918142617633071057459-240x172.jpg",240,172,true],"advps-thumb-one":["https:\/\/arantv.az\/wp-content\/uploads\/2023\/11\/8038da8916959918142617633071057459.jpg",975,540,false]},"rttpg_author":{"display_name":"V\u00fcsal Rafiqo\u011flu","author_link":"https:\/\/arantv.az\/?author=2"},"rttpg_comment":0,"rttpg_category":"<a href=\"https:\/\/arantv.az\/?cat=19\" rel=\"category\">G\u00fcnd\u0259m<\/a>","rttpg_excerpt":"Pa\u015finyan\u0131n realla\u015fmas\u0131 m\u00fcmk\u00fcn olmayan layih\u0259si dan\u0131\u015f\u0131qlar\u0131 l\u0259ngitm\u0259y\u0259 v\u0259 status-kvonu saxlama\u011fa hesablan\u0131b Erm\u0259nistan\u0131n ba\u015f naziri Nikol Pa\u015finyan oktyabr\u0131n 30-da parlamentd\u0259 2024-c\u00fc ilin d\u00f6vl\u0259t b\u00fcdc\u0259sinin m\u00fczakir\u0259l\u0259ri zaman\u0131 n\u00f6vb\u0259ti d\u0259f\u0259 s\u00fclhd\u0259n dan\u0131\u015f\u0131b. Bildirib ki, Erm\u0259nistan\u0131n t\u0259hl\u00fck\u0259sizliyini t\u0259min etm\u0259k \u00fc\u00e7\u00fcn \u0130ran v\u0259 G\u00fcrc\u00fcstanla dostluq \u0259laq\u0259l\u0259rini g\u00fccl\u0259ndirm\u0259kl\u0259 b\u0259rab\u0259r, Az\u0259rbaycan v\u0259 T\u00fcrkiy\u0259 il\u0259 d\u0259 m\u00fcnasib\u0259tl\u0259ri t\u0259nziml\u0259m\u0259k vacibdir. Son zamanlar \u00f6z\u00fcn\u00fc \u201cs\u00fclh&hellip;","_links":{"self":[{"href":"https:\/\/arantv.az\/index.php?rest_route=\/wp\/v2\/posts\/652140"}],"collection":[{"href":"https:\/\/arantv.az\/index.php?rest_route=\/wp\/v2\/posts"}],"about":[{"href":"https:\/\/arantv.az\/index.php?rest_route=\/wp\/v2\/types\/post"}],"author":[{"embeddable":true,"href":"https:\/\/arantv.az\/index.php?rest_route=\/wp\/v2\/users\/2"}],"replies":[{"embeddable":true,"href":"https:\/\/arantv.az\/index.php?rest_route=%2Fwp%2Fv2%2Fcomments&post=652140"}],"version-history":[{"count":0,"href":"https:\/\/arantv.az\/index.php?rest_route=\/wp\/v2\/posts\/652140\/revisions"}],"wp:featuredmedia":[{"embeddable":true,"href":"https:\/\/arantv.az\/index.php?rest_route=\/wp\/v2\/media\/652144"}],"wp:attachment":[{"href":"https:\/\/arantv.az\/index.php?rest_route=%2Fwp%2Fv2%2Fmedia&parent=652140"}],"wp:term":[{"taxonomy":"category","embeddable":true,"href":"https:\/\/arantv.az\/index.php?rest_route=%2Fwp%2Fv2%2Fcategories&post=652140"},{"taxonomy":"post_tag","embeddable":true,"href":"https:\/\/arantv.az\/index.php?rest_route=%2Fwp%2Fv2%2Ftags&post=652140"}],"curies":[{"name":"wp","href":"https:\/\/api.w.org\/{rel}","templated":true}]}}