{"id":652143,"date":"2023-11-02T09:01:20","date_gmt":"2023-11-02T05:01:20","guid":{"rendered":"https:\/\/arantv.az\/?p=652143"},"modified":"2023-11-02T09:01:20","modified_gmt":"2023-11-02T05:01:20","slug":"tufeyli-molla-rejimini-m%c9%99h%c9%99mm%c9%99d-peyg%c9%99mb%c9%99rin-dusm%c9%99ni-adlandirdi","status":"publish","type":"post","link":"https:\/\/arantv.az\/?p=652143","title":{"rendered":"T\u00fcfeyli molla rejimini M\u0259h\u0259mm\u0259d pey\u011f\u0259mb\u0259rin d\u00fc\u015fm\u0259ni adland\u0131rd\u0131"},"content":{"rendered":"<p>\u0130ran \u0130slam Respublikas\u0131na ba\u015f\u00e7\u0131l\u0131q ed\u0259nl\u0259rin d\u00fcnyan\u0131n \u0259n b\u00f6y\u00fck dinl\u0259rind\u0259n biri olan \u0130slam\u0131 b\u00fcn\u00f6vr\u0259sin\u0259 q\u0259d\u0259r sars\u0131dacaq \u0259m\u0259ll\u0259r\u0259 qur\u015fanmalar\u0131 v\u0259 h\u00f6rm\u0259td\u0259n salmalar\u0131 bar\u0259d\u0259 kifay\u0259t q\u0259d\u0259r yazm\u0131\u015f\u0131q. G\u00f6st\u0259rmi\u015fik ki, bu rejim d\u00fcnyaya \u015feytani infeksiya yaymaq, insanlar\u0131 m\u00fcti k\u00f6l\u0259 v\u0259ziyy\u0259tin\u0259 salmaq, xalqlar\u0131 par\u00e7alay\u0131b \u0259razil\u0259rini i\u015f\u011fal etm\u0259k v\u0259 s. iyr\u0259nc m\u0259qs\u0259dl\u0259rin\u0259 \u00e7atmaq \u00fc\u00e7\u00fcn \u015farlatanl\u0131qdan \u0259l \u00e7\u0259kmir. Bel\u0259 d\u00fcrl\u00fc cinay\u0259tl\u0259rd\u0259 &#8220;z\u0259ngin t\u0259cr\u00fcb\u0259si&#8221; il\u0259 d\u00fcnyada pis ad \u00e7\u0131xar\u0131b. G\u00f6z qaba\u011f\u0131ndad\u0131r ki, \u0130slam\u0131n qada\u011fan etdiyi tiry\u0259k alverinin &#8220;\u00e7i\u00e7\u0259kl\u0259nm\u0259si&#8221;, insanlara insanl\u0131qdan uzaq d\u0259h\u015f\u0259tli i\u015fg\u0259nc\u0259l\u0259r verilm\u0259si, onlar\u0131n min bir \u0259ziyy\u0259tl\u0259 edam olunmas\u0131, adamlar\u0131n insan h\u00fcquq v\u0259 azadl\u0131qlar\u0131n\u0131n \u0259ll\u0259rind\u0259n al\u0131nmas\u0131 ad\u0131n\u0131 \u0130slam qoymu\u015f \u00f6lk\u0259d\u0259 bel\u0259 dem\u0259k m\u00fcmk\u00fcns\u0259, qanunil\u0259\u015fdirilib. \u00d6t\u0259n il g\u0259nc q\u0131z M\u0259hsa \u018fmininin \u00e7adras\u0131n\u0131 a\u00e7d\u0131\u011f\u0131 \u00fc\u00e7\u00fcn h\u0259bs olunmas\u0131 v\u0259 m\u00fc\u0259mmal\u0131 sur\u0259td\u0259 \u00f6ld\u00fcr\u00fclm\u0259si d\u00fcnyada k\u0259skin rezonans do\u011furmu\u015fdu. Bir s\u00f6zl\u0259, bu \u00f6lk\u0259d\u0259 g\u00fcnah\u0131 oldu-olmad\u0131 insan \u00f6l\u00fcm\u00fc h\u0259\u015farat \u00f6l\u00fcm\u00fcn\u0259 b\u0259rab\u0259r tutulur.<\/p>\n<p>Ki\u00e7ik m\u00fcs\u0259lman d\u00f6vl\u0259tl\u0259ri il\u0259 c\u0259llad kimi davranan davakar \u0130ran\u0131n \u0130raqda, Suriyada, F\u0259l\u0259stind\u0259 v\u0259 b\u0259zi Yax\u0131n \u015e\u0259rq \u00f6lk\u0259l\u0259rind\u0259 t\u00f6r\u0259tdikl\u0259ri q\u0131r\u011f\u0131nlar yaddan \u00e7\u0131xm\u0131r. D\u00fcnyaya muzdlu ba\u015fk\u0259s\u0259nl\u0259r haz\u0131rlay\u0131b s\u0259p\u0259l\u0259y\u0259n bu d\u00f6vl\u0259t \u0130slam al\u0259min\u0259 el\u0259 z\u0259rb\u0259l\u0259r vurub ki, onlar\u0131n d\u00fcz\u0259ldilm\u0259si b\u0259lk\u0259 d\u0259 he\u00e7 m\u00fcmk\u00fcn deyil. Yax\u0131n \u015e\u0259rq regionuna g\u00f6nd\u0259rdiyi h\u0259rbi birl\u0259\u015fm\u0259l\u0259ri xarici \u00f6lk\u0259l\u0259rd\u0259 uyu\u015fdurucu madd\u0259l\u0259rin alverind\u0259n g\u0259l\u0259n milyonlarla maliyy\u0259l\u0259\u015fdirir. Halbuki ay\u0259tullahlar yax\u015f\u0131 bilirl\u0259r ki, din o madd\u0259l\u0259rd\u0259n istifad\u0259ni v\u0259 g\u0259liri qada\u011fan edib v\u0259 haram buyurub. \u201cQarda\u015flar\u0131\u201d erm\u0259nil\u0259r kimi, onlar da terror\u00e7ulu\u011fu \u00f6zl\u0259rin\u0259 pe\u015f\u0259 se\u00e7ibl\u0259r. M\u0259hz bu &#8220;n\u00fcmun\u0259&#8221;nin n\u0259tic\u0259sidir ki, d\u00fcnyan\u0131n haras\u0131nda saqqall\u0131 qara adam g\u00f6r\u00fcrl\u0259rs\u0259 onu terror\u00e7u-m\u00fcs\u0259lman hesab edirl\u0259r. Bu da molla rejiminin \u201cxidm\u0259tl\u0259rinin\u201d n\u0259tic\u0259sidir. Bunlar\u0131n cikini-bikini yax\u015f\u0131 bil\u0259n Salman R\u00fc\u015fdi xomeyni\u00e7il\u0259r Rza \u015fah\u0131 devir\u0259r\u0259k hakimiyy\u0259ti \u0259l\u0259 ke\u00e7ir\u0259nd\u0259n sonra do\u011fma v\u0259t\u0259nind\u0259n did\u0259rgin d\u00fc\u015f\u00fcb h\u0259mi\u015f\u0259lik \u0130ngilt\u0259r\u0259y\u0259 getdi v\u0259 orada \u201c\u015eeytan ay\u0259l\u0259ri\u201d adl\u0131 kitab \u00e7ap etdirdi. H\u0259min kitab\u0131 \u00e7ap etdirdiyin\u0259 g\u00f6r\u0259 molla rejimi ona \u00f6l\u00fcm h\u00f6km\u00fc k\u0259sib. \u00d6lk\u0259d\u0259 siyasi t\u0259qibl\u0259rd\u0259n canlar\u0131n\u0131 qurtarmaq\u00a0 \u00fc\u00e7\u00fcn m\u00fchacir\u0259t ed\u0259nl\u0259rin say\u0131 az deyil. \u00c7\u00fcnki insan haqlar\u0131, demokratiya, s\u00f6z v\u0259 din azadl\u0131\u011f\u0131 dey\u0259nin \u201cdilini k\u0259sirl\u0259r\u201d.<\/p>\n<p>Xarici siyas\u0259tind\u0259 d\u0259 nam\u0259rdliyin\u0259 g\u00f6r\u0259 d\u00f6vl\u0259tl\u0259r \u0130rana etibar etmirl\u0259r. H\u0259tta \u0259traf\u0131ndak\u0131 m\u00fcs\u0259lman \u00f6lk\u0259l\u0259rinin d\u0259 he\u00e7 biri onunla yax\u0131nla\u015fmaq, dostluq \u0259laq\u0259l\u0259ri yaratmaq ist\u0259mir. \u00c7\u00fcnki molla rejiminin \u0259qr\u0259b \u015fak\u0259ri h\u0259r birin\u0259 tan\u0131\u015fd\u0131r. Uza\u011fa getm\u0259y\u0259k, el\u0259 g\u00f6t\u00fcr\u0259k \u00f6z\u00fcm\u00fcz\u00fc. Az\u0259rbaycan otuz il Erm\u0259nistanla m\u00fcharib\u0259 v\u0259 silahl\u0131 toqqu\u015fmalar v\u0259ziyy\u0259tind\u0259 ya\u015fad\u0131.\u00a0 H\u0259min ill\u0259rd\u0259 Tehran rejimi a\u00e7\u0131q v\u0259 ya gizli formada Erm\u0259nistan\u0131 d\u0259st\u0259kl\u0259di, birg\u0259 t\u0259dbirl\u0259r, g\u00f6r\u00fc\u015fl\u0259r ke\u00e7irdi, onlara &#8220;qarda\u015f&#8221; deyib qucaq a\u00e7d\u0131.\u00a0 Erm\u0259nistan\u0131n ba\u015f naziri Nikol Pa\u015finyan\u0131n arvad\u0131 Anna Akopyan\u0131n M\u0259\u015fh\u0259di ziyar\u0259t etm\u0259si is\u0259 \u0259lb\u0259tt\u0259, \u0130slam d\u00fcnyas\u0131na bir t\u0259hqirdir. Art\u0131q el\u0259 bir v\u0259ziyy\u0259t yaran\u0131b ki, h\u0259tta radikal islam\u00e7\u0131lar\u0131n ba\u015f\u00e7\u0131lar\u0131ndan b\u0259zil\u0259ri \u0130ran\u0131n molla rejimini, x\u00fcsusil\u0259 onun r\u0259hb\u0259rl\u0259rini k\u0259skin t\u0259nqid etm\u0259y\u0259 ba\u015flay\u0131blar.<\/p>\n<p>Livandak\u0131 &#8220;Hizbullah&#8221; t\u0259\u015fkilat\u0131n\u0131n ilk ba\u015f katibi v\u0259 qurucusu \u015eeyx S\u00fcbhi T\u00fcfeylinin \u0130ranla ba\u011fl\u0131 s\u00f6zl\u0259ri d\u00fcnya g\u00fcnd\u0259mind\u0259 ciddi m\u00fczakir\u0259l\u0259r\u0259 s\u0259b\u0259b olub. \u0130nformasiya agentlikl\u0259ri\u00a0 x\u0259b\u0259r verir ki, T\u00fcfeyli Q\u0259zzada ba\u015f ver\u0259nl\u0259r\u0259 g\u00f6r\u0259 \u0130ran\u0131 k\u0259skin ittiham edib. O, \u00fczd\u0259 ba\u015fqa c\u00fcr dan\u0131\u015fan Tehran\u0131 Va\u015finqtonla gizli \u0259m\u0259kda\u015fl\u0131qda g\u00fcnahland\u0131r\u0131b v\u0259 Xameneini ittiham ed\u0259r\u0259k, \u201cO adam M\u0259h\u0259mm\u0259d pey\u011f\u0259mb\u0259rin v\u0259 \u0130mam \u018flinin d\u00fc\u015fm\u0259nidir. \u018fhli-beytl\u0259 he\u00e7 bir \u0259laq\u0259si olmayan s\u00fcnni-\u015fi\u0259lik yarad\u0131r\u201d &#8211; deyib. B\u0259li, T\u00fcfeyli tamamil\u0259 d\u00fcz deyir. O, n\u0259hay\u0259t, \u00f6z\u00fcnd\u0259 c\u0259sar\u0259t taparaq \u00e7oxlar\u0131n\u0131n a\u00e7\u0131q m\u0259tnl\u0259 dey\u0259 bilm\u0259diyi ac\u0131 h\u0259qiq\u0259t\u0259 g\u00fczg\u00fc tutub.<\/p>\n<p>T\u0259bii ki, bu fikird\u0259 olan t\u0259kc\u0259 T\u00fcfeyli deyil, t\u00fcfeylil\u0259r \u00e7oxdur.<\/p>\n","protected":false},"excerpt":{"rendered":"<p>\u0130ran \u0130slam Respublikas\u0131na ba\u015f\u00e7\u0131l\u0131q ed\u0259nl\u0259rin d\u00fcnyan\u0131n \u0259n b\u00f6y\u00fck dinl\u0259rind\u0259n biri olan \u0130slam\u0131 b\u00fcn\u00f6vr\u0259sin\u0259 q\u0259d\u0259r sars\u0131dacaq \u0259m\u0259ll\u0259r\u0259 qur\u015fanmalar\u0131 v\u0259 h\u00f6rm\u0259td\u0259n salmalar\u0131 bar\u0259d\u0259 kifay\u0259t q\u0259d\u0259r yazm\u0131\u015f\u0131q. G\u00f6st\u0259rmi\u015fik ki, bu rejim d\u00fcnyaya \u015feytani infeksiya yaymaq, insanlar\u0131 m\u00fcti k\u00f6l\u0259 v\u0259ziyy\u0259tin\u0259 salmaq, xalqlar\u0131 par\u00e7alay\u0131b \u0259razil\u0259rini i\u015f\u011fal etm\u0259k v\u0259 s. iyr\u0259nc m\u0259qs\u0259dl\u0259rin\u0259 \u00e7atmaq \u00fc\u00e7\u00fcn \u015farlatanl\u0131qdan \u0259l \u00e7\u0259kmir. Bel\u0259 d\u00fcrl\u00fc cinay\u0259tl\u0259rd\u0259 &#8220;z\u0259ngin t\u0259cr\u00fcb\u0259si&#8221; il\u0259 d\u00fcnyada pis ad \u00e7\u0131xar\u0131b. G\u00f6z qaba\u011f\u0131ndad\u0131r ki, \u0130slam\u0131n qada\u011fan etdiyi tiry\u0259k alverinin &#8220;\u00e7i\u00e7\u0259kl\u0259nm\u0259si&#8221;, insanlara insanl\u0131qdan uzaq d\u0259h\u015f\u0259tli i\u015fg\u0259nc\u0259l\u0259r verilm\u0259si, onlar\u0131n min bir \u0259ziyy\u0259tl\u0259 edam olunmas\u0131, adamlar\u0131n insan h\u00fcquq v\u0259 azadl\u0131qlar\u0131n\u0131n \u0259ll\u0259rind\u0259n al\u0131nmas\u0131 ad\u0131n\u0131&hellip;<\/p>\n","protected":false},"author":2,"featured_media":652146,"comment_status":"closed","ping_status":"closed","sticky":false,"template":"","format":"standard","meta":{"om_disable_all_campaigns":false,"_monsterinsights_skip_tracking":false,"_monsterinsights_sitenote_active":false,"_monsterinsights_sitenote_note":"","_monsterinsights_sitenote_category":0},"categories":[19],"tags":[],"aioseo_notices":[],"gutentor_comment":0,"rttpg_featured_image_url":{"full":["https:\/\/arantv.az\/wp-content\/uploads\/2023\/11\/c4414e53167776766050415451910892364.jpg",975,540,false],"landscape":["https:\/\/arantv.az\/wp-content\/uploads\/2023\/11\/c4414e53167776766050415451910892364.jpg",975,540,false],"portraits":["https:\/\/arantv.az\/wp-content\/uploads\/2023\/11\/c4414e53167776766050415451910892364.jpg",975,540,false],"thumbnail":["https:\/\/arantv.az\/wp-content\/uploads\/2023\/11\/c4414e53167776766050415451910892364-500x280.jpg",500,280,true],"medium":["https:\/\/arantv.az\/wp-content\/uploads\/2023\/11\/c4414e53167776766050415451910892364-660x365.jpg",660,365,true],"large":["https:\/\/arantv.az\/wp-content\/uploads\/2023\/11\/c4414e53167776766050415451910892364-840x465.jpg",640,354,true],"1536x1536":["https:\/\/arantv.az\/wp-content\/uploads\/2023\/11\/c4414e53167776766050415451910892364.jpg",975,540,false],"2048x2048":["https:\/\/arantv.az\/wp-content\/uploads\/2023\/11\/c4414e53167776766050415451910892364.jpg",975,540,false],"post-thumbnail":["https:\/\/arantv.az\/wp-content\/uploads\/2023\/11\/c4414e53167776766050415451910892364-240x172.jpg",240,172,true],"advps-thumb-one":["https:\/\/arantv.az\/wp-content\/uploads\/2023\/11\/c4414e53167776766050415451910892364.jpg",975,540,false]},"rttpg_author":{"display_name":"V\u00fcsal Rafiqo\u011flu","author_link":"https:\/\/arantv.az\/?author=2"},"rttpg_comment":0,"rttpg_category":"<a href=\"https:\/\/arantv.az\/?cat=19\" rel=\"category\">G\u00fcnd\u0259m<\/a>","rttpg_excerpt":"\u0130ran \u0130slam Respublikas\u0131na ba\u015f\u00e7\u0131l\u0131q ed\u0259nl\u0259rin d\u00fcnyan\u0131n \u0259n b\u00f6y\u00fck dinl\u0259rind\u0259n biri olan \u0130slam\u0131 b\u00fcn\u00f6vr\u0259sin\u0259 q\u0259d\u0259r sars\u0131dacaq \u0259m\u0259ll\u0259r\u0259 qur\u015fanmalar\u0131 v\u0259 h\u00f6rm\u0259td\u0259n salmalar\u0131 bar\u0259d\u0259 kifay\u0259t q\u0259d\u0259r yazm\u0131\u015f\u0131q. G\u00f6st\u0259rmi\u015fik ki, bu rejim d\u00fcnyaya \u015feytani infeksiya yaymaq, insanlar\u0131 m\u00fcti k\u00f6l\u0259 v\u0259ziyy\u0259tin\u0259 salmaq, xalqlar\u0131 par\u00e7alay\u0131b \u0259razil\u0259rini i\u015f\u011fal etm\u0259k v\u0259 s. iyr\u0259nc m\u0259qs\u0259dl\u0259rin\u0259 \u00e7atmaq \u00fc\u00e7\u00fcn \u015farlatanl\u0131qdan \u0259l \u00e7\u0259kmir. Bel\u0259 d\u00fcrl\u00fc cinay\u0259tl\u0259rd\u0259 &#8220;z\u0259ngin&hellip;","_links":{"self":[{"href":"https:\/\/arantv.az\/index.php?rest_route=\/wp\/v2\/posts\/652143"}],"collection":[{"href":"https:\/\/arantv.az\/index.php?rest_route=\/wp\/v2\/posts"}],"about":[{"href":"https:\/\/arantv.az\/index.php?rest_route=\/wp\/v2\/types\/post"}],"author":[{"embeddable":true,"href":"https:\/\/arantv.az\/index.php?rest_route=\/wp\/v2\/users\/2"}],"replies":[{"embeddable":true,"href":"https:\/\/arantv.az\/index.php?rest_route=%2Fwp%2Fv2%2Fcomments&post=652143"}],"version-history":[{"count":0,"href":"https:\/\/arantv.az\/index.php?rest_route=\/wp\/v2\/posts\/652143\/revisions"}],"wp:featuredmedia":[{"embeddable":true,"href":"https:\/\/arantv.az\/index.php?rest_route=\/wp\/v2\/media\/652146"}],"wp:attachment":[{"href":"https:\/\/arantv.az\/index.php?rest_route=%2Fwp%2Fv2%2Fmedia&parent=652143"}],"wp:term":[{"taxonomy":"category","embeddable":true,"href":"https:\/\/arantv.az\/index.php?rest_route=%2Fwp%2Fv2%2Fcategories&post=652143"},{"taxonomy":"post_tag","embeddable":true,"href":"https:\/\/arantv.az\/index.php?rest_route=%2Fwp%2Fv2%2Ftags&post=652143"}],"curies":[{"name":"wp","href":"https:\/\/api.w.org\/{rel}","templated":true}]}}