{"id":652147,"date":"2023-11-02T09:02:13","date_gmt":"2023-11-02T05:02:13","guid":{"rendered":"https:\/\/arantv.az\/?p=652147"},"modified":"2023-11-02T09:02:13","modified_gmt":"2023-11-02T05:02:13","slug":"boyuk-erm%c9%99nistan-xulyasindan-boyuk-ucuruma-tarixi-torpaqlarimiz-erm%c9%99nisizl%c9%99sir","status":"publish","type":"post","link":"https:\/\/arantv.az\/?p=652147","title":{"rendered":"\u201cB\u00f6y\u00fck Erm\u0259nistan\u201d x\u00fclyas\u0131ndan b\u00f6y\u00fck u\u00e7uruma: Tarixi torpaqlar\u0131m\u0131z erm\u0259nisizl\u0259\u015fir"},"content":{"rendered":"<p>Son 40 ild\u0259 ilk d\u0259f\u0259dir ki, Erm\u0259nistanda ya\u015fayanlar\u0131n say\u0131 3 milyonun alt\u0131na d\u00fc\u015f\u0259r\u0259k 2 milyon 900 min n\u0259f\u0259r olub. Bu, r\u0259smi statistikad\u0131r. \u018fslind\u0259 is\u0259 haz\u0131rda Erm\u0259nistanda c\u0259mi 2 milyon erm\u0259ni ya\u015fay\u0131r. \u201cD\u0259nizd\u0259n-d\u0259niz\u0259 b\u00f6y\u00fck Erm\u0259nistan\u201d avant\u00fcrist iddialar\u0131 il\u0259 beyni z\u0259h\u0259rl\u0259nmi\u015f toplum getdikc\u0259 azalmaqdad\u0131r. Qaraba\u011fdan k\u00f6\u00e7\u0259nl\u0259rin 10 mind\u0259n \u00e7oxu Erm\u0259nistan\u0131 t\u0259rk edib\u201d.<\/p>\n<p>Bu m\u0259lumat\u0131 \u201cAPRI Armenia\u201d analitik m\u0259rk\u0259zinin \u201cQeyri-m\u00fc\u0259yy\u0259nlik \u015f\u0259raitind\u0259 t\u0259r\u0259qqi\u201d adl\u0131 konfransda \u00e7\u0131x\u0131\u015f ed\u0259n \u201cartsax\u201d\u0131n ke\u00e7mi\u015f \u201cd\u00f6vl\u0259t naziri\u201d Artak Beglaryan a\u00e7\u0131qlay\u0131b. Erm\u0259nistandan ged\u0259nl\u0259rin \u00f6lk\u0259 daxilind\u0259 qeyri-m\u00fc\u0259yy\u0259n v\u0259ziyy\u0259tl\u0259 \u00fczl\u0259\u015fdikl\u0259rini \u0259sas s\u0259b\u0259b kimi g\u00f6st\u0259r\u0259n Beglaryan, \u0259slind\u0259, problemin humanitar deyil, siyasi xarakter da\u015f\u0131d\u0131\u011f\u0131n\u0131 s\u00f6yl\u0259yib. Qaraba\u011fdan k\u00f6\u00e7\u0259nl\u0259r \u00fc\u00e7\u00fcn z\u0259ruri \u015f\u0259raitin yarad\u0131lmad\u0131\u011f\u0131na diqq\u0259ti y\u00f6n\u0259ld\u0259n sabiq \u201cd\u00f6vl\u0259t naziri\u201d indi f\u0259sadlar\u0131 deyil, s\u0259b\u0259bl\u0259ri \u00fcz\u0259 \u00e7\u0131xarma\u011f\u0131n vacibliyind\u0259n dan\u0131\u015f\u0131b. Onun g\u0259ldiyi \u201cq\u0259na\u0259t\u0259\u201d g\u00f6r\u0259, problemin yaranmas\u0131nda h\u0259m Erm\u0259nistan hakimiyy\u0259tinin, h\u0259m d\u0259 beyn\u0259lxalq t\u0259\u015fkilatlar\u0131n m\u0259suliyy\u0259t y\u00fck\u00fc var. Tarixin arxivin\u0259 g\u00f6nd\u0259rilmi\u015f \u201cartsax\u201d\u0131n ke\u00e7mi\u015f \u201cm\u0259murunu\u201d \u00f6lk\u0259d\u0259n ged\u0259nl\u0259rin armas\u0131n\u0131n\u0131n s\u0259b\u0259bini Pa\u015finyan hakimiyy\u0259tinin yar\u0131tmaz idar\u0259etm\u0259 sistemind\u0259 g\u00f6r\u00fcr. Amma bu hay a\u011fl\u0131n\u0131n ucundan da ke\u00e7irmir ki, qon\u015funun torpa\u011f\u0131na g\u00f6z dik\u0259n, orada ikinci Erm\u0259nistan d\u00f6vl\u0259ti yaratmaq ist\u0259y\u0259n, separatizm x\u0259st\u0259liyin\u0259 yoluxmu\u015f toplumun aqib\u0259ti ba\u015fqa c\u00fcr ola bilm\u0259zdi.<\/p>\n<p>Erm\u0259nistan v\u0259 erm\u0259ni xalq\u0131 bir h\u0259qiq\u0259ti anlamal\u0131d\u0131r ki, m\u00fcst\u0259qil \u015f\u0259kild\u0259 haylar\u0131n tarixi v\u0259 m\u0259d\u0259niyy\u0259ti m\u00f6vcud olmay\u0131b. Haylar regionda yerl\u0259\u015fdikl\u0259ri vaxtdan b\u0259ri Az\u0259rbaycan v\u0259 geni\u015f anlamda t\u00fcrk tarixinin t\u0259rkib hiss\u0259si kimi v\u0259 Az\u0259rbaycan-t\u00fcrk m\u0259d\u0259niyy\u0259tinin t\u0259siri alt\u0131nda ya\u015fay\u0131b formala\u015f\u0131blar. Onlar\u0131n \u00f6zl\u0259rini az\u0259rbaycanl\u0131lardan, t\u00fcrkl\u0259rd\u0259n ay\u0131rmaq c\u0259hdl\u0259ri \u00f6zl\u0259rini t\u0259cridetm\u0259 v\u0259 b\u00fct\u00fcn inki\u015faf imkanlar\u0131ndan m\u0259hrumetm\u0259 il\u0259 n\u0259tic\u0259l\u0259nib. \u201cU\u011fursuz d\u00f6vl\u0259t\u201d (\u201cfailed state\u201d) statusu qazanan Erm\u0259nistan\u0131n bug\u00fcnk\u00fc durumu bunun bariz subutudur. \u00d6z \u0259razil\u0259rind\u0259n az\u0259rbaycanl\u0131lar\u0131 qovub \u00e7\u0131xaran Erm\u0259nistan bo\u015falm\u0131\u015f \u015f\u0259h\u0259rl\u0259rd\u0259, k\u0259ndl\u0259rd\u0259 normal ya\u015fay\u0131\u015f\u0131 t\u0259min ed\u0259 bilm\u0259yib, sosial-iqtisadi v\u0259ziyy\u0259tin a\u011f\u0131r olaraq qalmas\u0131 v\u0259 xaric\u0259 k\u00fctl\u0259vi ax\u0131n demoqrafik b\u00f6hran\u0131 daha da a\u011f\u0131rla\u015fd\u0131r\u0131r. Erm\u0259ni m\u0259tbuat\u0131nda vaxta\u015f\u0131r\u0131 veril\u0259n t\u0259hlill\u0259rd\u0259n d\u0259 ayd\u0131n olur ki, h\u0259tta son 50-60 il \u0259rzind\u0259 aldad\u0131laraq g\u0259tirilib Q\u0259rbi Az\u0259rbaycanda m\u0259skunla\u015fd\u0131r\u0131lan erm\u0259nil\u0259r bel\u0259 Z\u0259ng\u0259zur, G\u00f6y\u00e7\u0259, P\u0259mb\u0259k, Loru v\u0259 dig\u0259r da\u011fl\u0131q \u0259razil\u0259rd\u0259 ya\u015faya bilm\u0259dikl\u0259ri \u00fc\u00e7\u00fcn buradan k\u00fctl\u0259vi \u015f\u0259kild\u0259 k\u00f6\u00e7\u00fcrl\u0259r. Bu b\u00f6lg\u0259l\u0259r tam bo\u015falmaq \u00fczr\u0259dir. \u018fn a\u011f\u0131r durum G\u00f6y\u00e7\u0259 mahal\u0131ndad\u0131r. Burada onlarla bo\u015falm\u0131\u015f evl\u0259r g\u00f6z \u00f6n\u00fcnd\u0259dir. Erm\u0259nistan m\u0259tbuat\u0131n\u0131n yazd\u0131\u011f\u0131na g\u00f6r\u0259, son ill\u0259r \u0259rzind\u0259 G\u00f6y\u00e7\u0259 mahal\u0131n\u0131n \u0259halisi 25 min, Z\u0259ng\u0259zurun is\u0259 27 min azal\u0131b. Erm\u0259ni jurnalistl\u0259rinin b\u00f6lg\u0259l\u0259rd\u0259n haz\u0131rlad\u0131\u011f\u0131 reportajlarda bu ac\u0131 ger\u00e7\u0259k daha qabar\u0131q g\u00f6r\u00fcn\u00fcr. Diqq\u0259t\u0259 \u00e7atd\u0131r\u0131l\u0131r ki, ilk n\u00f6vb\u0259d\u0259 g\u0259ncl\u0259r b\u00f6lg\u0259ni k\u00fctl\u0259vi \u015f\u0259kild\u0259 t\u0259rk edir: \u201cB\u00fct\u00f6vl\u00fckd\u0259 \u00fcmidsizlik, h\u0259m\u00e7inin \u00f6lk\u0259nin dalana \u00e7evrilm\u0259si ucbat\u0131ndan yaranan sabaha inams\u0131zl\u0131q \u0259halini normal ya\u015fay\u0131\u015f \u00fc\u00e7\u00fcn xarici \u00f6lk\u0259l\u0259r\u0259 \u00fcz tutma\u011fa vadar edir. H\u0259m\u00e7inin \u00f6lk\u0259nin a\u011f\u0131r iqtisadi v\u0259ziyy\u0259ti d\u0259 bu prosesi s\u00fcr\u0259tl\u0259ndirir\u201d. Erm\u0259nistan K\u0130V-nin m\u0259lumat\u0131na g\u00f6r\u0259, G\u00f6y\u00e7\u0259 v\u0259 D\u0259r\u0259\u00e7i\u00e7\u0259k mahallar\u0131 \u0259razisind\u0259 \u0259halinin 50 faizd\u0259n \u00e7oxu yoxsul v\u0259ziyy\u0259tind\u0259 ya\u015fay\u0131r. Vur\u011fulan\u0131r ki, Qaraba\u011fdan g\u0259l\u0259n \u0259hali d\u0259 bu v\u0259ziyy\u0259ti g\u00f6r\u00fcb f\u00fcrs\u0259td\u0259n yararlanaraq qa\u00e7q\u0131n kimi Avropaya \u00fcz tutmaq ist\u0259yirl\u0259r. Erm\u0259nistanda onlar\u0131 acl\u0131q v\u0259 s\u0259fal\u0259t g\u00f6zl\u0259diyind\u0259n yaranm\u0131\u015f v\u0259ziyy\u0259td\u0259n faydalanmaq \u00fc\u00e7\u00fcn Fransa s\u0259firliyi \u00f6n\u00fcnd\u0259 aksiyalar\u0131 davam etdirirl\u0259r. Onlar humanitar s\u0131\u011f\u0131nacaq t\u0259l\u0259b edir v\u0259 s\u00f6yl\u0259yirl\u0259r ki, art\u0131q Qaraba\u011fdan g\u0259l\u0259n 4 mind\u0259n \u00e7ox erm\u0259ni Erm\u0259nistan\u0131 t\u0259rk edib: \u201cBuna s\u0259b\u0259b is\u0259 Erm\u0259nistan\u0131n g\u0259l\u0259c\u0259yinin yoxlu\u011fudur. Erm\u0259nistan hakimiyy\u0259ti he\u00e7 vaxt bizim \u00fc\u00e7\u00fcn he\u00e7 n\u0259 etm\u0259yib. Qabaqda bizim \u00fc\u00e7\u00fcn evl\u0259r tikilirdi v\u0259 bu evl\u0259rin tikintisin\u0259 guya 21 milyard dramdan \u00e7ox pul ayr\u0131l\u0131b. Ax\u0131rda Qaraba\u011f\u0131 itirdik. H\u0259r \u015feyd\u0259 Rusiya v\u0259 Qaraba\u011f hakimiyy\u0259ti g\u00fcnahkard\u0131r, b\u00fct\u00fcn sakinl\u0259ri aldatd\u0131lar. 2020-ci ild\u0259 hans\u0131sa s\u0259n\u0259dl\u0259r\u0259 qol \u00e7\u0259kdil\u0259r, ax\u0131rda ham\u0131m\u0131z bel\u0259 v\u0259ziyy\u0259t\u0259 d\u00fc\u015fd\u00fck, bilmirik ki, bizi qar\u015f\u0131da n\u0259 g\u00f6zl\u0259yir\u201d.<\/p>\n<p>Qeyd ed\u0259k ki, bu g\u00fcnl\u0259rd\u0259 Erm\u0259nistan Cenevr\u0259d\u0259 demoqrafiya m\u00f6vzusunda ke\u00e7irilmi\u015f regional konfransda \u00f6z\u00fcn\u00fcn 2023-2040-c\u0131 ill\u0259r \u00fczr\u0259 demoqrafiya strategiyas\u0131n\u0131 t\u0259qdim edib. Strategiya Erm\u0259nistan h\u00f6kum\u0259tinin etnik ayr\u0131-se\u00e7kiliy\u0259 \u0259saslanan irq\u00e7i siyas\u0259tini bir daha s\u00fcbut edib. Bel\u0259 ki, strategiyada Erm\u0259nistandan qovulmu\u015f az\u0259rbaycanl\u0131lar\u0131n qay\u0131d\u0131\u015f\u0131 m\u0259s\u0259l\u0259si yer almay\u0131b. S\u0259n\u0259dd\u0259 repatriasiya bir h\u00fcquq v\u0259 d\u00f6vl\u0259tin t\u0259\u015fviq etm\u0259li oldu\u011fu m\u0259qs\u0259d kimi ancaq etnik erm\u0259nil\u0259r\u0259 aid edilir. Ciddi demoqrafik b\u00f6hranla \u00fczl\u0259\u015fmi\u015f bir \u00f6lk\u0259nin oran\u0131n qanuni sakinl\u0259ri olan \u0259hali qrupunun \u00f6z evl\u0259rin\u0259 qay\u0131d\u0131\u015f\u0131na etnik m\u0259nsubiyy\u0259t s\u0259b\u0259bind\u0259n imkan verm\u0259m\u0259si onun irq\u00e7i siyas\u0259tinin g\u00f6st\u0259ricisidir. Q\u0259rbi Az\u0259rbaycan \u0130cmas\u0131n\u0131n bununla ba\u011fl\u0131 b\u0259yanat\u0131nda vur\u011fulan\u0131r ki, Erm\u0259nistan\u0131n demoqrafik probleml\u0259rinin h\u0259lli regionda s\u00fclh\u00fcn b\u0259rq\u0259rar edilm\u0259sind\u0259n v\u0259 Erm\u0259nistandan qovulmu\u015f az\u0259rbaycanl\u0131lar\u0131n qay\u0131d\u0131\u015f h\u00fcquqlar\u0131n\u0131n t\u0259min edilm\u0259sind\u0259n ke\u00e7ir.\u00a0 \u0130cma Erm\u0259nistan h\u00f6kum\u0259tini s\u00fclh\u00fc se\u00e7m\u0259y\u0259, monoetniklik siyas\u0259tind\u0259n \u0259l \u00e7\u0259km\u0259y\u0259, etnik m\u00fcxt\u0259lifliy\u0259 \u0259saslanan birg\u0259ya\u015fay\u0131\u015f prinsipl\u0259rin\u0259 h\u00f6rm\u0259t etm\u0259y\u0259 v\u0259 Erm\u0259nistandan qovulmu\u015f az\u0259rbaycanl\u0131lar\u0131n t\u0259hl\u00fck\u0259siz \u015f\u0259kild\u0259 v\u0259 l\u0259yaq\u0259tl\u0259 qay\u0131d\u0131\u015f\u0131n\u0131 t\u0259min etm\u0259y\u0259 \u00e7a\u011f\u0131r\u0131r. H\u0259m\u00e7inin Prezident \u0130lham \u018fliyevin Q\u0259rbi Az\u0259rbaycanla ba\u011fl\u0131 dediyi kimi: \u201cXX \u0259srin \u0259vv\u0259ll\u0259rin\u0259 t\u0259sad\u00fcf ed\u0259n x\u0259rit\u0259 bir daha onu g\u00f6st\u0259rir ki, Q\u0259rbi Az\u0259rbaycan tarixi Az\u0259rbaycan diyar\u0131d\u0131r, \u015f\u0259h\u0259rl\u0259rin, k\u0259ndl\u0259rin adlar\u0131 Az\u0259rbaycan m\u0259n\u015f\u0259lidir v\u0259 biz yax\u015f\u0131 bilirik ki, indiki Erm\u0259nistan \u0259razisind\u0259 tarix boyu Az\u0259rbaycan xalq\u0131 ya\u015fay\u0131b. \u0130ndi \u0259sas v\u0259zif\u0259 ondan ibar\u0259tdir ki, d\u00fcnya ictimaiyy\u0259ti d\u0259 bunu bilsin\u201d.<\/p>\n<p>Erm\u0259nil\u0259r n\u0259hay\u0259t ki, \u201cb\u00f6y\u00fck Erm\u0259nistan\u201d x\u00fclyalar\u0131ndan, uydurma tarixd\u0259n \u0259l \u00e7\u0259km\u0259li, \u00f6z g\u0259l\u0259c\u0259kl\u0259rinin Az\u0259rbaycan v\u0259 T\u00fcrkiy\u0259 il\u0259 ba\u011fl\u0131 oldu\u011fu il\u0259 bar\u0131\u015fmal\u0131, Erm\u0259nistan\u0131n d\u00f6vl\u0259t kimi inki\u015faf\u0131nda az\u0259rbaycanl\u0131, t\u00fcrk amilinin qa\u00e7\u0131lmaz oldu\u011funu q\u0259bul etm\u0259lidirl\u0259r. Bu bax\u0131mdan, Z\u0259ng\u0259zur d\u0259hlizinin realla\u015fmas\u0131 Erm\u0259nistan \u00fc\u00e7\u00fcn tarixi f\u00fcrs\u0259t v\u0259 yegan\u0259 \u00e7\u0131x\u0131\u015f yoludur. Art\u0131q Qaraba\u011fa B\u00f6y\u00fck Qay\u0131d\u0131\u015f ba\u015flay\u0131b v\u0259 r\u0259smi \u0130r\u0259van\u0131n b\u00fct\u00fcn s\u0259yl\u0259rin\u0259 baxmayaraq, bu proses indiki Erm\u0259nistan \u0259razisini \u2013 Q\u0259rbi Az\u0259rbaycan\u0131 da \u0259hat\u0259 ed\u0259c\u0259k. \u0130nan\u0131r\u0131q ki, \u00e7ox da uzaq olmayan g\u0259l\u0259c\u0259kd\u0259 c\u0259nab Prezident \u0130lham \u018fliyevin b\u00fct\u00fcn s\u00f6yl\u0259dikl\u0259ri kimi bu s\u00f6zl\u0259rinin d\u0259 ger\u00e7\u0259kl\u0259\u015fm\u0259sinin \u015fahidi olaca\u011f\u0131q: \u201c\u018fmin\u0259m ki, g\u00fcn g\u0259l\u0259c\u0259k v\u0259 Q\u0259rbi Az\u0259rbaycandan olan soyda\u015flar\u0131m\u0131z, onlar\u0131n yax\u0131nlar\u0131, u\u015faqlar\u0131, n\u0259v\u0259l\u0259ri tarixi diyar\u0131m\u0131z olan Q\u0259rbi Az\u0259rbaycana qay\u0131dacaqlar. M\u0259n \u0259min\u0259m ki, bu g\u00fcn g\u0259l\u0259c\u0259k v\u0259 \u0259min\u0259m ki, Q\u0259rbi az\u0259rbaycanl\u0131lar b\u00f6y\u00fck co\u015fqu v\u0259 h\u0259v\u0259sl\u0259 \u00f6z do\u011fma torpaqlar\u0131na qay\u0131d\u0131b orada ya\u015fayacaqlar.\u201d<\/p>\n","protected":false},"excerpt":{"rendered":"<p>Son 40 ild\u0259 ilk d\u0259f\u0259dir ki, Erm\u0259nistanda ya\u015fayanlar\u0131n say\u0131 3 milyonun alt\u0131na d\u00fc\u015f\u0259r\u0259k 2 milyon 900 min n\u0259f\u0259r olub. Bu, r\u0259smi statistikad\u0131r. \u018fslind\u0259 is\u0259 haz\u0131rda Erm\u0259nistanda c\u0259mi 2 milyon erm\u0259ni ya\u015fay\u0131r. \u201cD\u0259nizd\u0259n-d\u0259niz\u0259 b\u00f6y\u00fck Erm\u0259nistan\u201d avant\u00fcrist iddialar\u0131 il\u0259 beyni z\u0259h\u0259rl\u0259nmi\u015f toplum getdikc\u0259 azalmaqdad\u0131r. Qaraba\u011fdan k\u00f6\u00e7\u0259nl\u0259rin 10 mind\u0259n \u00e7oxu Erm\u0259nistan\u0131 t\u0259rk edib\u201d. Bu m\u0259lumat\u0131 \u201cAPRI Armenia\u201d analitik m\u0259rk\u0259zinin \u201cQeyri-m\u00fc\u0259yy\u0259nlik \u015f\u0259raitind\u0259 t\u0259r\u0259qqi\u201d adl\u0131 konfransda \u00e7\u0131x\u0131\u015f ed\u0259n \u201cartsax\u201d\u0131n ke\u00e7mi\u015f \u201cd\u00f6vl\u0259t naziri\u201d Artak Beglaryan a\u00e7\u0131qlay\u0131b. Erm\u0259nistandan ged\u0259nl\u0259rin \u00f6lk\u0259 daxilind\u0259 qeyri-m\u00fc\u0259yy\u0259n v\u0259ziyy\u0259tl\u0259 \u00fczl\u0259\u015fdikl\u0259rini \u0259sas s\u0259b\u0259b kimi g\u00f6st\u0259r\u0259n Beglaryan, \u0259slind\u0259, problemin humanitar deyil, siyasi xarakter da\u015f\u0131d\u0131\u011f\u0131n\u0131 s\u00f6yl\u0259yib.&hellip;<\/p>\n","protected":false},"author":2,"featured_media":652150,"comment_status":"closed","ping_status":"closed","sticky":false,"template":"","format":"standard","meta":{"om_disable_all_campaigns":false,"_monsterinsights_skip_tracking":false,"_monsterinsights_sitenote_active":false,"_monsterinsights_sitenote_note":"","_monsterinsights_sitenote_category":0},"categories":[19],"tags":[],"aioseo_notices":[],"gutentor_comment":0,"rttpg_featured_image_url":{"full":["https:\/\/arantv.az\/wp-content\/uploads\/2023\/11\/d2350a54169782290279187880910915808.jpg",975,540,false],"landscape":["https:\/\/arantv.az\/wp-content\/uploads\/2023\/11\/d2350a54169782290279187880910915808.jpg",975,540,false],"portraits":["https:\/\/arantv.az\/wp-content\/uploads\/2023\/11\/d2350a54169782290279187880910915808.jpg",975,540,false],"thumbnail":["https:\/\/arantv.az\/wp-content\/uploads\/2023\/11\/d2350a54169782290279187880910915808-500x280.jpg",500,280,true],"medium":["https:\/\/arantv.az\/wp-content\/uploads\/2023\/11\/d2350a54169782290279187880910915808-660x365.jpg",660,365,true],"large":["https:\/\/arantv.az\/wp-content\/uploads\/2023\/11\/d2350a54169782290279187880910915808-840x465.jpg",640,354,true],"1536x1536":["https:\/\/arantv.az\/wp-content\/uploads\/2023\/11\/d2350a54169782290279187880910915808.jpg",975,540,false],"2048x2048":["https:\/\/arantv.az\/wp-content\/uploads\/2023\/11\/d2350a54169782290279187880910915808.jpg",975,540,false],"post-thumbnail":["https:\/\/arantv.az\/wp-content\/uploads\/2023\/11\/d2350a54169782290279187880910915808-240x172.jpg",240,172,true],"advps-thumb-one":["https:\/\/arantv.az\/wp-content\/uploads\/2023\/11\/d2350a54169782290279187880910915808.jpg",975,540,false]},"rttpg_author":{"display_name":"V\u00fcsal Rafiqo\u011flu","author_link":"https:\/\/arantv.az\/?author=2"},"rttpg_comment":0,"rttpg_category":"<a href=\"https:\/\/arantv.az\/?cat=19\" rel=\"category\">G\u00fcnd\u0259m<\/a>","rttpg_excerpt":"Son 40 ild\u0259 ilk d\u0259f\u0259dir ki, Erm\u0259nistanda ya\u015fayanlar\u0131n say\u0131 3 milyonun alt\u0131na d\u00fc\u015f\u0259r\u0259k 2 milyon 900 min n\u0259f\u0259r olub. Bu, r\u0259smi statistikad\u0131r. \u018fslind\u0259 is\u0259 haz\u0131rda Erm\u0259nistanda c\u0259mi 2 milyon erm\u0259ni ya\u015fay\u0131r. \u201cD\u0259nizd\u0259n-d\u0259niz\u0259 b\u00f6y\u00fck Erm\u0259nistan\u201d avant\u00fcrist iddialar\u0131 il\u0259 beyni z\u0259h\u0259rl\u0259nmi\u015f toplum getdikc\u0259 azalmaqdad\u0131r. Qaraba\u011fdan k\u00f6\u00e7\u0259nl\u0259rin 10 mind\u0259n \u00e7oxu Erm\u0259nistan\u0131 t\u0259rk edib\u201d. Bu m\u0259lumat\u0131 \u201cAPRI Armenia\u201d analitik&hellip;","_links":{"self":[{"href":"https:\/\/arantv.az\/index.php?rest_route=\/wp\/v2\/posts\/652147"}],"collection":[{"href":"https:\/\/arantv.az\/index.php?rest_route=\/wp\/v2\/posts"}],"about":[{"href":"https:\/\/arantv.az\/index.php?rest_route=\/wp\/v2\/types\/post"}],"author":[{"embeddable":true,"href":"https:\/\/arantv.az\/index.php?rest_route=\/wp\/v2\/users\/2"}],"replies":[{"embeddable":true,"href":"https:\/\/arantv.az\/index.php?rest_route=%2Fwp%2Fv2%2Fcomments&post=652147"}],"version-history":[{"count":0,"href":"https:\/\/arantv.az\/index.php?rest_route=\/wp\/v2\/posts\/652147\/revisions"}],"wp:featuredmedia":[{"embeddable":true,"href":"https:\/\/arantv.az\/index.php?rest_route=\/wp\/v2\/media\/652150"}],"wp:attachment":[{"href":"https:\/\/arantv.az\/index.php?rest_route=%2Fwp%2Fv2%2Fmedia&parent=652147"}],"wp:term":[{"taxonomy":"category","embeddable":true,"href":"https:\/\/arantv.az\/index.php?rest_route=%2Fwp%2Fv2%2Fcategories&post=652147"},{"taxonomy":"post_tag","embeddable":true,"href":"https:\/\/arantv.az\/index.php?rest_route=%2Fwp%2Fv2%2Ftags&post=652147"}],"curies":[{"name":"wp","href":"https:\/\/api.w.org\/{rel}","templated":true}]}}