{"id":652169,"date":"2023-11-02T09:22:11","date_gmt":"2023-11-02T05:22:11","guid":{"rendered":"https:\/\/arantv.az\/?p=652169"},"modified":"2023-11-02T09:22:11","modified_gmt":"2023-11-02T05:22:11","slug":"biz-sulh-f%c9%99lak%c9%99tin-olmamasini-ist%c9%99yirik-b%c9%99s-siz-erm%c9%99ni-nazird%c9%99n-jurnalist%c9%99-s%c9%99rt-reaksiya","status":"publish","type":"post","link":"https:\/\/arantv.az\/?p=652169","title":{"rendered":"Biz s\u00fclh, f\u0259lak\u0259tin olmamas\u0131n\u0131 ist\u0259yirik, b\u0259s siz\u2026 &#8211; Erm\u0259ni nazird\u0259n jurnalist\u0259 s\u0259rt reaksiya"},"content":{"rendered":"<div class=\"text-content\" data-id=\"\" data-url=\"\">\n<p>Mehri d\u0259mir yolu h\u0259m d\u0259 Erm\u0259nistan hakimiyy\u0259tinin regionda s\u00fclh\u00fc m\u00f6hk\u0259ml\u0259ndirm\u0259k \u00fc\u00e7\u00fcn h\u0259yata ke\u00e7irdiyi layih\u0259nin bir hiss\u0259sidir.<\/p>\n<p>\u00d6lk\u0259.Az x\u0259b\u0259r verir ki, bunu erm\u0259ni nazir Qnel Sanosyan a\u00e7\u0131qlamas\u0131nda deyib.<\/p>\n<p>Onun s\u00f6zl\u0259rin\u0259 g\u00f6r\u0259, hakimiyy\u0259t 2020-ci ild\u0259 d\u0259mir yolu il\u0259 ba\u011fl\u0131 ara\u015fd\u0131rmalar apar\u0131b v\u0259 yolun yenid\u0259n i\u015f\u0259 sal\u0131nmas\u0131, h\u0259r \u015fey siyasi v\u0259 diplomatik platformalarda h\u0259ll olunanda ba\u015f ver\u0259c\u0259k.<\/p>\n<p>\u201cBiz v\u0259 qon\u015fu \u00f6lk\u0259l\u0259rimiz regionda s\u00fclh\u00fcn t\u0259min olunmas\u0131, m\u00f6vcud infrastrukturlar\u0131n i\u015fl\u0259m\u0259si, yenil\u0259rinin tikilm\u0259si \u00fc\u00e7\u00fcn s\u0259y g\u00f6st\u0259rm\u0259liyik. \u00d6lk\u0259l\u0259r inki\u015fafda bir-birini d\u0259st\u0259kl\u0259y\u0259, bir-birinin infrastrukturundan istifad\u0259 ed\u0259, birg\u0259 yeni infrastrukturlar yarada bil\u0259r. Bizim region el\u0259 bir yol ayr\u0131c\u0131d\u0131r ki, o, y\u00fckda\u015f\u0131ma bax\u0131m\u0131ndan b\u00fct\u00fcn \u00f6lk\u0259l\u0259r \u00fc\u00e7\u00fcn maraql\u0131 ola bil\u0259r\u201d, &#8211; Sanosyan deyib.<\/p>\n<p>Jurnalistl\u0259rin Mehri d\u0259mir yolunun \u201cS\u00fclh\u00fcn k\u0259si\u015fm\u0259si\u201d kimi t\u0259qdim edilm\u0259si il\u0259 ba\u011fl\u0131 suala Sanosyan s\u0259rt reaksiya verib: \u201cSiz Erm\u0259nistan v\u0259t\u0259nda\u015flar\u0131 kimi s\u00fclh\u0259 t\u0259l\u0259smirsiniz, yoxsa haradas\u0131n\u0131z? Biz f\u0259lak\u0259t olmas\u0131n dey\u0259 s\u00fclh ist\u0259yirik. Soyda\u015flar\u0131m\u0131z g\u00f6r\u00fcrl\u0259r ki, d\u00fcnya d\u00fcz\u0259nind\u0259 d\u0259yi\u015fiklikl\u0259r var v\u0259 biziml\u0259 ba\u011fl\u0131 probleml\u0259rd\u0259n qat-qat art\u0131q qlobal probleml\u0259r var. \u00c7oxlar\u0131 d\u00fcnyada ba\u015f ver\u0259n bu d\u0259yi\u015fiklikl\u0259r kontekstind\u0259 bir \u00e7ox suallara cavab tap\u0131r\u201d.<\/p>\n<\/div>\n<div><\/div>\n<div>\n<div class=\"banner banner-6cdd60ea0045eb7a6ec44c54d29ed402\" data-banner=\"MTg0\"><\/div>\n<\/div>\n","protected":false},"excerpt":{"rendered":"<p>Mehri d\u0259mir yolu h\u0259m d\u0259 Erm\u0259nistan hakimiyy\u0259tinin regionda s\u00fclh\u00fc m\u00f6hk\u0259ml\u0259ndirm\u0259k \u00fc\u00e7\u00fcn h\u0259yata ke\u00e7irdiyi layih\u0259nin bir hiss\u0259sidir. \u00d6lk\u0259.Az x\u0259b\u0259r verir ki, bunu erm\u0259ni nazir Qnel Sanosyan a\u00e7\u0131qlamas\u0131nda deyib. Onun s\u00f6zl\u0259rin\u0259 g\u00f6r\u0259, hakimiyy\u0259t 2020-ci ild\u0259 d\u0259mir yolu il\u0259 ba\u011fl\u0131 ara\u015fd\u0131rmalar apar\u0131b v\u0259 yolun yenid\u0259n i\u015f\u0259 sal\u0131nmas\u0131, h\u0259r \u015fey siyasi v\u0259 diplomatik platformalarda h\u0259ll olunanda ba\u015f ver\u0259c\u0259k. \u201cBiz v\u0259 qon\u015fu \u00f6lk\u0259l\u0259rimiz regionda s\u00fclh\u00fcn t\u0259min olunmas\u0131, m\u00f6vcud infrastrukturlar\u0131n i\u015fl\u0259m\u0259si, yenil\u0259rinin tikilm\u0259si \u00fc\u00e7\u00fcn s\u0259y g\u00f6st\u0259rm\u0259liyik. \u00d6lk\u0259l\u0259r inki\u015fafda bir-birini d\u0259st\u0259kl\u0259y\u0259, bir-birinin infrastrukturundan istifad\u0259 ed\u0259, birg\u0259 yeni infrastrukturlar yarada bil\u0259r. Bizim region el\u0259 bir yol ayr\u0131c\u0131d\u0131r ki,&hellip;<\/p>\n","protected":false},"author":2,"featured_media":652172,"comment_status":"closed","ping_status":"closed","sticky":false,"template":"","format":"standard","meta":{"om_disable_all_campaigns":false,"_monsterinsights_skip_tracking":false,"_monsterinsights_sitenote_active":false,"_monsterinsights_sitenote_note":"","_monsterinsights_sitenote_category":0},"categories":[7],"tags":[],"aioseo_notices":[],"gutentor_comment":0,"rttpg_featured_image_url":{"full":["https:\/\/arantv.az\/wp-content\/uploads\/2023\/11\/7f8c9795eb6affed31124832cb5162ca.jpg",770,415,false],"landscape":["https:\/\/arantv.az\/wp-content\/uploads\/2023\/11\/7f8c9795eb6affed31124832cb5162ca.jpg",770,415,false],"portraits":["https:\/\/arantv.az\/wp-content\/uploads\/2023\/11\/7f8c9795eb6affed31124832cb5162ca.jpg",770,415,false],"thumbnail":["https:\/\/arantv.az\/wp-content\/uploads\/2023\/11\/7f8c9795eb6affed31124832cb5162ca-500x280.jpg",500,280,true],"medium":["https:\/\/arantv.az\/wp-content\/uploads\/2023\/11\/7f8c9795eb6affed31124832cb5162ca-660x356.jpg",660,356,true],"large":["https:\/\/arantv.az\/wp-content\/uploads\/2023\/11\/7f8c9795eb6affed31124832cb5162ca.jpg",640,345,false],"1536x1536":["https:\/\/arantv.az\/wp-content\/uploads\/2023\/11\/7f8c9795eb6affed31124832cb5162ca.jpg",770,415,false],"2048x2048":["https:\/\/arantv.az\/wp-content\/uploads\/2023\/11\/7f8c9795eb6affed31124832cb5162ca.jpg",770,415,false],"post-thumbnail":["https:\/\/arantv.az\/wp-content\/uploads\/2023\/11\/7f8c9795eb6affed31124832cb5162ca-240x172.jpg",240,172,true],"advps-thumb-one":["https:\/\/arantv.az\/wp-content\/uploads\/2023\/11\/7f8c9795eb6affed31124832cb5162ca.jpg",770,415,false]},"rttpg_author":{"display_name":"V\u00fcsal Rafiqo\u011flu","author_link":"https:\/\/arantv.az\/?author=2"},"rttpg_comment":0,"rttpg_category":"<a href=\"https:\/\/arantv.az\/?cat=7\" rel=\"category\">D\u00fcnya<\/a>","rttpg_excerpt":"Mehri d\u0259mir yolu h\u0259m d\u0259 Erm\u0259nistan hakimiyy\u0259tinin regionda s\u00fclh\u00fc m\u00f6hk\u0259ml\u0259ndirm\u0259k \u00fc\u00e7\u00fcn h\u0259yata ke\u00e7irdiyi layih\u0259nin bir hiss\u0259sidir. \u00d6lk\u0259.Az x\u0259b\u0259r verir ki, bunu erm\u0259ni nazir Qnel Sanosyan a\u00e7\u0131qlamas\u0131nda deyib. Onun s\u00f6zl\u0259rin\u0259 g\u00f6r\u0259, hakimiyy\u0259t 2020-ci ild\u0259 d\u0259mir yolu il\u0259 ba\u011fl\u0131 ara\u015fd\u0131rmalar apar\u0131b v\u0259 yolun yenid\u0259n i\u015f\u0259 sal\u0131nmas\u0131, h\u0259r \u015fey siyasi v\u0259 diplomatik platformalarda h\u0259ll olunanda ba\u015f ver\u0259c\u0259k. \u201cBiz&hellip;","_links":{"self":[{"href":"https:\/\/arantv.az\/index.php?rest_route=\/wp\/v2\/posts\/652169"}],"collection":[{"href":"https:\/\/arantv.az\/index.php?rest_route=\/wp\/v2\/posts"}],"about":[{"href":"https:\/\/arantv.az\/index.php?rest_route=\/wp\/v2\/types\/post"}],"author":[{"embeddable":true,"href":"https:\/\/arantv.az\/index.php?rest_route=\/wp\/v2\/users\/2"}],"replies":[{"embeddable":true,"href":"https:\/\/arantv.az\/index.php?rest_route=%2Fwp%2Fv2%2Fcomments&post=652169"}],"version-history":[{"count":0,"href":"https:\/\/arantv.az\/index.php?rest_route=\/wp\/v2\/posts\/652169\/revisions"}],"wp:featuredmedia":[{"embeddable":true,"href":"https:\/\/arantv.az\/index.php?rest_route=\/wp\/v2\/media\/652172"}],"wp:attachment":[{"href":"https:\/\/arantv.az\/index.php?rest_route=%2Fwp%2Fv2%2Fmedia&parent=652169"}],"wp:term":[{"taxonomy":"category","embeddable":true,"href":"https:\/\/arantv.az\/index.php?rest_route=%2Fwp%2Fv2%2Fcategories&post=652169"},{"taxonomy":"post_tag","embeddable":true,"href":"https:\/\/arantv.az\/index.php?rest_route=%2Fwp%2Fv2%2Ftags&post=652169"}],"curies":[{"name":"wp","href":"https:\/\/api.w.org\/{rel}","templated":true}]}}