{"id":652182,"date":"2023-11-02T10:19:22","date_gmt":"2023-11-02T06:19:22","guid":{"rendered":"https:\/\/arantv.az\/?p=652182"},"modified":"2023-11-02T10:19:22","modified_gmt":"2023-11-02T06:19:22","slug":"%c9%99rdogan-turkiy%c9%99-il%c9%99-az%c9%99rbaycan-arasinda-imzalanan-muqavil%c9%99ni-t%c9%99sdiql%c9%99yib","status":"publish","type":"post","link":"https:\/\/arantv.az\/?p=652182","title":{"rendered":"\u018frdo\u011fan T\u00fcrkiy\u0259 il\u0259 Az\u0259rbaycan aras\u0131nda imzalanan m\u00fcqavil\u0259ni t\u0259sdiql\u0259yib"},"content":{"rendered":"<p>T\u00fcrkiy\u0259 Prezidenti R\u0259c\u0259b Tayyib \u018frdo\u011fan T\u00fcrkiy\u0259 il\u0259 Az\u0259rbaycan aras\u0131nda heyvan sa\u011flaml\u0131\u011f\u0131 sah\u0259sind\u0259 yard\u0131m\u0131n edilm\u0259sin\u0259 dair m\u00fcqavil\u0259ni t\u0259sdiql\u0259yib.<\/p>\n<p><strong>ARANTV.AZ<\/strong>-\u0131n m\u0259lumat\u0131na g\u00f6r\u0259, bu bar\u0259d\u0259 \u201cResmi Gazete\u201dd\u0259 x\u0259b\u0259r verilib.<\/p>\n<p>S\u0259n\u0259d bu il avqustun 8-d\u0259 Ankarada Az\u0259rbaycan\u0131n T\u00fcrkiy\u0259d\u0259ki s\u0259firi R\u0259\u015fad M\u0259mm\u0259dov v\u0259 T\u00fcrkiy\u0259nin k\u0259nd t\u0259s\u0259rr\u00fcfat\u0131 v\u0259 me\u015f\u0259 nazirinin m\u00fcavini Ahmet G\u00fcmen t\u0259r\u0259find\u0259n imzalan\u0131b.<\/p>\n<p>S\u0259n\u0259d\u0259 \u0259sas\u0259n, T\u00fcrkiy\u0259 v\u0259 Az\u0259rbaycan h\u00f6kum\u0259tl\u0259ri a\u015fa\u011f\u0131dak\u0131 m\u0259s\u0259l\u0259l\u0259r \u00fczr\u0259 raz\u0131l\u0131\u011fa g\u0259libl\u0259r.<\/p>\n<p>Bel\u0259 ki, T\u00fcrkiy\u0259 2023-c\u00fc ild\u0259 dabaq x\u0259st\u0259liyi il\u0259 m\u00fcbariz\u0259 s\u0259yl\u0259rini d\u0259st\u0259kl\u0259m\u0259k \u00fc\u00e7\u00fcn Az\u0259rbaycan\u0131n ehtiyac\u0131 olan 250 min doza SAT-2 antigen t\u0259rkibli birvalentli dabaq peyv\u0259ndini \u00f6d\u0259ni\u015fsiz t\u0259dar\u00fck ed\u0259c\u0259k.<\/p>\n<p>Bu yard\u0131m T\u00fcrkiy\u0259 t\u0259r\u0259find\u0259n heyvan sa\u011flaml\u0131\u011f\u0131 il\u0259 ba\u011fl\u0131 xidm\u0259tl\u0259rin h\u0259yata ke\u00e7irilm\u0259si v\u0259 dabaq x\u0259st\u0259likl\u0259ri il\u0259 m\u00fcbariz\u0259 f\u0259aliyy\u0259tl\u0259rin\u0259 d\u0259st\u0259yin g\u00f6st\u0259rilm\u0259si m\u0259qs\u0259dil\u0259 Az\u0259rbaycan t\u0259r\u0259fin\u0259 dostluq v\u0259 xo\u015fniyy\u0259tlilik jesti kimi t\u0259qdim olunur.<\/p>\n<p>Yard\u0131m m\u0259qs\u0259dil\u0259 veril\u0259c\u0259k peyv\u0259ndl\u0259r t\u0259r\u0259fl\u0259r aras\u0131nda m\u00fc\u0259yy\u0259n olunacaq prosedur v\u0259 qaydalar \u00e7\u0259r\u00e7iv\u0259sind\u0259 \u00e7atd\u0131r\u0131lacaq.<\/p>\n<p>M\u00fcqavil\u0259, t\u0259r\u0259fl\u0259rin bu m\u00fcqavil\u0259nin q\u00fcvv\u0259y\u0259 minm\u0259si \u00fc\u00e7\u00fcn z\u0259ruri olan daxili h\u00fcquqi prosedurlar\u0131n tamamland\u0131\u011f\u0131 bar\u0259d\u0259 bir-birin\u0259 diplomatik kanallar vasit\u0259sil\u0259 g\u00f6nd\u0259rdikl\u0259ri sonuncu yaz\u0131l\u0131 bildiri\u015fin al\u0131nd\u0131\u011f\u0131 tarixd\u0259n q\u00fcvv\u0259y\u0259 minir.<\/p>\n<p>M\u00fcqavil\u0259y\u0259 dabaq x\u0259st\u0259liyin\u0259 qar\u015f\u0131 peyv\u0259nd yard\u0131m\u0131 ba\u015fa \u00e7atd\u0131qdan sonra xitam veril\u0259c\u0259k.<\/p>\n","protected":false},"excerpt":{"rendered":"<p>T\u00fcrkiy\u0259 Prezidenti R\u0259c\u0259b Tayyib \u018frdo\u011fan T\u00fcrkiy\u0259 il\u0259 Az\u0259rbaycan aras\u0131nda heyvan sa\u011flaml\u0131\u011f\u0131 sah\u0259sind\u0259 yard\u0131m\u0131n edilm\u0259sin\u0259 dair m\u00fcqavil\u0259ni t\u0259sdiql\u0259yib. ARANTV.AZ-\u0131n m\u0259lumat\u0131na g\u00f6r\u0259, bu bar\u0259d\u0259 \u201cResmi Gazete\u201dd\u0259 x\u0259b\u0259r verilib. S\u0259n\u0259d bu il avqustun 8-d\u0259 Ankarada Az\u0259rbaycan\u0131n T\u00fcrkiy\u0259d\u0259ki s\u0259firi R\u0259\u015fad M\u0259mm\u0259dov v\u0259 T\u00fcrkiy\u0259nin k\u0259nd t\u0259s\u0259rr\u00fcfat\u0131 v\u0259 me\u015f\u0259 nazirinin m\u00fcavini Ahmet G\u00fcmen t\u0259r\u0259find\u0259n imzalan\u0131b. S\u0259n\u0259d\u0259 \u0259sas\u0259n, T\u00fcrkiy\u0259 v\u0259 Az\u0259rbaycan h\u00f6kum\u0259tl\u0259ri a\u015fa\u011f\u0131dak\u0131 m\u0259s\u0259l\u0259l\u0259r \u00fczr\u0259 raz\u0131l\u0131\u011fa g\u0259libl\u0259r. Bel\u0259 ki, T\u00fcrkiy\u0259 2023-c\u00fc ild\u0259 dabaq x\u0259st\u0259liyi il\u0259 m\u00fcbariz\u0259 s\u0259yl\u0259rini d\u0259st\u0259kl\u0259m\u0259k \u00fc\u00e7\u00fcn Az\u0259rbaycan\u0131n ehtiyac\u0131 olan 250 min doza SAT-2 antigen t\u0259rkibli birvalentli dabaq peyv\u0259ndini \u00f6d\u0259ni\u015fsiz t\u0259dar\u00fck ed\u0259c\u0259k. Bu yard\u0131m T\u00fcrkiy\u0259&hellip;<\/p>\n","protected":false},"author":2,"featured_media":652183,"comment_status":"closed","ping_status":"closed","sticky":false,"template":"","format":"standard","meta":{"om_disable_all_campaigns":false,"_monsterinsights_skip_tracking":false,"_monsterinsights_sitenote_active":false,"_monsterinsights_sitenote_note":"","_monsterinsights_sitenote_category":0},"categories":[4],"tags":[],"aioseo_notices":[],"gutentor_comment":0,"rttpg_featured_image_url":{"full":["https:\/\/arantv.az\/wp-content\/uploads\/2023\/11\/FotoJet-2023-04-18T115351.953.jpg",620,413,false],"landscape":["https:\/\/arantv.az\/wp-content\/uploads\/2023\/11\/FotoJet-2023-04-18T115351.953.jpg",620,413,false],"portraits":["https:\/\/arantv.az\/wp-content\/uploads\/2023\/11\/FotoJet-2023-04-18T115351.953.jpg",620,413,false],"thumbnail":["https:\/\/arantv.az\/wp-content\/uploads\/2023\/11\/FotoJet-2023-04-18T115351.953-500x280.jpg",500,280,true],"medium":["https:\/\/arantv.az\/wp-content\/uploads\/2023\/11\/FotoJet-2023-04-18T115351.953-548x365.jpg",548,365,true],"large":["https:\/\/arantv.az\/wp-content\/uploads\/2023\/11\/FotoJet-2023-04-18T115351.953.jpg",620,413,false],"1536x1536":["https:\/\/arantv.az\/wp-content\/uploads\/2023\/11\/FotoJet-2023-04-18T115351.953.jpg",620,413,false],"2048x2048":["https:\/\/arantv.az\/wp-content\/uploads\/2023\/11\/FotoJet-2023-04-18T115351.953.jpg",620,413,false],"post-thumbnail":["https:\/\/arantv.az\/wp-content\/uploads\/2023\/11\/FotoJet-2023-04-18T115351.953-240x172.jpg",240,172,true],"advps-thumb-one":["https:\/\/arantv.az\/wp-content\/uploads\/2023\/11\/FotoJet-2023-04-18T115351.953.jpg",620,413,false]},"rttpg_author":{"display_name":"V\u00fcsal Rafiqo\u011flu","author_link":"https:\/\/arantv.az\/?author=2"},"rttpg_comment":0,"rttpg_category":"<a href=\"https:\/\/arantv.az\/?cat=4\" rel=\"category\">Siyas\u0259t<\/a>","rttpg_excerpt":"T\u00fcrkiy\u0259 Prezidenti R\u0259c\u0259b Tayyib \u018frdo\u011fan T\u00fcrkiy\u0259 il\u0259 Az\u0259rbaycan aras\u0131nda heyvan sa\u011flaml\u0131\u011f\u0131 sah\u0259sind\u0259 yard\u0131m\u0131n edilm\u0259sin\u0259 dair m\u00fcqavil\u0259ni t\u0259sdiql\u0259yib. ARANTV.AZ-\u0131n m\u0259lumat\u0131na g\u00f6r\u0259, bu bar\u0259d\u0259 \u201cResmi Gazete\u201dd\u0259 x\u0259b\u0259r verilib. S\u0259n\u0259d bu il avqustun 8-d\u0259 Ankarada Az\u0259rbaycan\u0131n T\u00fcrkiy\u0259d\u0259ki s\u0259firi R\u0259\u015fad M\u0259mm\u0259dov v\u0259 T\u00fcrkiy\u0259nin k\u0259nd t\u0259s\u0259rr\u00fcfat\u0131 v\u0259 me\u015f\u0259 nazirinin m\u00fcavini Ahmet G\u00fcmen t\u0259r\u0259find\u0259n imzalan\u0131b. S\u0259n\u0259d\u0259 \u0259sas\u0259n, T\u00fcrkiy\u0259 v\u0259 Az\u0259rbaycan h\u00f6kum\u0259tl\u0259ri&hellip;","_links":{"self":[{"href":"https:\/\/arantv.az\/index.php?rest_route=\/wp\/v2\/posts\/652182"}],"collection":[{"href":"https:\/\/arantv.az\/index.php?rest_route=\/wp\/v2\/posts"}],"about":[{"href":"https:\/\/arantv.az\/index.php?rest_route=\/wp\/v2\/types\/post"}],"author":[{"embeddable":true,"href":"https:\/\/arantv.az\/index.php?rest_route=\/wp\/v2\/users\/2"}],"replies":[{"embeddable":true,"href":"https:\/\/arantv.az\/index.php?rest_route=%2Fwp%2Fv2%2Fcomments&post=652182"}],"version-history":[{"count":0,"href":"https:\/\/arantv.az\/index.php?rest_route=\/wp\/v2\/posts\/652182\/revisions"}],"wp:featuredmedia":[{"embeddable":true,"href":"https:\/\/arantv.az\/index.php?rest_route=\/wp\/v2\/media\/652183"}],"wp:attachment":[{"href":"https:\/\/arantv.az\/index.php?rest_route=%2Fwp%2Fv2%2Fmedia&parent=652182"}],"wp:term":[{"taxonomy":"category","embeddable":true,"href":"https:\/\/arantv.az\/index.php?rest_route=%2Fwp%2Fv2%2Fcategories&post=652182"},{"taxonomy":"post_tag","embeddable":true,"href":"https:\/\/arantv.az\/index.php?rest_route=%2Fwp%2Fv2%2Ftags&post=652182"}],"curies":[{"name":"wp","href":"https:\/\/api.w.org\/{rel}","templated":true}]}}