{"id":652346,"date":"2023-11-02T13:49:30","date_gmt":"2023-11-02T09:49:30","guid":{"rendered":"https:\/\/arantv.az\/?p=652346"},"modified":"2023-11-02T13:49:30","modified_gmt":"2023-11-02T09:49:30","slug":"tokayev-makron-danisiqlari-medalin-gorun%c9%99n-uzu-v%c9%99-arxasi-t%c9%99hlil-foto","status":"publish","type":"post","link":"https:\/\/arantv.az\/?p=652346","title":{"rendered":"Tokayev-Makron dan\u0131\u015f\u0131qlar\u0131: Medal\u0131n g\u00f6r\u00fcn\u0259n \u00fcz\u00fc v\u0259 arxas\u0131 &#8211; T\u018fHL\u0130L + FOTO"},"content":{"rendered":"<p>Fransa Prezidenti Emmanuel Makron Qazax\u0131stana s\u0259f\u0259r\u0259 getdi, bunun ard\u0131nca is\u0259 o, M\u0259rk\u0259zi Asiyan\u0131n dig\u0259r respublikas\u0131 \u00d6zb\u0259kistana ayaq bas\u0131r.<\/p>\n<p>Fransan\u0131n M\u0259rk\u0259zi Asiyadak\u0131 rolunu qiym\u0259tl\u0259ndirm\u0259kd\u0259n \u00f6tr\u00fc ilk n\u00f6vb\u0259d\u0259 regionun a\u00e7ar geosiyasi oyun\u00e7usu Qazax\u0131stanla Paris aras\u0131ndak\u0131 \u0259laq\u0259l\u0259rin dinamikas\u0131na diqq\u0259t yetirm\u0259kd\u0259 fayda var.<\/p>\n<p>Bunu Qazax\u0131stan Prezidenti Kas\u0131m Jomart-Tokayev Makronla g\u00f6r\u00fc\u015f\u00fcn\u00fcn n\u0259tic\u0259l\u0259rin\u0259 dair m\u0259tbuata birg\u0259 b\u0259yanatlar zaman\u0131 r\u0259q\u0259ml\u0259rl\u0259 g\u00f6st\u0259rdi.<\/p>\n<p>Tokayevin sitatlar\u0131n\u0131 tezis \u015f\u0259klind\u0259 komplektl\u0259\u015fdirib t\u0259qdim edirik.<\/p>\n<p>&#8211; Fransa Qazax\u0131stan\u0131n \u0259n b\u00f6y\u00fck ticar\u0259t t\u0259r\u0259fda\u015flar\u0131ndan biridir;<\/p>\n<p>&#8211; \u0130ki \u00f6lk\u0259 aras\u0131nda 2023-c\u00fc ilin s\u0259kkiz ay\u0131 \u0259rzind\u0259 ticar\u0259t d\u00f6vriyy\u0259sinin h\u0259cmi \u00f6t\u0259n ill\u0259 m\u00fcqayis\u0259d\u0259 21 faiz artaraq 2,7 milyard dollara \u00e7at\u0131b;<\/p>\n<p>&#8211; Fransa Qazax\u0131stana s\u0259rmay\u0259 qoyan \u0259sas xarici investorlardan biridir;<\/p>\n<p>&#8211; Fransa son 15 ild\u0259 Qazax\u0131stana 18,7 milyard dollar s\u0259rmay\u0259 y\u00f6n\u0259ldib;<\/p>\n<p>&#8211; Fransa il\u0259 Qazax\u0131stan enerji, n\u00fcv\u0259 s\u0259nayesi, m\u0259d\u0259n\u00e7\u0131xarma, kimya s\u0259nayesi, ma\u015f\u0131nqay\u0131rma, aerokosmik v\u0259 s\u0259hiyy\u0259 sah\u0259l\u0259rind\u0259 m\u00fch\u00fcm layih\u0259l\u0259r h\u0259yata ke\u00e7irirl\u0259r.<\/p>\n<p><img src=\"https:\/\/cdn.oxu.az\/uploads\/W1siZiIsIjIwMjMvMTEvMDIvMTEvMzYvMTUvNzFlMGM1ZGUtMzQ4OC00NGVkLWJhZWItZDViZWY1MDhhZWRkLzE2OTg4MzE3ODVfS1oxXzgwMjZfMi5qcGciXSxbInAiLCJlbmNvZGUiLCJqcGciLCItcXVhbGl0eSA4MCJdLFsicCIsInRodW1iIiwiNTkweDU5MFx1MDAzZSJdXQ?sha=4cd7c65bc0718b25\" alt=\"\" \/><\/p>\n<p>Fransa \u00fc\u00e7\u00fcn M\u0259rk\u0259zi Asiya il\u0259 t\u0259r\u0259fda\u015fl\u0131\u011f\u0131 m\u00f6hk\u0259ml\u0259ndirm\u0259yin a\u00e7\u0131q faydalar\u0131ndan biri potensial enerji sektorunda \u0259m\u0259kda\u015fl\u0131qd\u0131r.<\/p>\n<p>Qeyd ed\u0259k ki, Qazax\u0131stan \u0259h\u0259miyy\u0259tli uran ehtiyatlar\u0131na malikdir v\u0259 d\u00fcnyan\u0131n \u0259n b\u00f6y\u00fck istehsal\u00e7\u0131s\u0131d\u0131r.<\/p>\n<p>Fransan\u0131n elektrik enerjisinin t\u0259xmin\u0259n 70 faizinin n\u00fcv\u0259 enerjisind\u0259n g\u0259ldiyini n\u0259z\u0259r\u0259 alsaq, onun Qazax\u0131stanla d\u0259rinl\u0259\u015fdirilmi\u015f t\u0259r\u0259fda\u015fl\u0131\u011f\u0131 Fransa reaktorlar\u0131 \u00fc\u00e7\u00fcn ard\u0131c\u0131l uran t\u0259dar\u00fck\u00fcn\u00fc t\u0259min ed\u0259 bil\u0259r.<\/p>\n<p>Qazax\u0131stan\u0131n ehtiyac\u0131na g\u0259linc\u0259, o, \u00f6z s\u0259rh\u0259dl\u0259ri daxilind\u0259 atom elektrik stansiyas\u0131n\u0131n tikintisi il\u0259 ba\u011fl\u0131 referendum ke\u00e7irm\u0259y\u0259 haz\u0131rla\u015f\u0131r.<\/p>\n<p>Fransan\u0131n n\u00fcv\u0259 sektorunda d\u0259rin t\u0259cr\u00fcb\u0259sini n\u0259z\u0259r\u0259 alaraq, bu \u0259m\u0259kda\u015fl\u0131q Qazax\u0131stana \u0259la f\u00fcrs\u0259t t\u0259qdim edir.<\/p>\n<p>G\u00f6r\u00fcnd\u00fcy\u00fc kimi, Fransa il\u0259 Qazax\u0131stan\u0131n m\u00fcnasib\u0259tl\u0259ri normald\u0131r v\u0259 \u0259m\u0259kda\u015fl\u0131\u011f\u0131n geni\u015f sferas\u0131, x\u00fcsusil\u0259 n\u00fcv\u0259 s\u0259nayesi v\u0259 aerokosmik sah\u0259d\u0259ki \u0259laq\u0259l\u0259r iki \u00f6lk\u0259nin t\u0259hl\u00fck\u0259sizlik sah\u0259sind\u0259 d\u0259 bir-birin\u0259 ehtiyac\u0131n\u0131 yarad\u0131r.<\/p>\n<p>H\u0259r\u00e7\u0259nd, iki d\u00f6vl\u0259tin bir-birin\u0259 t\u0259hl\u00fck\u0259sizlik m\u00fcst\u0259visind\u0259 z\u0259man\u0259t verm\u0259si inand\u0131r\u0131c\u0131 g\u0259lmir. \u00c7\u00fcnki regionda s\u00fcr\u0259tl\u0259 inki\u015faf ed\u0259n ticar\u0259t dinamikas\u0131 geosiyasi g\u0259rginliyi art\u0131r\u0131r, sad\u0259c\u0259 olaraq, Qazax\u0131stan Transx\u0259z\u0259r Beyn\u0259lxalq N\u0259qliyyat Mar\u015frutunda (Orta D\u0259hliz) \u0259lveri\u015fli alternativ y\u00fcks\u0259li\u015fini bada verm\u0259k ist\u0259mir.<\/p>\n<p>Bu bax\u0131mdan, Fransa il\u0259 Qazax\u0131stan geosiyasi g\u0259rginlikd\u0259 perspektiv r\u0259qib olmaqdan yay\u0131n\u0131rlar, onlar\u0131n yax\u0131nl\u0131\u011f\u0131n\u0131n ruhundak\u0131 t\u0259hl\u00fck\u0259sizlik \u00e7a\u011f\u0131r\u0131\u015flar\u0131, uza\u011f\u0131, m\u00f6vcud m\u00fcnasib\u0259tl\u0259ri bir q\u0259d\u0259r ir\u0259liy\u0259 aparmaqla yadda qala bil\u0259r.<\/p>\n<p>Orta D\u0259hlizin mar\u015frutu \u00c7ind\u0259n ba\u015flay\u0131r, oradan Qazax\u0131stan, Az\u0259rbaycan, G\u00fcrc\u00fcstan, T\u00fcrkiy\u0259y\u0259 ke\u00e7ir v\u0259 Avropaya \u00e7\u0131x\u0131\u015f \u00fc\u00e7\u00fcn alternativ t\u0259qdim edir.<\/p>\n<p>\u00c7in bu \u015f\u0259b\u0259k\u0259y\u0259 \u00f6z\u00fc il\u0259 Avropa aras\u0131ndak\u0131 u\u00e7urumu aradan qald\u0131ran funksionall\u0131q qazand\u0131rmaq ist\u0259yir, bu bax\u0131mdan, Qazax\u0131stan Orta D\u0259hlizd\u0259 ticari \u0259laq\u0259l\u0259ri \u015fax\u0259l\u0259ndirm\u0259k missiyas\u0131n\u0131 canla-ba\u015fla yerin\u0259 yetirib h\u0259m \u00f6z\u00fc, h\u0259m d\u0259 region \u00fc\u00e7\u00fcn yaranan riskl\u0259ri azaltma\u011f\u0131 h\u0259d\u0259fl\u0259yir.<\/p>\n<p><img src=\"https:\/\/cdn.oxu.az\/uploads\/W1siZiIsIjIwMjMvMTEvMDIvMTEvMzYvMTUvMjQ0YTM4NmQtMzcyZS00NTYxLThkODYtZmFmNDc1ODU2NTNiLzE2OTg4MjEyMDlfS1oyXzU0MzdfMi5qcGciXSxbInAiLCJlbmNvZGUiLCJqcGciLCItcXVhbGl0eSA4MCJdLFsicCIsInRodW1iIiwiNTkweDU5MFx1MDAzZSJdXQ?sha=b7d9527f3cf523aa\" alt=\"\" \/><\/p>\n<p>Fransa Qazax\u0131stanla m\u00fcnasib\u0259tl\u0259rind\u0259n istifad\u0259 edib onun tranzit imkanlar\u0131n\u0131n daxilind\u0259 imperativl\u0259r formala\u015fd\u0131rma\u011fa meyil edir v\u0259 bununla M\u0259rk\u0259zi Asiya \u00fczr\u0259 prioritetl\u0259rini keyfiyy\u0259tli etm\u0259k niyy\u0259tini g\u00f6st\u0259rir.<\/p>\n<p>Ancaq t\u0259kc\u0259 ikit\u0259r\u0259fli m\u00fcnasib\u0259tl\u0259r kifay\u0259t deyil, g\u0259r\u0259k geosiyasi oyun\u00e7ular\u0131n da maraqlar\u0131 n\u0259z\u0259r\u0259 al\u0131ns\u0131n ki, ortadak\u0131 t\u0259hl\u00fck\u0259sizlik dilemmalar\u0131n\u0131 xo\u015f bir sistem \u0259v\u0259zl\u0259sin.<\/p>\n<p>Bu \u00e7ox \u00e7\u0259tin m\u0259s\u0259l\u0259dir, m\u00fcr\u0259kk\u0259bliyi t\u0259svir etm\u0259kd\u0259n \u00f6tr\u00fc bir ne\u00e7\u0259 amil\u0259 g\u00f6z atmaq laz\u0131md\u0131r.<\/p>\n<p>Birincisi, Rusiya amilidir. Orta D\u0259hliz Rusiyan\u0131n \u00fcst\u00fcnl\u00fck t\u0259\u015fkil etdiyi \u015eimal-C\u0259nub Beyn\u0259lxalq N\u0259qliyyat D\u0259hlizinin geoiqtisadi \u015fax\u0259l\u0259nm\u0259sin\u0259 mane\u0259 yarad\u0131r. \u00c7\u00fcnki h\u0259min mar\u015frut Rusiyadan yan ke\u00e7ir. H\u0259r\u00e7\u0259nd ki, Rusiya \u00fc\u00e7\u00fcn optimizm var. Bel\u0259 ki, Orta D\u0259hliz boyunca y\u00fckl\u0259rin h\u0259cminin artmas\u0131na baxmayaraq, o, h\u0259l\u0259 d\u0259 \u201c\u015eimal mar\u015frutu\u201d il\u0259 da\u015f\u0131nan \u00fcmumi y\u00fckl\u0259rin 10%-d\u0259n az\u0131n\u0131 t\u0259\u015fkil edir.<\/p>\n<p>\u0130kincisi, Q\u0259rbin bir par\u00e7as\u0131 olan Avropa \u0130ttifaq\u0131 Orta D\u0259hliz mar\u015frutuna g\u00f6r\u0259 sevinc\u0259k d\u00fc\u015f\u00fcb. Ancaq AB\u015e Orta D\u0259hlizin qlobal strateji \u0259h\u0259miyy\u0259tini \u00c7inin artan n\u00fcfuzu fonunda azaltmaq \u00fc\u00e7\u00fcn Avropa-Pekin m\u00fcnasib\u0259tl\u0259rinin aras\u0131na t\u0131xac vurmaq ist\u0259yir.<\/p>\n<p>Dem\u0259li, Rusiya v\u0259 AB\u015e f\u0259rqli m\u0259ntiql\u0259rl\u0259 olsa da, Orta D\u0259hlizin \u00f6z potensial\u0131n\u0131 tam realla\u015fd\u0131rmamas\u0131 \u00fc\u00e7\u00fcn infrastruktur keyfiyy\u0259ti il\u0259 ba\u011fl\u0131 problemli m\u0259s\u0259l\u0259l\u0259rd\u0259n v\u0259 ziddiyy\u0259tli milli maraqlardan maksimum istifad\u0259y\u0259 \u00e7al\u0131\u015fa bil\u0259rl\u0259r.<\/p>\n<p>\u00dc\u00e7\u00fcnc\u00fcs\u00fc v\u0259 el\u0259 \u0259n t\u0259hl\u00fck\u0259lil\u0259rind\u0259n biri Fransan\u0131n regional i\u015ftirak\u0131ndak\u0131 s\u0259viyy\u0259sidir, \u00e7\u00fcnki Paris \u00e7oxba\u015fl\u0131 qlobal oyun oynad\u0131\u011f\u0131n\u0131 he\u00e7 gizl\u0259tmir.<\/p>\n<p>Onun AB\u015e v\u0259 B\u00f6y\u00fck Britaniya il\u0259 m\u00fcnasib\u0259tl\u0259ri m\u00fctt\u0259fiqlikl\u0259 r\u0259qab\u0259tin harmoniyas\u0131na s\u00f6yk\u0259nir. Buna g\u00f6r\u0259 d\u0259 Paris gah \u00c7in, gah da Rusiya il\u0259 s\u00f6vd\u0259l\u0259\u015fm\u0259y\u0259 kanallar axtar\u0131r &#8211; yegan\u0259 m\u0259qs\u0259d Parisin regional v\u0259 qlobal statusundak\u0131 itkil\u0259rini kompensasiya etm\u0259kdir.<\/p>\n<p><img src=\"https:\/\/cdn.oxu.az\/uploads\/W1siZiIsIjIwMjMvMTEvMDIvMTEvMzcvMzEvMzBiZGM1ZTItM2ZhZC00ODk0LWEyZjYtNGZjYjEyOWRhY2NkLzE2OTg4NDA3NzJfS1oyXzY0ODhfMi5qcGciXSxbInAiLCJlbmNvZGUiLCJqcGciLCItcXVhbGl0eSA4MCJdLFsicCIsInRodW1iIiwiNTkweDU5MFx1MDAzZSJdXQ?sha=57de1977370357ad\" alt=\"\" \/><\/p>\n<p>Bu n\u00f6qt\u0259d\u0259 Makronun Qazax\u0131stan-Fransa Biznes Forumunda \u00f6lk\u0259sinin Orta D\u0259hlizin inki\u015faf\u0131na t\u00f6hf\u0259 verm\u0259y\u0259 haz\u0131r oldu\u011funu bildirm\u0259si diqq\u0259t \u00e7\u0259km\u0259y\u0259 bilm\u0259z. Fransa bununla iki m\u00fch\u00fcm m\u0259qs\u0259d g\u00fcd\u00fcr. Birinci n\u00f6vb\u0259d\u0259 Avropa \u0130ttifaq\u0131nda s\u00f6z sahibi oldu\u011funu g\u00f6st\u0259rib Br\u00fcsselin maraqlar\u0131n\u0131n t\u0259minind\u0259 \u0259sas v\u0259 kompleks t\u0259dbirl\u0259r\u0259 malik oldu\u011funu s\u0259rgil\u0259yir.<\/p>\n<p>\u0130kincisi, Makron Fransan\u0131n ambisiyalar\u0131n\u0131 \u00c7in \u00fc\u00e7\u00fcn \u015firnikl\u0259ndirici etm\u0259y\u0259 \u00e7al\u0131\u015f\u0131b Parisin regiondak\u0131 maraqlar\u0131n\u0131n t\u0259minind\u0259 Pekind\u0259n d\u0259st\u0259k umur.<\/p>\n<p>B\u00fct\u00fcn bunlar onu g\u00f6st\u0259rir ki, Qazax\u0131stan\u0131n Rusiya, \u00c7in kimi qon\u015fular\u0131 v\u0259 Q\u0259rbl\u0259 konstruktiv, mehriban qon\u015fuluq m\u00fcnasib\u0259tl\u0259rin\u0259 ehtiyac\u0131 davam ed\u0259c\u0259k. Astanan\u0131n bu n\u00f6qteyi-n\u0259z\u0259ri \u00f6z\u00fcn\u00fc geosiyasi m\u00fcr\u0259kk\u0259blik qat\u0131n\u0131n artmas\u0131ndan s\u0131\u011fortalamaqd\u0131r.<\/p>\n<p>Dem\u0259li, Tokayev-Makron dan\u0131\u015f\u0131qlar\u0131n\u0131n mahiyy\u0259ti qeyd edil\u0259n tendensiyalar\u0131n fonunda b\u00f6y\u00fck bir \u00f6l\u00e7\u00fcd\u0259 a\u00e7\u0131l\u0131r.<\/p>\n<p>Makronun \u00d6zb\u0259kistana yolunu salmas\u0131 is\u0259 onu g\u00f6st\u0259r\u0259c\u0259k ki, Fransa M\u0259rk\u0259zi Asiya il\u0259 \u0259laq\u0259l\u0259rd\u0259ki dinamikan\u0131 Avropa \u0130ttifaq\u0131 daxilind\u0259 \u00f6z\u00fcn\u00fcn h\u00f6kmran m\u00f6vqeyi kimi inki\u015faf etdir\u0259c\u0259k.<\/p>\n<p>\u00dcmumi bir fonda, Fransan\u0131n geosiyasi oyunlar\u0131n ke\u00e7id n\u00f6qt\u0259l\u0259rinin birind\u0259 &#8211; M\u0259rk\u0259zi Asiyada &#8211; f\u0259al \u015f\u0259kild\u0259 t\u0259sir \u0259ld\u0259 etm\u0259y\u0259 \u00e7al\u0131\u015fmas\u0131 regiondak\u0131 tarazl\u0131\u011f\u0131 \u0259y\u0259 bil\u0259r.<\/p>\n","protected":false},"excerpt":{"rendered":"<p>Fransa Prezidenti Emmanuel Makron Qazax\u0131stana s\u0259f\u0259r\u0259 getdi, bunun ard\u0131nca is\u0259 o, M\u0259rk\u0259zi Asiyan\u0131n dig\u0259r respublikas\u0131 \u00d6zb\u0259kistana ayaq bas\u0131r. Fransan\u0131n M\u0259rk\u0259zi Asiyadak\u0131 rolunu qiym\u0259tl\u0259ndirm\u0259kd\u0259n \u00f6tr\u00fc ilk n\u00f6vb\u0259d\u0259 regionun a\u00e7ar geosiyasi oyun\u00e7usu Qazax\u0131stanla Paris aras\u0131ndak\u0131 \u0259laq\u0259l\u0259rin dinamikas\u0131na diqq\u0259t yetirm\u0259kd\u0259 fayda var. Bunu Qazax\u0131stan Prezidenti Kas\u0131m Jomart-Tokayev Makronla g\u00f6r\u00fc\u015f\u00fcn\u00fcn n\u0259tic\u0259l\u0259rin\u0259 dair m\u0259tbuata birg\u0259 b\u0259yanatlar zaman\u0131 r\u0259q\u0259ml\u0259rl\u0259 g\u00f6st\u0259rdi. Tokayevin sitatlar\u0131n\u0131 tezis \u015f\u0259klind\u0259 komplektl\u0259\u015fdirib t\u0259qdim edirik. &#8211; Fransa Qazax\u0131stan\u0131n \u0259n b\u00f6y\u00fck ticar\u0259t t\u0259r\u0259fda\u015flar\u0131ndan biridir; &#8211; \u0130ki \u00f6lk\u0259 aras\u0131nda 2023-c\u00fc ilin s\u0259kkiz ay\u0131 \u0259rzind\u0259 ticar\u0259t d\u00f6vriyy\u0259sinin h\u0259cmi \u00f6t\u0259n ill\u0259 m\u00fcqayis\u0259d\u0259 21 faiz artaraq 2,7 milyard dollara&hellip;<\/p>\n","protected":false},"author":2,"featured_media":652350,"comment_status":"closed","ping_status":"closed","sticky":false,"template":"","format":"standard","meta":{"om_disable_all_campaigns":false,"_monsterinsights_skip_tracking":false,"_monsterinsights_sitenote_active":false,"_monsterinsights_sitenote_note":"","_monsterinsights_sitenote_category":0},"categories":[4],"tags":[],"aioseo_notices":[],"gutentor_comment":0,"rttpg_featured_image_url":{"full":["https:\/\/arantv.az\/wp-content\/uploads\/2023\/11\/1698821181_KZ2_5148_2.jpg",620,413,false],"landscape":["https:\/\/arantv.az\/wp-content\/uploads\/2023\/11\/1698821181_KZ2_5148_2.jpg",620,413,false],"portraits":["https:\/\/arantv.az\/wp-content\/uploads\/2023\/11\/1698821181_KZ2_5148_2.jpg",620,413,false],"thumbnail":["https:\/\/arantv.az\/wp-content\/uploads\/2023\/11\/1698821181_KZ2_5148_2-500x280.jpg",500,280,true],"medium":["https:\/\/arantv.az\/wp-content\/uploads\/2023\/11\/1698821181_KZ2_5148_2-548x365.jpg",548,365,true],"large":["https:\/\/arantv.az\/wp-content\/uploads\/2023\/11\/1698821181_KZ2_5148_2.jpg",620,413,false],"1536x1536":["https:\/\/arantv.az\/wp-content\/uploads\/2023\/11\/1698821181_KZ2_5148_2.jpg",620,413,false],"2048x2048":["https:\/\/arantv.az\/wp-content\/uploads\/2023\/11\/1698821181_KZ2_5148_2.jpg",620,413,false],"post-thumbnail":["https:\/\/arantv.az\/wp-content\/uploads\/2023\/11\/1698821181_KZ2_5148_2-240x172.jpg",240,172,true],"advps-thumb-one":["https:\/\/arantv.az\/wp-content\/uploads\/2023\/11\/1698821181_KZ2_5148_2.jpg",620,413,false]},"rttpg_author":{"display_name":"V\u00fcsal Rafiqo\u011flu","author_link":"https:\/\/arantv.az\/?author=2"},"rttpg_comment":0,"rttpg_category":"<a href=\"https:\/\/arantv.az\/?cat=4\" rel=\"category\">Siyas\u0259t<\/a>","rttpg_excerpt":"Fransa Prezidenti Emmanuel Makron Qazax\u0131stana s\u0259f\u0259r\u0259 getdi, bunun ard\u0131nca is\u0259 o, M\u0259rk\u0259zi Asiyan\u0131n dig\u0259r respublikas\u0131 \u00d6zb\u0259kistana ayaq bas\u0131r. Fransan\u0131n M\u0259rk\u0259zi Asiyadak\u0131 rolunu qiym\u0259tl\u0259ndirm\u0259kd\u0259n \u00f6tr\u00fc ilk n\u00f6vb\u0259d\u0259 regionun a\u00e7ar geosiyasi oyun\u00e7usu Qazax\u0131stanla Paris aras\u0131ndak\u0131 \u0259laq\u0259l\u0259rin dinamikas\u0131na diqq\u0259t yetirm\u0259kd\u0259 fayda var. Bunu Qazax\u0131stan Prezidenti Kas\u0131m Jomart-Tokayev Makronla g\u00f6r\u00fc\u015f\u00fcn\u00fcn n\u0259tic\u0259l\u0259rin\u0259 dair m\u0259tbuata birg\u0259 b\u0259yanatlar zaman\u0131 r\u0259q\u0259ml\u0259rl\u0259 g\u00f6st\u0259rdi. Tokayevin&hellip;","_links":{"self":[{"href":"https:\/\/arantv.az\/index.php?rest_route=\/wp\/v2\/posts\/652346"}],"collection":[{"href":"https:\/\/arantv.az\/index.php?rest_route=\/wp\/v2\/posts"}],"about":[{"href":"https:\/\/arantv.az\/index.php?rest_route=\/wp\/v2\/types\/post"}],"author":[{"embeddable":true,"href":"https:\/\/arantv.az\/index.php?rest_route=\/wp\/v2\/users\/2"}],"replies":[{"embeddable":true,"href":"https:\/\/arantv.az\/index.php?rest_route=%2Fwp%2Fv2%2Fcomments&post=652346"}],"version-history":[{"count":0,"href":"https:\/\/arantv.az\/index.php?rest_route=\/wp\/v2\/posts\/652346\/revisions"}],"wp:featuredmedia":[{"embeddable":true,"href":"https:\/\/arantv.az\/index.php?rest_route=\/wp\/v2\/media\/652350"}],"wp:attachment":[{"href":"https:\/\/arantv.az\/index.php?rest_route=%2Fwp%2Fv2%2Fmedia&parent=652346"}],"wp:term":[{"taxonomy":"category","embeddable":true,"href":"https:\/\/arantv.az\/index.php?rest_route=%2Fwp%2Fv2%2Fcategories&post=652346"},{"taxonomy":"post_tag","embeddable":true,"href":"https:\/\/arantv.az\/index.php?rest_route=%2Fwp%2Fv2%2Ftags&post=652346"}],"curies":[{"name":"wp","href":"https:\/\/api.w.org\/{rel}","templated":true}]}}