{"id":652349,"date":"2023-11-02T13:50:30","date_gmt":"2023-11-02T09:50:30","guid":{"rendered":"https:\/\/arantv.az\/?p=652349"},"modified":"2023-11-02T13:50:30","modified_gmt":"2023-11-02T09:50:30","slug":"bu-gun-az%c9%99rbaycan-v%c9%99t%c9%99ndaslari-da-q%c9%99zzadan-cixarilacaqlar","status":"publish","type":"post","link":"https:\/\/arantv.az\/?p=652349","title":{"rendered":"Bu g\u00fcn Az\u0259rbaycan v\u0259t\u0259nda\u015flar\u0131 da Q\u0259zzadan \u00e7\u0131xar\u0131lacaqlar"},"content":{"rendered":"<p>Q\u0259zza zola\u011f\u0131n\u0131n S\u0259rh\u0259d M\u00fchafiz\u0259si noyabr\u0131n 2-d\u0259 Misirl\u0259 s\u0259rh\u0259dd\u0259ki \u201cR\u0259fah\u201d ke\u00e7id m\u0259nt\u0259q\u0259si vasit\u0259sil\u0259 anklav\u0131 t\u0259rk ed\u0259 bil\u0259c\u0259k t\u0259xmin\u0259n 600 n\u0259f\u0259rin ad\u0131 olan siyah\u0131 d\u0259rc edib.<\/p>\n<p>M\u0259lumata g\u00f6r\u0259, faylda 596 \u0259cn\u0259binin v\u0259 ikili v\u0259t\u0259nda\u015flar\u0131n, o c\u00fcml\u0259d\u0259n 400 AB\u015e v\u0259t\u0259nda\u015f\u0131n\u0131n adlar\u0131 v\u0259 pasport m\u0259lumatlar\u0131 var.<\/p>\n<p>Qeyd ed\u0259k ki, siyah\u0131ya Az\u0259rbaycan, Bel\u00e7ika, B\u0259hreyn, Niderland, Macar\u0131stan, \u0130sve\u00e7r\u0259 v\u0259 C\u0259nubi Koreya v\u0259t\u0259nda\u015flar\u0131 da daxildirl\u0259r.<\/p>\n<p>M\u0259nb\u0259: TASS<\/p>\n","protected":false},"excerpt":{"rendered":"<p>Q\u0259zza zola\u011f\u0131n\u0131n S\u0259rh\u0259d M\u00fchafiz\u0259si noyabr\u0131n 2-d\u0259 Misirl\u0259 s\u0259rh\u0259dd\u0259ki \u201cR\u0259fah\u201d ke\u00e7id m\u0259nt\u0259q\u0259si vasit\u0259sil\u0259 anklav\u0131 t\u0259rk ed\u0259 bil\u0259c\u0259k t\u0259xmin\u0259n 600 n\u0259f\u0259rin ad\u0131 olan siyah\u0131 d\u0259rc edib. M\u0259lumata g\u00f6r\u0259, faylda 596 \u0259cn\u0259binin v\u0259 ikili v\u0259t\u0259nda\u015flar\u0131n, o c\u00fcml\u0259d\u0259n 400 AB\u015e v\u0259t\u0259nda\u015f\u0131n\u0131n adlar\u0131 v\u0259 pasport m\u0259lumatlar\u0131 var. Qeyd ed\u0259k ki, siyah\u0131ya Az\u0259rbaycan, Bel\u00e7ika, B\u0259hreyn, Niderland, Macar\u0131stan, \u0130sve\u00e7r\u0259 v\u0259 C\u0259nubi Koreya v\u0259t\u0259nda\u015flar\u0131 da daxildirl\u0259r. M\u0259nb\u0259: TASS<\/p>\n","protected":false},"author":2,"featured_media":652353,"comment_status":"closed","ping_status":"closed","sticky":false,"template":"","format":"standard","meta":{"om_disable_all_campaigns":false,"_monsterinsights_skip_tracking":false,"_monsterinsights_sitenote_active":false,"_monsterinsights_sitenote_note":"","_monsterinsights_sitenote_category":0},"categories":[7],"tags":[],"aioseo_notices":[],"gutentor_comment":0,"rttpg_featured_image_url":{"full":["https:\/\/arantv.az\/wp-content\/uploads\/2023\/11\/FotoJet-2023-10-31T100822.477.jpg",620,413,false],"landscape":["https:\/\/arantv.az\/wp-content\/uploads\/2023\/11\/FotoJet-2023-10-31T100822.477.jpg",620,413,false],"portraits":["https:\/\/arantv.az\/wp-content\/uploads\/2023\/11\/FotoJet-2023-10-31T100822.477.jpg",620,413,false],"thumbnail":["https:\/\/arantv.az\/wp-content\/uploads\/2023\/11\/FotoJet-2023-10-31T100822.477-500x280.jpg",500,280,true],"medium":["https:\/\/arantv.az\/wp-content\/uploads\/2023\/11\/FotoJet-2023-10-31T100822.477-548x365.jpg",548,365,true],"large":["https:\/\/arantv.az\/wp-content\/uploads\/2023\/11\/FotoJet-2023-10-31T100822.477.jpg",620,413,false],"1536x1536":["https:\/\/arantv.az\/wp-content\/uploads\/2023\/11\/FotoJet-2023-10-31T100822.477.jpg",620,413,false],"2048x2048":["https:\/\/arantv.az\/wp-content\/uploads\/2023\/11\/FotoJet-2023-10-31T100822.477.jpg",620,413,false],"post-thumbnail":["https:\/\/arantv.az\/wp-content\/uploads\/2023\/11\/FotoJet-2023-10-31T100822.477-240x172.jpg",240,172,true],"advps-thumb-one":["https:\/\/arantv.az\/wp-content\/uploads\/2023\/11\/FotoJet-2023-10-31T100822.477.jpg",620,413,false]},"rttpg_author":{"display_name":"V\u00fcsal Rafiqo\u011flu","author_link":"https:\/\/arantv.az\/?author=2"},"rttpg_comment":0,"rttpg_category":"<a href=\"https:\/\/arantv.az\/?cat=7\" rel=\"category\">D\u00fcnya<\/a>","rttpg_excerpt":"Q\u0259zza zola\u011f\u0131n\u0131n S\u0259rh\u0259d M\u00fchafiz\u0259si noyabr\u0131n 2-d\u0259 Misirl\u0259 s\u0259rh\u0259dd\u0259ki \u201cR\u0259fah\u201d ke\u00e7id m\u0259nt\u0259q\u0259si vasit\u0259sil\u0259 anklav\u0131 t\u0259rk ed\u0259 bil\u0259c\u0259k t\u0259xmin\u0259n 600 n\u0259f\u0259rin ad\u0131 olan siyah\u0131 d\u0259rc edib. M\u0259lumata g\u00f6r\u0259, faylda 596 \u0259cn\u0259binin v\u0259 ikili v\u0259t\u0259nda\u015flar\u0131n, o c\u00fcml\u0259d\u0259n 400 AB\u015e v\u0259t\u0259nda\u015f\u0131n\u0131n adlar\u0131 v\u0259 pasport m\u0259lumatlar\u0131 var. Qeyd ed\u0259k ki, siyah\u0131ya Az\u0259rbaycan, Bel\u00e7ika, B\u0259hreyn, Niderland, Macar\u0131stan, \u0130sve\u00e7r\u0259 v\u0259 C\u0259nubi Koreya&hellip;","_links":{"self":[{"href":"https:\/\/arantv.az\/index.php?rest_route=\/wp\/v2\/posts\/652349"}],"collection":[{"href":"https:\/\/arantv.az\/index.php?rest_route=\/wp\/v2\/posts"}],"about":[{"href":"https:\/\/arantv.az\/index.php?rest_route=\/wp\/v2\/types\/post"}],"author":[{"embeddable":true,"href":"https:\/\/arantv.az\/index.php?rest_route=\/wp\/v2\/users\/2"}],"replies":[{"embeddable":true,"href":"https:\/\/arantv.az\/index.php?rest_route=%2Fwp%2Fv2%2Fcomments&post=652349"}],"version-history":[{"count":0,"href":"https:\/\/arantv.az\/index.php?rest_route=\/wp\/v2\/posts\/652349\/revisions"}],"wp:featuredmedia":[{"embeddable":true,"href":"https:\/\/arantv.az\/index.php?rest_route=\/wp\/v2\/media\/652353"}],"wp:attachment":[{"href":"https:\/\/arantv.az\/index.php?rest_route=%2Fwp%2Fv2%2Fmedia&parent=652349"}],"wp:term":[{"taxonomy":"category","embeddable":true,"href":"https:\/\/arantv.az\/index.php?rest_route=%2Fwp%2Fv2%2Fcategories&post=652349"},{"taxonomy":"post_tag","embeddable":true,"href":"https:\/\/arantv.az\/index.php?rest_route=%2Fwp%2Fv2%2Ftags&post=652349"}],"curies":[{"name":"wp","href":"https:\/\/api.w.org\/{rel}","templated":true}]}}