{"id":652360,"date":"2023-11-02T13:57:09","date_gmt":"2023-11-02T09:57:09","guid":{"rendered":"https:\/\/arantv.az\/?p=652360"},"modified":"2023-11-02T13:57:09","modified_gmt":"2023-11-02T09:57:09","slug":"bu-il-az%c9%99rbaycanda-orta-illik-inflyasiya-n%c9%99-q%c9%99d%c9%99r-olacaq-nazir-aciqladi","status":"publish","type":"post","link":"https:\/\/arantv.az\/?p=652360","title":{"rendered":"Bu il Az\u0259rbaycanda orta illik inflyasiya n\u0259 q\u0259d\u0259r olacaq? &#8211; Nazir A\u00c7IQLADI"},"content":{"rendered":"<p>\u201cQiym\u0259t art\u0131mlar\u0131na t\u0259sir ed\u0259n xarici v\u0259 daxili amill\u0259r, o c\u00fcml\u0259d\u0259n n\u00f6vb\u0259ti il d\u00fcnyada \u0259rzaq qiym\u0259tl\u0259ri indeksinin nisb\u0259t\u0259n a\u015fa\u011f\u0131 d\u00fc\u015f\u0259c\u0259yi proqnozlar\u0131 n\u0259z\u0259r\u0259 al\u0131nmaqla Az\u0259rbaycanda orta illik inflyasiya cari ild\u0259 9,5% s\u0259viyy\u0259sind\u0259 olacaq\u201d.<\/p>\n<p>\u201cReport\u201d x\u0259b\u0259r verir ki, bunu iqtisadiyyat naziri Mikay\u0131l Cabbarov Milli M\u0259clisin \u0130qtisadi siyas\u0259t, s\u0259naye v\u0259 sahibkarl\u0131q komit\u0259sinin bu g\u00fcn ke\u00e7iril\u0259n iclas\u0131nda 2024-c\u00fc ilin d\u00f6vl\u0259t b\u00fcdc\u0259sinin proqnozlar\u0131n\u0131n m\u00fczakir\u0259si zaman\u0131 deyib.<\/p>\n<p>Nazir bildirib ki, inflyasiyan\u0131n 2024-c\u00fc ild\u0259 5,3%, 2025-2027-ci ill\u0259rd\u0259 is\u0259 strategiya il\u0259 m\u00fc\u0259yy\u0259n edilmi\u015f h\u0259d\u0259f diapazonuna uy\u011fun olaraq 4-5% \u0259traf\u0131nda olaca\u011f\u0131 proqnozla\u015fd\u0131r\u0131l\u0131r.<\/p>\n","protected":false},"excerpt":{"rendered":"<p>\u201cQiym\u0259t art\u0131mlar\u0131na t\u0259sir ed\u0259n xarici v\u0259 daxili amill\u0259r, o c\u00fcml\u0259d\u0259n n\u00f6vb\u0259ti il d\u00fcnyada \u0259rzaq qiym\u0259tl\u0259ri indeksinin nisb\u0259t\u0259n a\u015fa\u011f\u0131 d\u00fc\u015f\u0259c\u0259yi proqnozlar\u0131 n\u0259z\u0259r\u0259 al\u0131nmaqla Az\u0259rbaycanda orta illik inflyasiya cari ild\u0259 9,5% s\u0259viyy\u0259sind\u0259 olacaq\u201d. \u201cReport\u201d x\u0259b\u0259r verir ki, bunu iqtisadiyyat naziri Mikay\u0131l Cabbarov Milli M\u0259clisin \u0130qtisadi siyas\u0259t, s\u0259naye v\u0259 sahibkarl\u0131q komit\u0259sinin bu g\u00fcn ke\u00e7iril\u0259n iclas\u0131nda 2024-c\u00fc ilin d\u00f6vl\u0259t b\u00fcdc\u0259sinin proqnozlar\u0131n\u0131n m\u00fczakir\u0259si zaman\u0131 deyib. Nazir bildirib ki, inflyasiyan\u0131n 2024-c\u00fc ild\u0259 5,3%, 2025-2027-ci ill\u0259rd\u0259 is\u0259 strategiya il\u0259 m\u00fc\u0259yy\u0259n edilmi\u015f h\u0259d\u0259f diapazonuna uy\u011fun olaraq 4-5% \u0259traf\u0131nda olaca\u011f\u0131 proqnozla\u015fd\u0131r\u0131l\u0131r.<\/p>\n","protected":false},"author":2,"featured_media":652362,"comment_status":"closed","ping_status":"closed","sticky":false,"template":"","format":"standard","meta":{"om_disable_all_campaigns":false,"_monsterinsights_skip_tracking":false,"_monsterinsights_sitenote_active":false,"_monsterinsights_sitenote_note":"","_monsterinsights_sitenote_category":0},"categories":[19],"tags":[],"aioseo_notices":[],"gutentor_comment":0,"rttpg_featured_image_url":{"full":["https:\/\/arantv.az\/wp-content\/uploads\/2023\/11\/363506497_1778584682598727_1310661306068099355_n.jpg",620,413,false],"landscape":["https:\/\/arantv.az\/wp-content\/uploads\/2023\/11\/363506497_1778584682598727_1310661306068099355_n.jpg",620,413,false],"portraits":["https:\/\/arantv.az\/wp-content\/uploads\/2023\/11\/363506497_1778584682598727_1310661306068099355_n.jpg",620,413,false],"thumbnail":["https:\/\/arantv.az\/wp-content\/uploads\/2023\/11\/363506497_1778584682598727_1310661306068099355_n-500x280.jpg",500,280,true],"medium":["https:\/\/arantv.az\/wp-content\/uploads\/2023\/11\/363506497_1778584682598727_1310661306068099355_n-548x365.jpg",548,365,true],"large":["https:\/\/arantv.az\/wp-content\/uploads\/2023\/11\/363506497_1778584682598727_1310661306068099355_n.jpg",620,413,false],"1536x1536":["https:\/\/arantv.az\/wp-content\/uploads\/2023\/11\/363506497_1778584682598727_1310661306068099355_n.jpg",620,413,false],"2048x2048":["https:\/\/arantv.az\/wp-content\/uploads\/2023\/11\/363506497_1778584682598727_1310661306068099355_n.jpg",620,413,false],"post-thumbnail":["https:\/\/arantv.az\/wp-content\/uploads\/2023\/11\/363506497_1778584682598727_1310661306068099355_n-240x172.jpg",240,172,true],"advps-thumb-one":["https:\/\/arantv.az\/wp-content\/uploads\/2023\/11\/363506497_1778584682598727_1310661306068099355_n.jpg",620,413,false]},"rttpg_author":{"display_name":"V\u00fcsal Rafiqo\u011flu","author_link":"https:\/\/arantv.az\/?author=2"},"rttpg_comment":0,"rttpg_category":"<a href=\"https:\/\/arantv.az\/?cat=19\" rel=\"category\">G\u00fcnd\u0259m<\/a>","rttpg_excerpt":"\u201cQiym\u0259t art\u0131mlar\u0131na t\u0259sir ed\u0259n xarici v\u0259 daxili amill\u0259r, o c\u00fcml\u0259d\u0259n n\u00f6vb\u0259ti il d\u00fcnyada \u0259rzaq qiym\u0259tl\u0259ri indeksinin nisb\u0259t\u0259n a\u015fa\u011f\u0131 d\u00fc\u015f\u0259c\u0259yi proqnozlar\u0131 n\u0259z\u0259r\u0259 al\u0131nmaqla Az\u0259rbaycanda orta illik inflyasiya cari ild\u0259 9,5% s\u0259viyy\u0259sind\u0259 olacaq\u201d. \u201cReport\u201d x\u0259b\u0259r verir ki, bunu iqtisadiyyat naziri Mikay\u0131l Cabbarov Milli M\u0259clisin \u0130qtisadi siyas\u0259t, s\u0259naye v\u0259 sahibkarl\u0131q komit\u0259sinin bu g\u00fcn ke\u00e7iril\u0259n iclas\u0131nda 2024-c\u00fc ilin d\u00f6vl\u0259t&hellip;","_links":{"self":[{"href":"https:\/\/arantv.az\/index.php?rest_route=\/wp\/v2\/posts\/652360"}],"collection":[{"href":"https:\/\/arantv.az\/index.php?rest_route=\/wp\/v2\/posts"}],"about":[{"href":"https:\/\/arantv.az\/index.php?rest_route=\/wp\/v2\/types\/post"}],"author":[{"embeddable":true,"href":"https:\/\/arantv.az\/index.php?rest_route=\/wp\/v2\/users\/2"}],"replies":[{"embeddable":true,"href":"https:\/\/arantv.az\/index.php?rest_route=%2Fwp%2Fv2%2Fcomments&post=652360"}],"version-history":[{"count":0,"href":"https:\/\/arantv.az\/index.php?rest_route=\/wp\/v2\/posts\/652360\/revisions"}],"wp:featuredmedia":[{"embeddable":true,"href":"https:\/\/arantv.az\/index.php?rest_route=\/wp\/v2\/media\/652362"}],"wp:attachment":[{"href":"https:\/\/arantv.az\/index.php?rest_route=%2Fwp%2Fv2%2Fmedia&parent=652360"}],"wp:term":[{"taxonomy":"category","embeddable":true,"href":"https:\/\/arantv.az\/index.php?rest_route=%2Fwp%2Fv2%2Fcategories&post=652360"},{"taxonomy":"post_tag","embeddable":true,"href":"https:\/\/arantv.az\/index.php?rest_route=%2Fwp%2Fv2%2Ftags&post=652360"}],"curies":[{"name":"wp","href":"https:\/\/api.w.org\/{rel}","templated":true}]}}