{"id":65238,"date":"2019-06-10T11:40:25","date_gmt":"2019-06-10T08:40:25","guid":{"rendered":"http:\/\/arantv.az\/?p=65238"},"modified":"2019-06-10T11:40:27","modified_gmt":"2019-06-10T08:40:27","slug":"deputat-heyd%c9%99r-%c9%99liyevin-xilaskarliq-missiyasi-az%c9%99rbaycan-m%c9%99hv-olmaqdan-parcalanmaqdan-xilas-etdi","status":"publish","type":"post","link":"https:\/\/arantv.az\/?p=65238","title":{"rendered":"Deputat: &#8220;Heyd\u0259r \u018fliyevin xilaskarl\u0131q missiyas\u0131 Az\u0259rbaycan m\u0259hv olmaqdan, par\u00e7alanmaqdan xilas etdi&#8221;"},"content":{"rendered":"<blockquote><p><em><strong>Ulu \u00f6nd\u0259r Heyd\u0259r \u018fliyev h\u0259yat\u0131n\u0131n b\u00f6y\u00fck hiss\u0259sini Az\u0259rbaycan xalq\u0131na h\u0259sr edib v\u0259 bu g\u00fcn b\u00fct\u00fcn sah\u0259l\u0259rd\u0259 ulu \u00f6nd\u0259rin \u0259m\u0259yi \u00f6z\u00fcn\u00fc g\u00f6st\u0259rir.<\/strong><\/em><\/p><\/blockquote>\n<p><strong>ARANTV.AZ<\/strong> x\u0259b\u0259r verir ki, bunu\u00a0<a href=\"https:\/\/az.trend.az\/\" target=\"_blank\" rel=\"noopener\">Trend<\/a>-\u0259 Milli M\u0259clisin Yeni Az\u0259rbaycan Partiyas\u0131ndan olan deputat\u0131 Ayd\u0131n H\u00fcseynov deyib.<\/p>\n<p>A.H\u00fcseynov vur\u011fulay\u0131b ki, \u00fcmummilli lider Heyd\u0259r \u018fliyevin Az\u0259rbaycan xalq\u0131 qar\u015f\u0131s\u0131nda g\u00f6st\u0259rdiyi xidm\u0259tl\u0259rin h\u0259ddi-h\u00fcdudu yoxdur, lakin onun f\u0259aliyy\u0259tinin zirv\u0259si m\u0259hz m\u00fcst\u0259qil Az\u0259rbaycan d\u00f6vl\u0259tini qurmas\u0131d\u0131r:<\/p>\n<p>&#8220;M\u00fcst\u0259qilliyimizin ilk vaxtlar\u0131nda hakimiyy\u0259td\u0259 olan AXC-M\u00fcsavat c\u00fctl\u00fcy\u00fcn\u00fcn s\u0259ri\u015ft\u0259siz f\u0259aliyy\u0259ti \u00f6lk\u0259ni xaos v\u0259 anarxiyaya s\u00fcr\u00fckl\u0259yirdi, \u00f6lk\u0259 par\u00e7alanmaq, m\u00fcst\u0259qilliyini itirm\u0259k t\u0259hl\u00fck\u0259si il\u0259 \u00fcz-\u00fcz\u0259 qalm\u0131\u015fd\u0131. Dig\u0259r t\u0259r\u0259fd\u0259n c\u0259bh\u0259d\u0259ki u\u011fursuzluqlar, iqtisadi v\u0259 sosial b\u00f6hran v\u0259ziyy\u0259ti daha da a\u011f\u0131rla\u015fd\u0131r\u0131rd\u0131&#8221;.<\/p>\n<p>Mill\u0259t v\u0259kilinin s\u00f6zl\u0259rin\u0259 g\u00f6r\u0259, bel\u0259 bir \u00e7\u0259tin v\u0259ziyy\u0259td\u0259 xalq yegan\u0259 \u00e7\u0131x\u0131\u015f yolunu ulu \u00f6nd\u0259r Heyd\u0259r \u018fliyevin hakimiyy\u0259t\u0259 qay\u0131tmas\u0131nda g\u00f6rd\u00fc:<\/p>\n<p>&#8220;\u00dcmummilli lider Heyd\u0259r \u018fliyevin Heyd\u0259r \u018fliyevin xilaskarl\u0131q missiyas\u0131 Az\u0259rbaycan m\u0259hv olmaqdan, par\u00e7alanmaqdan xilas etdi. Heyd\u0259r \u018fliyevin ikinci d\u0259f\u0259 hakimiyy\u0259t\u0259 qay\u0131d\u0131\u015f\u0131ndan sonra \u00f6lk\u0259miz b\u0259lalardan qurtuldu, h\u0259min d\u00f6vrd\u0259 ulu \u00f6nd\u0259rin h\u0259yata ke\u00e7irdiyi m\u00fch\u00fcm i\u015fl\u0259r n\u0259tic\u0259sind\u0259 Az\u0259rbaycan inki\u015faf yoluna q\u0259d\u0259m qoydu v\u0259 d\u00fcnyada tan\u0131nma\u011fa ba\u015flad\u0131. \u018fg\u0259r h\u0259min \u00e7\u0259tin d\u00f6vrd\u0259 Heyd\u0259r \u018fliyev hakimiyy\u0259t\u0259 g\u0259lm\u0259s\u0259ydi, Az\u0259rbaycan xalq\u0131n\u0131n ba\u015f\u0131na hans\u0131 faci\u0259l\u0259rin g\u0259l\u0259c\u0259yini he\u00e7 kim bilmirdi. O vaxt\u0131 s\u0259ri\u015ft\u0259siz hakimiyy\u0259tin f\u0259aliyy\u0259ti n\u0259tic\u0259sind\u0259 Az\u0259rbaycan\u0131n m\u00fcst\u0259qilliyi t\u0259hdid alt\u0131nda idi, lakin Heyd\u0259r \u018fliyevin h\u0259yata ke\u00e7irdiyi t\u0259xir\u0259sal\u0131nmaz t\u0259dbirl\u0259r n\u0259tic\u0259sind\u0259 Az\u0259rbaycan bu b\u0259lalardan qurtuldu v\u0259 d\u00f6vl\u0259t quruculu\u011fu istiqam\u0259tind\u0259 b\u00f6y\u00fck i\u015fl\u0259r h\u0259yata ke\u00e7irilm\u0259y\u0259 ba\u015fland\u0131. 1993-c\u00fc il iyunun 15-d\u0259 Heyd\u0259r \u018fliyevin Az\u0259rbaycan parlamentinin s\u0259dri v\u0259zif\u0259sin\u0259 se\u00e7ilm\u0259si m\u00fcasir tariximizd\u0259 d\u00f6n\u00fc\u015f n\u00f6qt\u0259si idi&#8221;.<\/p>\n<p>A.H\u00fcseynov qeyd edib ki, Heyd\u0259r \u018fliyevin qay\u0131d\u0131\u015f\u0131ndan sonra siyasi sabitlik b\u0259rpa olunmaqla yana\u015f\u0131, \u00f6lk\u0259 iqtisadiyyat\u0131 da inki\u015faf yoluna q\u0259d\u0259m qoydu: &#8220;\u00d6lk\u0259 iqtisadiyyat\u0131 t\u0259n\u0259zz\u00fcl etdiyi bir vaxtda Heyd\u0259r \u018fliyev bel\u0259 bir devizl\u0259 \u00e7\u0131x\u0131\u015f etdi: &#8220;\u0130qtisadiyyat\u0131 g\u00fccl\u00fc olan d\u00f6vl\u0259t h\u0259r \u015fey\u0259 qadirdir&#8221;. H\u0259min d\u00f6vrd\u0259 ulu \u00f6nd\u0259r Az\u0259rbaycan\u0131n g\u0259l\u0259c\u0259k inki\u015faf perspektivl\u0259rini \u00e7ox d\u0259qiq \u015f\u0259kild\u0259 m\u00fc\u0259yy\u0259nl\u0259\u015fdirdi. Heyd\u0259r \u018fliyev \u00f6lk\u0259nin g\u0259l\u0259c\u0259yinin, d\u00f6vl\u0259timizin inki\u015faf\u0131n\u0131n m\u0259hz iqtisadiyyat\u0131n inki\u015faf\u0131ndan as\u0131l\u0131 oldu\u011funu \u00f6n\u0259 \u00e7\u0259kirdi. Heyd\u0259r \u018fliyev iqtisadiyyat\u0131 \u00e7ox d\u0259rind\u0259n t\u0259hlil etm\u0259yi, proqnozla\u015fd\u0131rma\u011f\u0131 v\u0259 b\u00fct\u00fcn potensiallar\u0131 i\u015f\u0259 salma\u011f\u0131 bacar\u0131rd\u0131&#8221;.<\/p>\n<p>Deputat \u0259lav\u0259 edib ki, \u00fcmummilli lider Heyd\u0259r \u018fliyevin siyas\u0259ti bu g\u00fcn Prezident \u0130lham \u018fliyev t\u0259r\u0259find\u0259n u\u011furla davam etdirilir: &#8220;Bu g\u00fcn \u00f6lk\u0259miz d\u00f6vl\u0259t ba\u015f\u00e7\u0131s\u0131n\u0131n yorulmaz v\u0259 q\u0259tiyy\u0259tli f\u0259aliyy\u0259ti n\u0259tic\u0259sind\u0259 d\u00fcnyan\u0131n say\u0131l\u0131b-se\u00e7il\u0259n \u0259n g\u00fccl\u00fc v\u0259 q\u00fcdr\u0259tli d\u00f6vl\u0259tl\u0259rind\u0259n birin\u0259 \u00e7evrilib&#8221;.<\/p>\n","protected":false},"excerpt":{"rendered":"<p>Ulu \u00f6nd\u0259r Heyd\u0259r \u018fliyev h\u0259yat\u0131n\u0131n b\u00f6y\u00fck hiss\u0259sini Az\u0259rbaycan xalq\u0131na h\u0259sr edib v\u0259 bu g\u00fcn b\u00fct\u00fcn sah\u0259l\u0259rd\u0259 ulu \u00f6nd\u0259rin \u0259m\u0259yi \u00f6z\u00fcn\u00fc g\u00f6st\u0259rir. ARANTV.AZ x\u0259b\u0259r verir ki, bunu\u00a0Trend-\u0259 Milli M\u0259clisin Yeni Az\u0259rbaycan Partiyas\u0131ndan olan deputat\u0131 Ayd\u0131n H\u00fcseynov deyib. A.H\u00fcseynov vur\u011fulay\u0131b ki, \u00fcmummilli lider Heyd\u0259r \u018fliyevin Az\u0259rbaycan xalq\u0131 qar\u015f\u0131s\u0131nda g\u00f6st\u0259rdiyi xidm\u0259tl\u0259rin h\u0259ddi-h\u00fcdudu yoxdur, lakin onun f\u0259aliyy\u0259tinin zirv\u0259si m\u0259hz m\u00fcst\u0259qil Az\u0259rbaycan d\u00f6vl\u0259tini qurmas\u0131d\u0131r: &#8220;M\u00fcst\u0259qilliyimizin ilk vaxtlar\u0131nda hakimiyy\u0259td\u0259 olan AXC-M\u00fcsavat c\u00fctl\u00fcy\u00fcn\u00fcn s\u0259ri\u015ft\u0259siz f\u0259aliyy\u0259ti \u00f6lk\u0259ni xaos v\u0259 anarxiyaya s\u00fcr\u00fckl\u0259yirdi, \u00f6lk\u0259 par\u00e7alanmaq, m\u00fcst\u0259qilliyini itirm\u0259k t\u0259hl\u00fck\u0259si il\u0259 \u00fcz-\u00fcz\u0259 qalm\u0131\u015fd\u0131. Dig\u0259r t\u0259r\u0259fd\u0259n c\u0259bh\u0259d\u0259ki u\u011fursuzluqlar, iqtisadi v\u0259 sosial b\u00f6hran v\u0259ziyy\u0259ti&hellip;<\/p>\n","protected":false},"author":2,"featured_media":65239,"comment_status":"closed","ping_status":"closed","sticky":false,"template":"","format":"standard","meta":{"om_disable_all_campaigns":false,"_monsterinsights_skip_tracking":false,"_monsterinsights_sitenote_active":false,"_monsterinsights_sitenote_note":"","_monsterinsights_sitenote_category":0},"categories":[4],"tags":[],"aioseo_notices":[],"gutentor_comment":0,"rttpg_featured_image_url":{"full":["https:\/\/arantv.az\/wp-content\/uploads\/2019\/06\/aydin_huseynov_0145.jpg",800,600,false],"landscape":["https:\/\/arantv.az\/wp-content\/uploads\/2019\/06\/aydin_huseynov_0145.jpg",800,600,false],"portraits":["https:\/\/arantv.az\/wp-content\/uploads\/2019\/06\/aydin_huseynov_0145.jpg",800,600,false],"thumbnail":["https:\/\/arantv.az\/wp-content\/uploads\/2019\/06\/aydin_huseynov_0145-150x150.jpg",150,150,true],"medium":["https:\/\/arantv.az\/wp-content\/uploads\/2019\/06\/aydin_huseynov_0145-300x225.jpg",300,225,true],"large":["https:\/\/arantv.az\/wp-content\/uploads\/2019\/06\/aydin_huseynov_0145.jpg",640,480,false],"1536x1536":["https:\/\/arantv.az\/wp-content\/uploads\/2019\/06\/aydin_huseynov_0145.jpg",800,600,false],"2048x2048":["https:\/\/arantv.az\/wp-content\/uploads\/2019\/06\/aydin_huseynov_0145.jpg",800,600,false],"post-thumbnail":["https:\/\/arantv.az\/wp-content\/uploads\/2019\/06\/aydin_huseynov_0145-240x172.jpg",240,172,true],"advps-thumb-one":["https:\/\/arantv.az\/wp-content\/uploads\/2019\/06\/aydin_huseynov_0145.jpg",800,600,false]},"rttpg_author":{"display_name":"V\u00fcsal Rafiqo\u011flu","author_link":"https:\/\/arantv.az\/?author=2"},"rttpg_comment":0,"rttpg_category":"<a href=\"https:\/\/arantv.az\/?cat=4\" rel=\"category\">Siyas\u0259t<\/a>","rttpg_excerpt":"Ulu \u00f6nd\u0259r Heyd\u0259r \u018fliyev h\u0259yat\u0131n\u0131n b\u00f6y\u00fck hiss\u0259sini Az\u0259rbaycan xalq\u0131na h\u0259sr edib v\u0259 bu g\u00fcn b\u00fct\u00fcn sah\u0259l\u0259rd\u0259 ulu \u00f6nd\u0259rin \u0259m\u0259yi \u00f6z\u00fcn\u00fc g\u00f6st\u0259rir. ARANTV.AZ x\u0259b\u0259r verir ki, bunu\u00a0Trend-\u0259 Milli M\u0259clisin Yeni Az\u0259rbaycan Partiyas\u0131ndan olan deputat\u0131 Ayd\u0131n H\u00fcseynov deyib. A.H\u00fcseynov vur\u011fulay\u0131b ki, \u00fcmummilli lider Heyd\u0259r \u018fliyevin Az\u0259rbaycan xalq\u0131 qar\u015f\u0131s\u0131nda g\u00f6st\u0259rdiyi xidm\u0259tl\u0259rin h\u0259ddi-h\u00fcdudu yoxdur, lakin onun f\u0259aliyy\u0259tinin zirv\u0259si m\u0259hz&hellip;","_links":{"self":[{"href":"https:\/\/arantv.az\/index.php?rest_route=\/wp\/v2\/posts\/65238"}],"collection":[{"href":"https:\/\/arantv.az\/index.php?rest_route=\/wp\/v2\/posts"}],"about":[{"href":"https:\/\/arantv.az\/index.php?rest_route=\/wp\/v2\/types\/post"}],"author":[{"embeddable":true,"href":"https:\/\/arantv.az\/index.php?rest_route=\/wp\/v2\/users\/2"}],"replies":[{"embeddable":true,"href":"https:\/\/arantv.az\/index.php?rest_route=%2Fwp%2Fv2%2Fcomments&post=65238"}],"version-history":[{"count":0,"href":"https:\/\/arantv.az\/index.php?rest_route=\/wp\/v2\/posts\/65238\/revisions"}],"wp:featuredmedia":[{"embeddable":true,"href":"https:\/\/arantv.az\/index.php?rest_route=\/wp\/v2\/media\/65239"}],"wp:attachment":[{"href":"https:\/\/arantv.az\/index.php?rest_route=%2Fwp%2Fv2%2Fmedia&parent=65238"}],"wp:term":[{"taxonomy":"category","embeddable":true,"href":"https:\/\/arantv.az\/index.php?rest_route=%2Fwp%2Fv2%2Fcategories&post=65238"},{"taxonomy":"post_tag","embeddable":true,"href":"https:\/\/arantv.az\/index.php?rest_route=%2Fwp%2Fv2%2Ftags&post=65238"}],"curies":[{"name":"wp","href":"https:\/\/api.w.org\/{rel}","templated":true}]}}