{"id":652388,"date":"2023-11-02T14:27:12","date_gmt":"2023-11-02T10:27:12","guid":{"rendered":"https:\/\/arantv.az\/?p=652388"},"modified":"2023-11-02T14:27:12","modified_gmt":"2023-11-02T10:27:12","slug":"prezident-ilham-%c9%99liyev-qazaxistana-s%c9%99f%c9%99r%c9%99-gedib-foto","status":"publish","type":"post","link":"https:\/\/arantv.az\/?p=652388","title":{"rendered":"Prezident \u0130lham \u018fliyev Qazax\u0131stana s\u0259f\u0259r\u0259 gedib &#8211; FOTO"},"content":{"rendered":"<p>Noyabr\u0131n 2-d\u0259 Az\u0259rbaycan Respublikas\u0131n\u0131n Prezidenti\u00a0<strong>\u0130lham \u018fliyev<\/strong>\u00a0T\u00fcrk D\u00f6vl\u0259tl\u0259ri T\u0259\u015fkilat\u0131n\u0131n \u201cT\u00fcrk \u018fsri\u201d \u00e7a\u011f\u0131r\u0131\u015f\u0131 alt\u0131nda ke\u00e7iril\u0259c\u0259k 10-cu yubiley Zirv\u0259 g\u00f6r\u00fc\u015f\u00fcnd\u0259 i\u015ftirak etm\u0259k \u00fc\u00e7\u00fcn Qazax\u0131stan Respublikas\u0131na s\u0259f\u0259r\u0259 gedib.<\/p>\n<p><a href=\"https:\/\/azertag.az\/xeber\/azerbaycan_prezidenti_ilham_eliyev_qazaxistana_sefere_gelib-2811169\" target=\"_blank\" rel=\"noopener\">AZ\u018fRTAC<\/a>\u00a0x\u0259b\u0259r verir ki, Astana \u015f\u0259h\u0259rinin Nursultan Nazarbayev Beyn\u0259lxalq Aeroportunda d\u00f6vl\u0259timizin ba\u015f\u00e7\u0131s\u0131n\u0131n \u015f\u0259r\u0259fin\u0259 f\u0259xri qarovul d\u0259st\u0259si d\u00fcz\u00fcl\u00fcb.<\/p>\n<p>Prezident \u0130lham \u018fliyevi Qazax\u0131stan\u0131n Ba\u015f naziri Alixan Smailov v\u0259 dig\u0259r r\u0259smi \u015f\u0259xsl\u0259r qar\u015f\u0131lay\u0131blar.<\/p>\n<p><img src=\"https:\/\/cdn.oxu.az\/uploads\/W1siZiIsIjIwMjMvMTEvMDIvMTQvMTgvNTEvM2E1OTMwNDQtMmMzOS00M2EzLWFiNWUtMTg5ODY0ZjFjNjU0LzE2OTg5MjAxMTM1NTA3ODE2MzQ1XzEyMDB4NjMwLmpwZyJdLFsicCIsImVuY29kZSIsImpwZyIsIi1xdWFsaXR5IDgwIl0sWyJwIiwidGh1bWIiLCI1OTB4NTkwXHUwMDNlIl1d?sha=fd50c08502a1266f\" alt=\"\" \/><img src=\"https:\/\/cdn.oxu.az\/uploads\/W1siZiIsIjIwMjMvMTEvMDIvMTQvMTgvNTEvMTdkZjE2OWEtNTdlNi00YjY5LWExOWUtYTM4YmNkYTIyYjc3LzE2OTg5MTk5OTM1NTEzNzEyNDgxXzEyMDB4NjMwLmpwZyJdLFsicCIsImVuY29kZSIsImpwZyIsIi1xdWFsaXR5IDgwIl0sWyJwIiwidGh1bWIiLCI1OTB4NTkwXHUwMDNlIl1d?sha=bbdd4edd9b2ba865\" alt=\"\" \/><img src=\"https:\/\/cdn.oxu.az\/uploads\/W1siZiIsIjIwMjMvMTEvMDIvMTQvMTgvNTEvYjU2ZDljZmYtNTc0Ny00MGZjLTkxNGUtNzAxNWU2YjYzYmRhLzE2OTg5MTk5OTM1MDc2MTA3MTVfMTIwMHg2MzAuanBnIl0sWyJwIiwiZW5jb2RlIiwianBnIiwiLXF1YWxpdHkgODAiXSxbInAiLCJ0aHVtYiIsIjU5MHg1OTBcdTAwM2UiXV0?sha=b90aae98797de8ef\" alt=\"\" \/><\/p>\n","protected":false},"excerpt":{"rendered":"<p>Noyabr\u0131n 2-d\u0259 Az\u0259rbaycan Respublikas\u0131n\u0131n Prezidenti\u00a0\u0130lham \u018fliyev\u00a0T\u00fcrk D\u00f6vl\u0259tl\u0259ri T\u0259\u015fkilat\u0131n\u0131n \u201cT\u00fcrk \u018fsri\u201d \u00e7a\u011f\u0131r\u0131\u015f\u0131 alt\u0131nda ke\u00e7iril\u0259c\u0259k 10-cu yubiley Zirv\u0259 g\u00f6r\u00fc\u015f\u00fcnd\u0259 i\u015ftirak etm\u0259k \u00fc\u00e7\u00fcn Qazax\u0131stan Respublikas\u0131na s\u0259f\u0259r\u0259 gedib. AZ\u018fRTAC\u00a0x\u0259b\u0259r verir ki, Astana \u015f\u0259h\u0259rinin Nursultan Nazarbayev Beyn\u0259lxalq Aeroportunda d\u00f6vl\u0259timizin ba\u015f\u00e7\u0131s\u0131n\u0131n \u015f\u0259r\u0259fin\u0259 f\u0259xri qarovul d\u0259st\u0259si d\u00fcz\u00fcl\u00fcb. Prezident \u0130lham \u018fliyevi Qazax\u0131stan\u0131n Ba\u015f naziri Alixan Smailov v\u0259 dig\u0259r r\u0259smi \u015f\u0259xsl\u0259r qar\u015f\u0131lay\u0131blar.<\/p>\n","protected":false},"author":2,"featured_media":652390,"comment_status":"closed","ping_status":"closed","sticky":false,"template":"","format":"standard","meta":{"om_disable_all_campaigns":false,"_monsterinsights_skip_tracking":false,"_monsterinsights_sitenote_active":false,"_monsterinsights_sitenote_note":"","_monsterinsights_sitenote_category":0},"categories":[4],"tags":[],"aioseo_notices":[],"gutentor_comment":0,"rttpg_featured_image_url":{"full":["https:\/\/arantv.az\/wp-content\/uploads\/2023\/11\/FotoJet-1-3.jpg",620,413,false],"landscape":["https:\/\/arantv.az\/wp-content\/uploads\/2023\/11\/FotoJet-1-3.jpg",620,413,false],"portraits":["https:\/\/arantv.az\/wp-content\/uploads\/2023\/11\/FotoJet-1-3.jpg",620,413,false],"thumbnail":["https:\/\/arantv.az\/wp-content\/uploads\/2023\/11\/FotoJet-1-3-500x280.jpg",500,280,true],"medium":["https:\/\/arantv.az\/wp-content\/uploads\/2023\/11\/FotoJet-1-3-548x365.jpg",548,365,true],"large":["https:\/\/arantv.az\/wp-content\/uploads\/2023\/11\/FotoJet-1-3.jpg",620,413,false],"1536x1536":["https:\/\/arantv.az\/wp-content\/uploads\/2023\/11\/FotoJet-1-3.jpg",620,413,false],"2048x2048":["https:\/\/arantv.az\/wp-content\/uploads\/2023\/11\/FotoJet-1-3.jpg",620,413,false],"post-thumbnail":["https:\/\/arantv.az\/wp-content\/uploads\/2023\/11\/FotoJet-1-3-240x172.jpg",240,172,true],"advps-thumb-one":["https:\/\/arantv.az\/wp-content\/uploads\/2023\/11\/FotoJet-1-3.jpg",620,413,false]},"rttpg_author":{"display_name":"V\u00fcsal Rafiqo\u011flu","author_link":"https:\/\/arantv.az\/?author=2"},"rttpg_comment":0,"rttpg_category":"<a href=\"https:\/\/arantv.az\/?cat=4\" rel=\"category\">Siyas\u0259t<\/a>","rttpg_excerpt":"Noyabr\u0131n 2-d\u0259 Az\u0259rbaycan Respublikas\u0131n\u0131n Prezidenti\u00a0\u0130lham \u018fliyev\u00a0T\u00fcrk D\u00f6vl\u0259tl\u0259ri T\u0259\u015fkilat\u0131n\u0131n \u201cT\u00fcrk \u018fsri\u201d \u00e7a\u011f\u0131r\u0131\u015f\u0131 alt\u0131nda ke\u00e7iril\u0259c\u0259k 10-cu yubiley Zirv\u0259 g\u00f6r\u00fc\u015f\u00fcnd\u0259 i\u015ftirak etm\u0259k \u00fc\u00e7\u00fcn Qazax\u0131stan Respublikas\u0131na s\u0259f\u0259r\u0259 gedib. AZ\u018fRTAC\u00a0x\u0259b\u0259r verir ki, Astana \u015f\u0259h\u0259rinin Nursultan Nazarbayev Beyn\u0259lxalq Aeroportunda d\u00f6vl\u0259timizin ba\u015f\u00e7\u0131s\u0131n\u0131n \u015f\u0259r\u0259fin\u0259 f\u0259xri qarovul d\u0259st\u0259si d\u00fcz\u00fcl\u00fcb. Prezident \u0130lham \u018fliyevi Qazax\u0131stan\u0131n Ba\u015f naziri Alixan Smailov v\u0259 dig\u0259r r\u0259smi \u015f\u0259xsl\u0259r qar\u015f\u0131lay\u0131blar.","_links":{"self":[{"href":"https:\/\/arantv.az\/index.php?rest_route=\/wp\/v2\/posts\/652388"}],"collection":[{"href":"https:\/\/arantv.az\/index.php?rest_route=\/wp\/v2\/posts"}],"about":[{"href":"https:\/\/arantv.az\/index.php?rest_route=\/wp\/v2\/types\/post"}],"author":[{"embeddable":true,"href":"https:\/\/arantv.az\/index.php?rest_route=\/wp\/v2\/users\/2"}],"replies":[{"embeddable":true,"href":"https:\/\/arantv.az\/index.php?rest_route=%2Fwp%2Fv2%2Fcomments&post=652388"}],"version-history":[{"count":0,"href":"https:\/\/arantv.az\/index.php?rest_route=\/wp\/v2\/posts\/652388\/revisions"}],"wp:featuredmedia":[{"embeddable":true,"href":"https:\/\/arantv.az\/index.php?rest_route=\/wp\/v2\/media\/652390"}],"wp:attachment":[{"href":"https:\/\/arantv.az\/index.php?rest_route=%2Fwp%2Fv2%2Fmedia&parent=652388"}],"wp:term":[{"taxonomy":"category","embeddable":true,"href":"https:\/\/arantv.az\/index.php?rest_route=%2Fwp%2Fv2%2Fcategories&post=652388"},{"taxonomy":"post_tag","embeddable":true,"href":"https:\/\/arantv.az\/index.php?rest_route=%2Fwp%2Fv2%2Ftags&post=652388"}],"curies":[{"name":"wp","href":"https:\/\/api.w.org\/{rel}","templated":true}]}}