{"id":652391,"date":"2023-11-02T14:27:41","date_gmt":"2023-11-02T10:27:41","guid":{"rendered":"https:\/\/arantv.az\/?p=652391"},"modified":"2023-11-02T14:27:41","modified_gmt":"2023-11-02T10:27:41","slug":"abs-d%c9%99-ilk-d%c9%99f%c9%99-mus%c9%99lmanlarla-bagli-strategiya-hazirlanacaq","status":"publish","type":"post","link":"https:\/\/arantv.az\/?p=652391","title":{"rendered":"AB\u015e-d\u0259 ilk d\u0259f\u0259 m\u00fcs\u0259lmanlarla ba\u011fl\u0131 strategiya haz\u0131rlanacaq"},"content":{"rendered":"<p>AB\u015e Prezidenti Co Baydenin administrasiyas\u0131 \u00f6lk\u0259 tarixind\u0259 ilk d\u0259f\u0259 islamofobiya il\u0259 m\u00fcbariz\u0259 \u00fc\u00e7\u00fcn milli strategiya haz\u0131rlayacaq.<\/p>\n<p>Bu bar\u0259d\u0259 \u00a0A\u011f Evin m\u0259tbuat katibi Karin Jan-Pyer bildirib.<\/p>\n<p>\u201cBiz islamofobiya v\u0259 nifr\u0259tin b\u00fct\u00fcn formalar\u0131na qar\u015f\u0131\u00a0m\u00fcbariz\u0259 aparacaq strategiya haz\u0131rlamaq \u00fc\u00e7\u00fcn icma liderl\u0259ri, v\u0259kill\u0259r, konqres \u00fczvl\u0259ri v\u0259 ba\u015fqalar\u0131 il\u0259 i\u015fimizi davam etdirm\u0259yi s\u0259birsizlikl\u0259 g\u00f6zl\u0259yirik\u201d, &#8211; dey\u0259 Jan-Pyer bildirib.<\/p>\n<p>Xat\u0131rladaq ki, oktyabr\u0131n ortalar\u0131nda \u0130llinoys \u015ftat\u0131nda 71 ya\u015fl\u0131 ki\u015fi m\u00fcs\u0259lmanlara nifr\u0259t z\u0259minind\u0259 alt\u0131 ya\u015fl\u0131 u\u015fa\u011f\u0131 v\u0259 m\u00fcs\u0259lman qad\u0131n\u0131 bir ne\u00e7\u0259 d\u0259f\u0259 b\u0131\u00e7aqlay\u0131b.<\/p>\n<p>O, nifr\u0259t cinay\u0259tind\u0259 ittiham olunub.<\/p>\n<p>M\u0259nb\u0259: RBK<\/p>\n","protected":false},"excerpt":{"rendered":"<p>AB\u015e Prezidenti Co Baydenin administrasiyas\u0131 \u00f6lk\u0259 tarixind\u0259 ilk d\u0259f\u0259 islamofobiya il\u0259 m\u00fcbariz\u0259 \u00fc\u00e7\u00fcn milli strategiya haz\u0131rlayacaq. Bu bar\u0259d\u0259 \u00a0A\u011f Evin m\u0259tbuat katibi Karin Jan-Pyer bildirib. \u201cBiz islamofobiya v\u0259 nifr\u0259tin b\u00fct\u00fcn formalar\u0131na qar\u015f\u0131\u00a0m\u00fcbariz\u0259 aparacaq strategiya haz\u0131rlamaq \u00fc\u00e7\u00fcn icma liderl\u0259ri, v\u0259kill\u0259r, konqres \u00fczvl\u0259ri v\u0259 ba\u015fqalar\u0131 il\u0259 i\u015fimizi davam etdirm\u0259yi s\u0259birsizlikl\u0259 g\u00f6zl\u0259yirik\u201d, &#8211; dey\u0259 Jan-Pyer bildirib. Xat\u0131rladaq ki, oktyabr\u0131n ortalar\u0131nda \u0130llinoys \u015ftat\u0131nda 71 ya\u015fl\u0131 ki\u015fi m\u00fcs\u0259lmanlara nifr\u0259t z\u0259minind\u0259 alt\u0131 ya\u015fl\u0131 u\u015fa\u011f\u0131 v\u0259 m\u00fcs\u0259lman qad\u0131n\u0131 bir ne\u00e7\u0259 d\u0259f\u0259 b\u0131\u00e7aqlay\u0131b. O, nifr\u0259t cinay\u0259tind\u0259 ittiham olunub. M\u0259nb\u0259: RBK<\/p>\n","protected":false},"author":2,"featured_media":652394,"comment_status":"closed","ping_status":"closed","sticky":false,"template":"","format":"standard","meta":{"om_disable_all_campaigns":false,"_monsterinsights_skip_tracking":false,"_monsterinsights_sitenote_active":false,"_monsterinsights_sitenote_note":"","_monsterinsights_sitenote_category":0},"categories":[7],"tags":[],"aioseo_notices":[],"gutentor_comment":0,"rttpg_featured_image_url":{"full":["https:\/\/arantv.az\/wp-content\/uploads\/2023\/11\/368058631_318319890928851_4189995848427325074_n.jpg",620,413,false],"landscape":["https:\/\/arantv.az\/wp-content\/uploads\/2023\/11\/368058631_318319890928851_4189995848427325074_n.jpg",620,413,false],"portraits":["https:\/\/arantv.az\/wp-content\/uploads\/2023\/11\/368058631_318319890928851_4189995848427325074_n.jpg",620,413,false],"thumbnail":["https:\/\/arantv.az\/wp-content\/uploads\/2023\/11\/368058631_318319890928851_4189995848427325074_n-500x280.jpg",500,280,true],"medium":["https:\/\/arantv.az\/wp-content\/uploads\/2023\/11\/368058631_318319890928851_4189995848427325074_n-548x365.jpg",548,365,true],"large":["https:\/\/arantv.az\/wp-content\/uploads\/2023\/11\/368058631_318319890928851_4189995848427325074_n.jpg",620,413,false],"1536x1536":["https:\/\/arantv.az\/wp-content\/uploads\/2023\/11\/368058631_318319890928851_4189995848427325074_n.jpg",620,413,false],"2048x2048":["https:\/\/arantv.az\/wp-content\/uploads\/2023\/11\/368058631_318319890928851_4189995848427325074_n.jpg",620,413,false],"post-thumbnail":["https:\/\/arantv.az\/wp-content\/uploads\/2023\/11\/368058631_318319890928851_4189995848427325074_n-240x172.jpg",240,172,true],"advps-thumb-one":["https:\/\/arantv.az\/wp-content\/uploads\/2023\/11\/368058631_318319890928851_4189995848427325074_n.jpg",620,413,false]},"rttpg_author":{"display_name":"V\u00fcsal Rafiqo\u011flu","author_link":"https:\/\/arantv.az\/?author=2"},"rttpg_comment":0,"rttpg_category":"<a href=\"https:\/\/arantv.az\/?cat=7\" rel=\"category\">D\u00fcnya<\/a>","rttpg_excerpt":"AB\u015e Prezidenti Co Baydenin administrasiyas\u0131 \u00f6lk\u0259 tarixind\u0259 ilk d\u0259f\u0259 islamofobiya il\u0259 m\u00fcbariz\u0259 \u00fc\u00e7\u00fcn milli strategiya haz\u0131rlayacaq. Bu bar\u0259d\u0259 \u00a0A\u011f Evin m\u0259tbuat katibi Karin Jan-Pyer bildirib. \u201cBiz islamofobiya v\u0259 nifr\u0259tin b\u00fct\u00fcn formalar\u0131na qar\u015f\u0131\u00a0m\u00fcbariz\u0259 aparacaq strategiya haz\u0131rlamaq \u00fc\u00e7\u00fcn icma liderl\u0259ri, v\u0259kill\u0259r, konqres \u00fczvl\u0259ri v\u0259 ba\u015fqalar\u0131 il\u0259 i\u015fimizi davam etdirm\u0259yi s\u0259birsizlikl\u0259 g\u00f6zl\u0259yirik\u201d, &#8211; dey\u0259 Jan-Pyer bildirib. Xat\u0131rladaq ki,&hellip;","_links":{"self":[{"href":"https:\/\/arantv.az\/index.php?rest_route=\/wp\/v2\/posts\/652391"}],"collection":[{"href":"https:\/\/arantv.az\/index.php?rest_route=\/wp\/v2\/posts"}],"about":[{"href":"https:\/\/arantv.az\/index.php?rest_route=\/wp\/v2\/types\/post"}],"author":[{"embeddable":true,"href":"https:\/\/arantv.az\/index.php?rest_route=\/wp\/v2\/users\/2"}],"replies":[{"embeddable":true,"href":"https:\/\/arantv.az\/index.php?rest_route=%2Fwp%2Fv2%2Fcomments&post=652391"}],"version-history":[{"count":0,"href":"https:\/\/arantv.az\/index.php?rest_route=\/wp\/v2\/posts\/652391\/revisions"}],"wp:featuredmedia":[{"embeddable":true,"href":"https:\/\/arantv.az\/index.php?rest_route=\/wp\/v2\/media\/652394"}],"wp:attachment":[{"href":"https:\/\/arantv.az\/index.php?rest_route=%2Fwp%2Fv2%2Fmedia&parent=652391"}],"wp:term":[{"taxonomy":"category","embeddable":true,"href":"https:\/\/arantv.az\/index.php?rest_route=%2Fwp%2Fv2%2Fcategories&post=652391"},{"taxonomy":"post_tag","embeddable":true,"href":"https:\/\/arantv.az\/index.php?rest_route=%2Fwp%2Fv2%2Ftags&post=652391"}],"curies":[{"name":"wp","href":"https:\/\/api.w.org\/{rel}","templated":true}]}}