{"id":652397,"date":"2023-11-02T14:49:13","date_gmt":"2023-11-02T10:49:13","guid":{"rendered":"https:\/\/arantv.az\/?p=652397"},"modified":"2023-11-02T14:49:13","modified_gmt":"2023-11-02T10:49:13","slug":"q%c9%99rbi-az%c9%99rbaycan-icmasi-budc%c9%99d%c9%99n-v%c9%99sait-alan-qht-l%c9%99r%c9%99-aid-edilib","status":"publish","type":"post","link":"https:\/\/arantv.az\/?p=652397","title":{"rendered":"Q\u0259rbi Az\u0259rbaycan \u0130cmas\u0131 b\u00fcdc\u0259d\u0259n v\u0259sait alan QHT-l\u0259r\u0259 aid edilib"},"content":{"rendered":"<p>Q\u0259rbi Az\u0259rbaycan \u0130cmas\u0131 b\u00fcdc\u0259d\u0259n v\u0259sait alan QHT-l\u0259r\u0259 aid edilib.<\/p>\n<p>APA x\u0259b\u0259r verir ki, bunu Milli M\u0259clisin \u0130qtisadi siyas\u0259t, s\u0259naye v\u0259 sahibkarl\u0131q komit\u0259sinin iclas\u0131nda \u201cAz\u0259rbaycan Respublikas\u0131n\u0131n 2024-c\u00fc il d\u00f6vl\u0259t b\u00fcdc\u0259sinin z\u0259rfi\u201dnin m\u00fczakir\u0259si zaman\u0131 maliyy\u0259 naziri Samir \u015e\u0259rifov deyib.<\/p>\n<p>Nazir bildirib ki, n\u00f6vb\u0259ti ilin layih\u0259sind\u0259 bu n\u0259z\u0259rd\u0259 tutulub.<\/p>\n","protected":false},"excerpt":{"rendered":"<p>Q\u0259rbi Az\u0259rbaycan \u0130cmas\u0131 b\u00fcdc\u0259d\u0259n v\u0259sait alan QHT-l\u0259r\u0259 aid edilib. APA x\u0259b\u0259r verir ki, bunu Milli M\u0259clisin \u0130qtisadi siyas\u0259t, s\u0259naye v\u0259 sahibkarl\u0131q komit\u0259sinin iclas\u0131nda \u201cAz\u0259rbaycan Respublikas\u0131n\u0131n 2024-c\u00fc il d\u00f6vl\u0259t b\u00fcdc\u0259sinin z\u0259rfi\u201dnin m\u00fczakir\u0259si zaman\u0131 maliyy\u0259 naziri Samir \u015e\u0259rifov deyib. Nazir bildirib ki, n\u00f6vb\u0259ti ilin layih\u0259sind\u0259 bu n\u0259z\u0259rd\u0259 tutulub.<\/p>\n","protected":false},"author":2,"featured_media":652406,"comment_status":"closed","ping_status":"closed","sticky":false,"template":"","format":"standard","meta":{"om_disable_all_campaigns":false,"_monsterinsights_skip_tracking":false,"_monsterinsights_sitenote_active":false,"_monsterinsights_sitenote_note":"","_monsterinsights_sitenote_category":0},"categories":[19],"tags":[],"aioseo_notices":[],"gutentor_comment":0,"rttpg_featured_image_url":{"full":["https:\/\/arantv.az\/wp-content\/uploads\/2023\/11\/fb0f1d88-3051-3d01-b807-c270513dad93_850-1-1.jpg",620,413,false],"landscape":["https:\/\/arantv.az\/wp-content\/uploads\/2023\/11\/fb0f1d88-3051-3d01-b807-c270513dad93_850-1-1.jpg",620,413,false],"portraits":["https:\/\/arantv.az\/wp-content\/uploads\/2023\/11\/fb0f1d88-3051-3d01-b807-c270513dad93_850-1-1.jpg",620,413,false],"thumbnail":["https:\/\/arantv.az\/wp-content\/uploads\/2023\/11\/fb0f1d88-3051-3d01-b807-c270513dad93_850-1-1-500x280.jpg",500,280,true],"medium":["https:\/\/arantv.az\/wp-content\/uploads\/2023\/11\/fb0f1d88-3051-3d01-b807-c270513dad93_850-1-1-548x365.jpg",548,365,true],"large":["https:\/\/arantv.az\/wp-content\/uploads\/2023\/11\/fb0f1d88-3051-3d01-b807-c270513dad93_850-1-1.jpg",620,413,false],"1536x1536":["https:\/\/arantv.az\/wp-content\/uploads\/2023\/11\/fb0f1d88-3051-3d01-b807-c270513dad93_850-1-1.jpg",620,413,false],"2048x2048":["https:\/\/arantv.az\/wp-content\/uploads\/2023\/11\/fb0f1d88-3051-3d01-b807-c270513dad93_850-1-1.jpg",620,413,false],"post-thumbnail":["https:\/\/arantv.az\/wp-content\/uploads\/2023\/11\/fb0f1d88-3051-3d01-b807-c270513dad93_850-1-1-240x172.jpg",240,172,true],"advps-thumb-one":["https:\/\/arantv.az\/wp-content\/uploads\/2023\/11\/fb0f1d88-3051-3d01-b807-c270513dad93_850-1-1.jpg",620,413,false]},"rttpg_author":{"display_name":"V\u00fcsal Rafiqo\u011flu","author_link":"https:\/\/arantv.az\/?author=2"},"rttpg_comment":0,"rttpg_category":"<a href=\"https:\/\/arantv.az\/?cat=19\" rel=\"category\">G\u00fcnd\u0259m<\/a>","rttpg_excerpt":"Q\u0259rbi Az\u0259rbaycan \u0130cmas\u0131 b\u00fcdc\u0259d\u0259n v\u0259sait alan QHT-l\u0259r\u0259 aid edilib. APA x\u0259b\u0259r verir ki, bunu Milli M\u0259clisin \u0130qtisadi siyas\u0259t, s\u0259naye v\u0259 sahibkarl\u0131q komit\u0259sinin iclas\u0131nda \u201cAz\u0259rbaycan Respublikas\u0131n\u0131n 2024-c\u00fc il d\u00f6vl\u0259t b\u00fcdc\u0259sinin z\u0259rfi\u201dnin m\u00fczakir\u0259si zaman\u0131 maliyy\u0259 naziri Samir \u015e\u0259rifov deyib. Nazir bildirib ki, n\u00f6vb\u0259ti ilin layih\u0259sind\u0259 bu n\u0259z\u0259rd\u0259 tutulub.","_links":{"self":[{"href":"https:\/\/arantv.az\/index.php?rest_route=\/wp\/v2\/posts\/652397"}],"collection":[{"href":"https:\/\/arantv.az\/index.php?rest_route=\/wp\/v2\/posts"}],"about":[{"href":"https:\/\/arantv.az\/index.php?rest_route=\/wp\/v2\/types\/post"}],"author":[{"embeddable":true,"href":"https:\/\/arantv.az\/index.php?rest_route=\/wp\/v2\/users\/2"}],"replies":[{"embeddable":true,"href":"https:\/\/arantv.az\/index.php?rest_route=%2Fwp%2Fv2%2Fcomments&post=652397"}],"version-history":[{"count":0,"href":"https:\/\/arantv.az\/index.php?rest_route=\/wp\/v2\/posts\/652397\/revisions"}],"wp:featuredmedia":[{"embeddable":true,"href":"https:\/\/arantv.az\/index.php?rest_route=\/wp\/v2\/media\/652406"}],"wp:attachment":[{"href":"https:\/\/arantv.az\/index.php?rest_route=%2Fwp%2Fv2%2Fmedia&parent=652397"}],"wp:term":[{"taxonomy":"category","embeddable":true,"href":"https:\/\/arantv.az\/index.php?rest_route=%2Fwp%2Fv2%2Fcategories&post=652397"},{"taxonomy":"post_tag","embeddable":true,"href":"https:\/\/arantv.az\/index.php?rest_route=%2Fwp%2Fv2%2Ftags&post=652397"}],"curies":[{"name":"wp","href":"https:\/\/api.w.org\/{rel}","templated":true}]}}