{"id":652400,"date":"2023-11-02T14:36:49","date_gmt":"2023-11-02T10:36:49","guid":{"rendered":"https:\/\/arantv.az\/?p=652400"},"modified":"2023-11-02T14:36:49","modified_gmt":"2023-11-02T10:36:49","slug":"dtx-nin-saxladigi-erm%c9%99ni-xocali-soyqirimi-qurbanlarinin-bir-hiss%c9%99si-qarqar-cayinin-sahilind%c9%99-basdirilib","status":"publish","type":"post","link":"https:\/\/arantv.az\/?p=652400","title":{"rendered":"DTX-nin saxlad\u0131\u011f\u0131 erm\u0259ni: \u201cXocal\u0131 soyq\u0131r\u0131m\u0131 qurbanlar\u0131n\u0131n bir hiss\u0259si Qarqar \u00e7ay\u0131n\u0131n sahilind\u0259 basd\u0131r\u0131l\u0131b\u201d"},"content":{"rendered":"<p>Bu ilin sentyabr ay\u0131nda ke\u00e7irilmi\u015f lokal xarakterli antiterror t\u0259dbirl\u0259ri n\u0259tic\u0259sind\u0259 qanunsuz silahl\u0131 birl\u0259\u015fm\u0259l\u0259r\u0259 daxil olmaqla \u201cAKM\u201d avtomat\u0131 il\u0259 silahlan\u0131b, m\u00fct\u0259\u015f\u0259kkil d\u0259st\u0259 hal\u0131nda milli \u0259dav\u0259t v\u0259 d\u00fc\u015fm\u0259n\u00e7ilik niyy\u0259ti il\u0259 terror\u00e7uluq \u0259m\u0259ll\u0259ri t\u00f6r\u0259tm\u0259kd\u0259 \u015f\u00fcbh\u0259li bilin\u0259r\u0259k K\u0259lb\u0259c\u0259r rayonunun Qozluk\u00f6rp\u00fc k\u0259ndi \u0259razisind\u0259 t\u0259rk-silah edil\u0259r\u0259k saxlan\u0131lan Madat Babayan amans\u0131z r\u0259ftar v\u0259 i\u015fg\u0259nc\u0259l\u0259r n\u0259tic\u0259sind\u0259 \u00f6lm\u00fc\u015f az\u0259rbaycanl\u0131lar\u0131n meyitl\u0259rini Qozluk\u00f6rp\u00fc k\u0259ndind\u0259 \u015f\u0259xs\u0259n d\u0259fn etdiyi yerl\u0259ri g\u00f6st\u0259rib.<\/p>\n<p>Bu bar\u0259d\u0259 D\u00f6vl\u0259t T\u0259hl\u00fck\u0259sizliyi Xidm\u0259tinin M\u0259tbuat xidm\u0259ti m\u0259lumat yay\u0131b.<\/p>\n<p>Qeyd edilib ki, M.Babayan 1992-ci il fevral\u0131n 26-da Xocal\u0131da olan erm\u0259ni silahl\u0131lar\u0131 il\u0259 birlikd\u0259 \u015f\u0259h\u0259rd\u0259 az\u0259rbaycanl\u0131lara m\u0259xsus olan \u0259mlaklar\u0131n talan edilm\u0259si v\u0259 t\u00f6r\u0259dil\u0259n k\u00fctl\u0259vi insan q\u0131r\u011f\u0131n\u0131 faktlar\u0131n\u0131n gizl\u0259dilm\u0259sini t\u0259min etm\u0259k \u00fc\u00e7\u00fcn Xank\u0259ndi istiqam\u0259tind\u0259 Xocal\u0131-Ball\u0131ca-Xank\u0259ndi yolayr\u0131c\u0131nda silahl\u0131 post qurduqlar\u0131n\u0131, \u00fc\u00e7 g\u00fcn sonra is\u0259 bu postda xidm\u0259t apard\u0131\u011f\u0131 vaxt Xocal\u0131da q\u0259tl\u0259 yetiril\u0259n az\u0259rbaycanl\u0131lar\u0131n meyitl\u0259rinin \u00fc\u00e7 y\u00fck avtomobilind\u0259 g\u0259tirildiyini, h\u0259min postdan t\u0259xmin\u0259n 400 metr m\u0259saf\u0259d\u0259 Qarqar \u00e7ay\u0131n\u0131n sol sahilind\u0259 qaz\u0131lan \u0259raziy\u0259 t\u00f6k\u00fcl\u0259r\u0259k k\u00fctl\u0259vi basd\u0131r\u0131ld\u0131\u011f\u0131n\u0131 qeyd edib, el\u0259c\u0259 d\u0259 1992-ci ilin fevral-mart aylar\u0131nda Xocal\u0131da t\u00f6r\u0259dil\u0259n talanlar bar\u0259d\u0259 m\u0259lumat verib.<\/p>\n<p>\u0130fad\u0259nin yerind\u0259 yoxlan\u0131lmas\u0131 istintaq h\u0259r\u0259k\u0259ti h\u0259yata ke\u00e7iril\u0259rk\u0259n, Madat Babayan m\u00fclki \u0259haliy\u0259 qar\u015f\u0131 cinay\u0259t \u0259m\u0259ll\u0259rinin t\u00f6r\u0259dildiyi yerl\u0259ri \u0259yani \u015f\u0259kild\u0259 g\u00f6st\u0259r\u0259r\u0259k bu bar\u0259d\u0259 \u0259trafl\u0131 m\u0259lumat t\u0259qdim edib. Bundan \u0259lav\u0259 Madat Babayan\u00a0\u0259sir g\u00f6t\u00fcr\u00fclm\u00fc\u015f v\u0259 qanunsuz olaraq Qozluk\u00f6rp\u00fc k\u0259nd m\u0259kt\u0259bind\u0259 saxlan\u0131lm\u0131\u015f, amans\u0131z r\u0259ftar v\u0259 i\u015fg\u0259nc\u0259l\u0259r n\u0259tic\u0259sind\u0259 \u00f6lm\u00fc\u015f az\u0259rbaycanl\u0131lar\u0131n meyitl\u0259rini Qozluk\u00f6rp\u00fc k\u0259ndind\u0259 \u015f\u0259xs\u0259n d\u0259fn etdiyi yerl\u0259ri d\u0259 g\u00f6st\u0259rib. Haz\u0131rda qeyd olunan v\u0259 dig\u0259r \u0259laq\u0259li cinay\u0259tl\u0259rl\u0259 ba\u011fl\u0131 kompleks ara\u015fd\u0131rmalar apar\u0131l\u0131r.<\/p>\n","protected":false},"excerpt":{"rendered":"<p>Bu ilin sentyabr ay\u0131nda ke\u00e7irilmi\u015f lokal xarakterli antiterror t\u0259dbirl\u0259ri n\u0259tic\u0259sind\u0259 qanunsuz silahl\u0131 birl\u0259\u015fm\u0259l\u0259r\u0259 daxil olmaqla \u201cAKM\u201d avtomat\u0131 il\u0259 silahlan\u0131b, m\u00fct\u0259\u015f\u0259kkil d\u0259st\u0259 hal\u0131nda milli \u0259dav\u0259t v\u0259 d\u00fc\u015fm\u0259n\u00e7ilik niyy\u0259ti il\u0259 terror\u00e7uluq \u0259m\u0259ll\u0259ri t\u00f6r\u0259tm\u0259kd\u0259 \u015f\u00fcbh\u0259li bilin\u0259r\u0259k K\u0259lb\u0259c\u0259r rayonunun Qozluk\u00f6rp\u00fc k\u0259ndi \u0259razisind\u0259 t\u0259rk-silah edil\u0259r\u0259k saxlan\u0131lan Madat Babayan amans\u0131z r\u0259ftar v\u0259 i\u015fg\u0259nc\u0259l\u0259r n\u0259tic\u0259sind\u0259 \u00f6lm\u00fc\u015f az\u0259rbaycanl\u0131lar\u0131n meyitl\u0259rini Qozluk\u00f6rp\u00fc k\u0259ndind\u0259 \u015f\u0259xs\u0259n d\u0259fn etdiyi yerl\u0259ri g\u00f6st\u0259rib. Bu bar\u0259d\u0259 D\u00f6vl\u0259t T\u0259hl\u00fck\u0259sizliyi Xidm\u0259tinin M\u0259tbuat xidm\u0259ti m\u0259lumat yay\u0131b. Qeyd edilib ki, M.Babayan 1992-ci il fevral\u0131n 26-da Xocal\u0131da olan erm\u0259ni silahl\u0131lar\u0131 il\u0259 birlikd\u0259 \u015f\u0259h\u0259rd\u0259 az\u0259rbaycanl\u0131lara m\u0259xsus olan \u0259mlaklar\u0131n talan edilm\u0259si v\u0259 t\u00f6r\u0259dil\u0259n&hellip;<\/p>\n","protected":false},"author":2,"featured_media":652401,"comment_status":"closed","ping_status":"closed","sticky":false,"template":"","format":"standard","meta":{"om_disable_all_campaigns":false,"_monsterinsights_skip_tracking":false,"_monsterinsights_sitenote_active":false,"_monsterinsights_sitenote_note":"","_monsterinsights_sitenote_category":0},"categories":[1],"tags":[],"aioseo_notices":[],"gutentor_comment":0,"rttpg_featured_image_url":{"full":["https:\/\/arantv.az\/wp-content\/uploads\/2023\/11\/FotoJet-2-1.jpg",620,413,false],"landscape":["https:\/\/arantv.az\/wp-content\/uploads\/2023\/11\/FotoJet-2-1.jpg",620,413,false],"portraits":["https:\/\/arantv.az\/wp-content\/uploads\/2023\/11\/FotoJet-2-1.jpg",620,413,false],"thumbnail":["https:\/\/arantv.az\/wp-content\/uploads\/2023\/11\/FotoJet-2-1-500x280.jpg",500,280,true],"medium":["https:\/\/arantv.az\/wp-content\/uploads\/2023\/11\/FotoJet-2-1-548x365.jpg",548,365,true],"large":["https:\/\/arantv.az\/wp-content\/uploads\/2023\/11\/FotoJet-2-1.jpg",620,413,false],"1536x1536":["https:\/\/arantv.az\/wp-content\/uploads\/2023\/11\/FotoJet-2-1.jpg",620,413,false],"2048x2048":["https:\/\/arantv.az\/wp-content\/uploads\/2023\/11\/FotoJet-2-1.jpg",620,413,false],"post-thumbnail":["https:\/\/arantv.az\/wp-content\/uploads\/2023\/11\/FotoJet-2-1-240x172.jpg",240,172,true],"advps-thumb-one":["https:\/\/arantv.az\/wp-content\/uploads\/2023\/11\/FotoJet-2-1.jpg",620,413,false]},"rttpg_author":{"display_name":"V\u00fcsal Rafiqo\u011flu","author_link":"https:\/\/arantv.az\/?author=2"},"rttpg_comment":0,"rttpg_category":"<a href=\"https:\/\/arantv.az\/?cat=1\" rel=\"category\">C\u0259miyy\u0259t<\/a>","rttpg_excerpt":"Bu ilin sentyabr ay\u0131nda ke\u00e7irilmi\u015f lokal xarakterli antiterror t\u0259dbirl\u0259ri n\u0259tic\u0259sind\u0259 qanunsuz silahl\u0131 birl\u0259\u015fm\u0259l\u0259r\u0259 daxil olmaqla \u201cAKM\u201d avtomat\u0131 il\u0259 silahlan\u0131b, m\u00fct\u0259\u015f\u0259kkil d\u0259st\u0259 hal\u0131nda milli \u0259dav\u0259t v\u0259 d\u00fc\u015fm\u0259n\u00e7ilik niyy\u0259ti il\u0259 terror\u00e7uluq \u0259m\u0259ll\u0259ri t\u00f6r\u0259tm\u0259kd\u0259 \u015f\u00fcbh\u0259li bilin\u0259r\u0259k K\u0259lb\u0259c\u0259r rayonunun Qozluk\u00f6rp\u00fc k\u0259ndi \u0259razisind\u0259 t\u0259rk-silah edil\u0259r\u0259k saxlan\u0131lan Madat Babayan amans\u0131z r\u0259ftar v\u0259 i\u015fg\u0259nc\u0259l\u0259r n\u0259tic\u0259sind\u0259 \u00f6lm\u00fc\u015f az\u0259rbaycanl\u0131lar\u0131n meyitl\u0259rini Qozluk\u00f6rp\u00fc k\u0259ndind\u0259 \u015f\u0259xs\u0259n d\u0259fn&hellip;","_links":{"self":[{"href":"https:\/\/arantv.az\/index.php?rest_route=\/wp\/v2\/posts\/652400"}],"collection":[{"href":"https:\/\/arantv.az\/index.php?rest_route=\/wp\/v2\/posts"}],"about":[{"href":"https:\/\/arantv.az\/index.php?rest_route=\/wp\/v2\/types\/post"}],"author":[{"embeddable":true,"href":"https:\/\/arantv.az\/index.php?rest_route=\/wp\/v2\/users\/2"}],"replies":[{"embeddable":true,"href":"https:\/\/arantv.az\/index.php?rest_route=%2Fwp%2Fv2%2Fcomments&post=652400"}],"version-history":[{"count":0,"href":"https:\/\/arantv.az\/index.php?rest_route=\/wp\/v2\/posts\/652400\/revisions"}],"wp:featuredmedia":[{"embeddable":true,"href":"https:\/\/arantv.az\/index.php?rest_route=\/wp\/v2\/media\/652401"}],"wp:attachment":[{"href":"https:\/\/arantv.az\/index.php?rest_route=%2Fwp%2Fv2%2Fmedia&parent=652400"}],"wp:term":[{"taxonomy":"category","embeddable":true,"href":"https:\/\/arantv.az\/index.php?rest_route=%2Fwp%2Fv2%2Fcategories&post=652400"},{"taxonomy":"post_tag","embeddable":true,"href":"https:\/\/arantv.az\/index.php?rest_route=%2Fwp%2Fv2%2Ftags&post=652400"}],"curies":[{"name":"wp","href":"https:\/\/api.w.org\/{rel}","templated":true}]}}