{"id":652425,"date":"2023-11-02T15:15:26","date_gmt":"2023-11-02T11:15:26","guid":{"rendered":"https:\/\/arantv.az\/?p=652425"},"modified":"2023-11-02T15:15:26","modified_gmt":"2023-11-02T11:15:26","slug":"moskva-rusiya-erm%c9%99nistan-v%c9%99-az%c9%99rbaycan-xin-bascilarinin-gorusunu-t%c9%99skil-etm%c9%99y%c9%99-hazirdir","status":"publish","type":"post","link":"https:\/\/arantv.az\/?p=652425","title":{"rendered":"Moskva Rusiya, Erm\u0259nistan v\u0259 Az\u0259rbaycan X\u0130N ba\u015f\u00e7\u0131lar\u0131n\u0131n g\u00f6r\u00fc\u015f\u00fcn\u00fc t\u0259\u015fkil etm\u0259y\u0259 haz\u0131rd\u0131r"},"content":{"rendered":"<p>Moskva yax\u0131n vaxtlarda Rusiya, Erm\u0259nistan v\u0259 Az\u0259rbaycan X\u0130N ba\u015f\u00e7\u0131lar\u0131n\u0131n \u00fc\u00e7t\u0259r\u0259fli g\u00f6r\u00fc\u015f\u00fcn\u00fc t\u0259\u015fkil etm\u0259y\u0259 haz\u0131rd\u0131r.<\/p>\n<p><strong>ARANTV.AZ\u00a0 x\u0259b\u0259r verir ki,<\/strong>\u00a0bu bar\u0259d\u0259 Rusiya X\u0130N-in r\u0259smi n\u00fcmay\u0259nd\u0259si Mariya Zaxarova bildirib.<\/p>\n<p>O qeyd edib ki, Rusiya t\u0259r\u0259fi \u0130r\u0259vanla Bak\u0131 aras\u0131nda g\u0259rginliyi aradan qald\u0131ra bil\u0259c\u0259k ist\u0259nil\u0259n t\u0259maslar\u0131 alq\u0131\u015flay\u0131r.<\/p>\n<p>Zaxarova onu da qeyd edib ki, lakin m\u00fcnasib\u0259tl\u0259rin normalla\u015fmas\u0131n\u0131n \u201cyol x\u0259rit\u0259si\u201d kimi Rusiya, Az\u0259rbaycan v\u0259 Erm\u0259nistan liderl\u0259rinin raz\u0131la\u015fmalar\u0131d\u0131r.<\/p>\n","protected":false},"excerpt":{"rendered":"<p>Moskva yax\u0131n vaxtlarda Rusiya, Erm\u0259nistan v\u0259 Az\u0259rbaycan X\u0130N ba\u015f\u00e7\u0131lar\u0131n\u0131n \u00fc\u00e7t\u0259r\u0259fli g\u00f6r\u00fc\u015f\u00fcn\u00fc t\u0259\u015fkil etm\u0259y\u0259 haz\u0131rd\u0131r. ARANTV.AZ\u00a0 x\u0259b\u0259r verir ki,\u00a0bu bar\u0259d\u0259 Rusiya X\u0130N-in r\u0259smi n\u00fcmay\u0259nd\u0259si Mariya Zaxarova bildirib. O qeyd edib ki, Rusiya t\u0259r\u0259fi \u0130r\u0259vanla Bak\u0131 aras\u0131nda g\u0259rginliyi aradan qald\u0131ra bil\u0259c\u0259k ist\u0259nil\u0259n t\u0259maslar\u0131 alq\u0131\u015flay\u0131r. Zaxarova onu da qeyd edib ki, lakin m\u00fcnasib\u0259tl\u0259rin normalla\u015fmas\u0131n\u0131n \u201cyol x\u0259rit\u0259si\u201d kimi Rusiya, Az\u0259rbaycan v\u0259 Erm\u0259nistan liderl\u0259rinin raz\u0131la\u015fmalar\u0131d\u0131r.<\/p>\n","protected":false},"author":2,"featured_media":652429,"comment_status":"closed","ping_status":"closed","sticky":false,"template":"","format":"standard","meta":{"om_disable_all_campaigns":false,"_monsterinsights_skip_tracking":false,"_monsterinsights_sitenote_active":false,"_monsterinsights_sitenote_note":"","_monsterinsights_sitenote_category":0},"categories":[4],"tags":[],"aioseo_notices":[],"gutentor_comment":0,"rttpg_featured_image_url":{"full":["https:\/\/arantv.az\/wp-content\/uploads\/2023\/11\/ec79d4be163487609729557962710079525.jpg",975,540,false],"landscape":["https:\/\/arantv.az\/wp-content\/uploads\/2023\/11\/ec79d4be163487609729557962710079525.jpg",975,540,false],"portraits":["https:\/\/arantv.az\/wp-content\/uploads\/2023\/11\/ec79d4be163487609729557962710079525.jpg",975,540,false],"thumbnail":["https:\/\/arantv.az\/wp-content\/uploads\/2023\/11\/ec79d4be163487609729557962710079525-500x280.jpg",500,280,true],"medium":["https:\/\/arantv.az\/wp-content\/uploads\/2023\/11\/ec79d4be163487609729557962710079525-660x365.jpg",660,365,true],"large":["https:\/\/arantv.az\/wp-content\/uploads\/2023\/11\/ec79d4be163487609729557962710079525-840x465.jpg",640,354,true],"1536x1536":["https:\/\/arantv.az\/wp-content\/uploads\/2023\/11\/ec79d4be163487609729557962710079525.jpg",975,540,false],"2048x2048":["https:\/\/arantv.az\/wp-content\/uploads\/2023\/11\/ec79d4be163487609729557962710079525.jpg",975,540,false],"post-thumbnail":["https:\/\/arantv.az\/wp-content\/uploads\/2023\/11\/ec79d4be163487609729557962710079525-240x172.jpg",240,172,true],"advps-thumb-one":["https:\/\/arantv.az\/wp-content\/uploads\/2023\/11\/ec79d4be163487609729557962710079525.jpg",975,540,false]},"rttpg_author":{"display_name":"V\u00fcsal Rafiqo\u011flu","author_link":"https:\/\/arantv.az\/?author=2"},"rttpg_comment":0,"rttpg_category":"<a href=\"https:\/\/arantv.az\/?cat=4\" rel=\"category\">Siyas\u0259t<\/a>","rttpg_excerpt":"Moskva yax\u0131n vaxtlarda Rusiya, Erm\u0259nistan v\u0259 Az\u0259rbaycan X\u0130N ba\u015f\u00e7\u0131lar\u0131n\u0131n \u00fc\u00e7t\u0259r\u0259fli g\u00f6r\u00fc\u015f\u00fcn\u00fc t\u0259\u015fkil etm\u0259y\u0259 haz\u0131rd\u0131r. ARANTV.AZ\u00a0 x\u0259b\u0259r verir ki,\u00a0bu bar\u0259d\u0259 Rusiya X\u0130N-in r\u0259smi n\u00fcmay\u0259nd\u0259si Mariya Zaxarova bildirib. O qeyd edib ki, Rusiya t\u0259r\u0259fi \u0130r\u0259vanla Bak\u0131 aras\u0131nda g\u0259rginliyi aradan qald\u0131ra bil\u0259c\u0259k ist\u0259nil\u0259n t\u0259maslar\u0131 alq\u0131\u015flay\u0131r. Zaxarova onu da qeyd edib ki, lakin m\u00fcnasib\u0259tl\u0259rin normalla\u015fmas\u0131n\u0131n \u201cyol x\u0259rit\u0259si\u201d kimi Rusiya,&hellip;","_links":{"self":[{"href":"https:\/\/arantv.az\/index.php?rest_route=\/wp\/v2\/posts\/652425"}],"collection":[{"href":"https:\/\/arantv.az\/index.php?rest_route=\/wp\/v2\/posts"}],"about":[{"href":"https:\/\/arantv.az\/index.php?rest_route=\/wp\/v2\/types\/post"}],"author":[{"embeddable":true,"href":"https:\/\/arantv.az\/index.php?rest_route=\/wp\/v2\/users\/2"}],"replies":[{"embeddable":true,"href":"https:\/\/arantv.az\/index.php?rest_route=%2Fwp%2Fv2%2Fcomments&post=652425"}],"version-history":[{"count":0,"href":"https:\/\/arantv.az\/index.php?rest_route=\/wp\/v2\/posts\/652425\/revisions"}],"wp:featuredmedia":[{"embeddable":true,"href":"https:\/\/arantv.az\/index.php?rest_route=\/wp\/v2\/media\/652429"}],"wp:attachment":[{"href":"https:\/\/arantv.az\/index.php?rest_route=%2Fwp%2Fv2%2Fmedia&parent=652425"}],"wp:term":[{"taxonomy":"category","embeddable":true,"href":"https:\/\/arantv.az\/index.php?rest_route=%2Fwp%2Fv2%2Fcategories&post=652425"},{"taxonomy":"post_tag","embeddable":true,"href":"https:\/\/arantv.az\/index.php?rest_route=%2Fwp%2Fv2%2Ftags&post=652425"}],"curies":[{"name":"wp","href":"https:\/\/api.w.org\/{rel}","templated":true}]}}