{"id":652428,"date":"2023-11-02T15:15:50","date_gmt":"2023-11-02T11:15:50","guid":{"rendered":"https:\/\/arantv.az\/?p=652428"},"modified":"2023-11-02T15:15:50","modified_gmt":"2023-11-02T11:15:50","slug":"samir-s%c9%99rifov-hokum%c9%99t-t%c9%99r%c9%99find%c9%99n-s%c9%99firlikl%c9%99rin-muhafiz%c9%99si-ucun-t%c9%99dbirl%c9%99r-gorul%c9%99c%c9%99k","status":"publish","type":"post","link":"https:\/\/arantv.az\/?p=652428","title":{"rendered":"Samir \u015e\u0259rifov: H\u00f6kum\u0259t t\u0259r\u0259find\u0259n s\u0259firlikl\u0259rin m\u00fchafiz\u0259si \u00fc\u00e7\u00fcn t\u0259dbirl\u0259r g\u00f6r\u00fcl\u0259c\u0259k"},"content":{"rendered":"<p>S\u0259firlikl\u0259rimizd\u0259 \u00e7al\u0131\u015fanlar\u0131n maa\u015f\u0131 art\u0131q yeni qaydada hesablan\u0131r.<\/p>\n<p><strong>ARANTV.AZ x\u0259b\u0259r verir ki,<\/strong>\u00a0bunu Milli M\u0259clisin \u0130qtisadi siyas\u0259t, s\u0259naye v\u0259 sahibkarl\u0131q komit\u0259sinin iclas\u0131nda \u201cAz\u0259rbaycan Respublikas\u0131n\u0131n 2024-c\u00fc il d\u00f6vl\u0259t b\u00fcdc\u0259sinin z\u0259rfi\u201dnin m\u00fczakir\u0259si zaman\u0131 maliyy\u0259 naziri Samir \u015e\u0259rifov deyib.<\/p>\n<p>Nazir bildirib ki, Prezidentin tap\u015f\u0131r\u0131\u011f\u0131na \u0259sas\u0259n s\u0259firlikl\u0259rin m\u00fchafiz\u0259si \u00fc\u00e7\u00fcn Nazirl\u0259r Kabinetind\u0259 iclaslar ke\u00e7irilir: \u201cBu sah\u0259y\u0259 cavabdeh qurumlar bu iclasda i\u015ftirak edib. Onlar\u0131n qorunmas\u0131 m\u0259s\u0259l\u0259si t\u0259k bizd\u0259n yox, olduqlar\u0131 \u00f6lk\u0259l\u0259rd\u0259n d\u0259 as\u0131l\u0131d\u0131r. Amma h\u00f6kum\u0259t t\u0259r\u0259find\u0259n bu m\u0259s\u0259l\u0259nin vacibliyi d\u0259rk edilir v\u0259 t\u0259dbirl\u0259r g\u00f6r\u00fcl\u0259c\u0259k. Bizim haz\u0131rda 84 n\u00fcmay\u0259nd\u0259liyimiz xaricd\u0259 f\u0259aliyy\u0259t g\u00f6st\u0259rir. Bu, kifay\u0259t q\u0259d\u0259r y\u00fcks\u0259k g\u00f6st\u0259ricidir\u201d.<\/p>\n","protected":false},"excerpt":{"rendered":"<p>S\u0259firlikl\u0259rimizd\u0259 \u00e7al\u0131\u015fanlar\u0131n maa\u015f\u0131 art\u0131q yeni qaydada hesablan\u0131r. ARANTV.AZ x\u0259b\u0259r verir ki,\u00a0bunu Milli M\u0259clisin \u0130qtisadi siyas\u0259t, s\u0259naye v\u0259 sahibkarl\u0131q komit\u0259sinin iclas\u0131nda \u201cAz\u0259rbaycan Respublikas\u0131n\u0131n 2024-c\u00fc il d\u00f6vl\u0259t b\u00fcdc\u0259sinin z\u0259rfi\u201dnin m\u00fczakir\u0259si zaman\u0131 maliyy\u0259 naziri Samir \u015e\u0259rifov deyib. Nazir bildirib ki, Prezidentin tap\u015f\u0131r\u0131\u011f\u0131na \u0259sas\u0259n s\u0259firlikl\u0259rin m\u00fchafiz\u0259si \u00fc\u00e7\u00fcn Nazirl\u0259r Kabinetind\u0259 iclaslar ke\u00e7irilir: \u201cBu sah\u0259y\u0259 cavabdeh qurumlar bu iclasda i\u015ftirak edib. Onlar\u0131n qorunmas\u0131 m\u0259s\u0259l\u0259si t\u0259k bizd\u0259n yox, olduqlar\u0131 \u00f6lk\u0259l\u0259rd\u0259n d\u0259 as\u0131l\u0131d\u0131r. Amma h\u00f6kum\u0259t t\u0259r\u0259find\u0259n bu m\u0259s\u0259l\u0259nin vacibliyi d\u0259rk edilir v\u0259 t\u0259dbirl\u0259r g\u00f6r\u00fcl\u0259c\u0259k. Bizim haz\u0131rda 84 n\u00fcmay\u0259nd\u0259liyimiz xaricd\u0259 f\u0259aliyy\u0259t g\u00f6st\u0259rir. Bu, kifay\u0259t q\u0259d\u0259r y\u00fcks\u0259k g\u00f6st\u0259ricidir\u201d.<\/p>\n","protected":false},"author":2,"featured_media":652431,"comment_status":"closed","ping_status":"closed","sticky":false,"template":"","format":"standard","meta":{"om_disable_all_campaigns":false,"_monsterinsights_skip_tracking":false,"_monsterinsights_sitenote_active":false,"_monsterinsights_sitenote_note":"","_monsterinsights_sitenote_category":0},"categories":[19],"tags":[],"aioseo_notices":[],"gutentor_comment":0,"rttpg_featured_image_url":{"full":["https:\/\/arantv.az\/wp-content\/uploads\/2023\/11\/f63f65b516989211051862279921026402.jpg",975,540,false],"landscape":["https:\/\/arantv.az\/wp-content\/uploads\/2023\/11\/f63f65b516989211051862279921026402.jpg",975,540,false],"portraits":["https:\/\/arantv.az\/wp-content\/uploads\/2023\/11\/f63f65b516989211051862279921026402.jpg",975,540,false],"thumbnail":["https:\/\/arantv.az\/wp-content\/uploads\/2023\/11\/f63f65b516989211051862279921026402-500x280.jpg",500,280,true],"medium":["https:\/\/arantv.az\/wp-content\/uploads\/2023\/11\/f63f65b516989211051862279921026402-660x365.jpg",660,365,true],"large":["https:\/\/arantv.az\/wp-content\/uploads\/2023\/11\/f63f65b516989211051862279921026402-840x465.jpg",640,354,true],"1536x1536":["https:\/\/arantv.az\/wp-content\/uploads\/2023\/11\/f63f65b516989211051862279921026402.jpg",975,540,false],"2048x2048":["https:\/\/arantv.az\/wp-content\/uploads\/2023\/11\/f63f65b516989211051862279921026402.jpg",975,540,false],"post-thumbnail":["https:\/\/arantv.az\/wp-content\/uploads\/2023\/11\/f63f65b516989211051862279921026402-240x172.jpg",240,172,true],"advps-thumb-one":["https:\/\/arantv.az\/wp-content\/uploads\/2023\/11\/f63f65b516989211051862279921026402.jpg",975,540,false]},"rttpg_author":{"display_name":"V\u00fcsal Rafiqo\u011flu","author_link":"https:\/\/arantv.az\/?author=2"},"rttpg_comment":0,"rttpg_category":"<a href=\"https:\/\/arantv.az\/?cat=19\" rel=\"category\">G\u00fcnd\u0259m<\/a>","rttpg_excerpt":"S\u0259firlikl\u0259rimizd\u0259 \u00e7al\u0131\u015fanlar\u0131n maa\u015f\u0131 art\u0131q yeni qaydada hesablan\u0131r. ARANTV.AZ x\u0259b\u0259r verir ki,\u00a0bunu Milli M\u0259clisin \u0130qtisadi siyas\u0259t, s\u0259naye v\u0259 sahibkarl\u0131q komit\u0259sinin iclas\u0131nda \u201cAz\u0259rbaycan Respublikas\u0131n\u0131n 2024-c\u00fc il d\u00f6vl\u0259t b\u00fcdc\u0259sinin z\u0259rfi\u201dnin m\u00fczakir\u0259si zaman\u0131 maliyy\u0259 naziri Samir \u015e\u0259rifov deyib. Nazir bildirib ki, Prezidentin tap\u015f\u0131r\u0131\u011f\u0131na \u0259sas\u0259n s\u0259firlikl\u0259rin m\u00fchafiz\u0259si \u00fc\u00e7\u00fcn Nazirl\u0259r Kabinetind\u0259 iclaslar ke\u00e7irilir: \u201cBu sah\u0259y\u0259 cavabdeh qurumlar bu iclasda i\u015ftirak edib.&hellip;","_links":{"self":[{"href":"https:\/\/arantv.az\/index.php?rest_route=\/wp\/v2\/posts\/652428"}],"collection":[{"href":"https:\/\/arantv.az\/index.php?rest_route=\/wp\/v2\/posts"}],"about":[{"href":"https:\/\/arantv.az\/index.php?rest_route=\/wp\/v2\/types\/post"}],"author":[{"embeddable":true,"href":"https:\/\/arantv.az\/index.php?rest_route=\/wp\/v2\/users\/2"}],"replies":[{"embeddable":true,"href":"https:\/\/arantv.az\/index.php?rest_route=%2Fwp%2Fv2%2Fcomments&post=652428"}],"version-history":[{"count":0,"href":"https:\/\/arantv.az\/index.php?rest_route=\/wp\/v2\/posts\/652428\/revisions"}],"wp:featuredmedia":[{"embeddable":true,"href":"https:\/\/arantv.az\/index.php?rest_route=\/wp\/v2\/media\/652431"}],"wp:attachment":[{"href":"https:\/\/arantv.az\/index.php?rest_route=%2Fwp%2Fv2%2Fmedia&parent=652428"}],"wp:term":[{"taxonomy":"category","embeddable":true,"href":"https:\/\/arantv.az\/index.php?rest_route=%2Fwp%2Fv2%2Fcategories&post=652428"},{"taxonomy":"post_tag","embeddable":true,"href":"https:\/\/arantv.az\/index.php?rest_route=%2Fwp%2Fv2%2Ftags&post=652428"}],"curies":[{"name":"wp","href":"https:\/\/api.w.org\/{rel}","templated":true}]}}