{"id":652437,"date":"2023-11-02T15:17:37","date_gmt":"2023-11-02T11:17:37","guid":{"rendered":"https:\/\/arantv.az\/?p=652437"},"modified":"2023-11-02T15:17:37","modified_gmt":"2023-11-02T11:17:37","slug":"ali-m%c9%99hk%c9%99m%c9%99-yaninda-elmi-m%c9%99sl%c9%99h%c9%99t-surasinin-novb%c9%99ti-iclasi-kecirilib","status":"publish","type":"post","link":"https:\/\/arantv.az\/?p=652437","title":{"rendered":"Ali M\u0259hk\u0259m\u0259 yan\u0131nda Elmi-m\u0259sl\u0259h\u0259t \u015euras\u0131n\u0131n n\u00f6vb\u0259ti iclas\u0131 ke\u00e7irilib"},"content":{"rendered":"<p>2023-c\u00fc il noyabr\u0131n 1-d\u0259 Az\u0259rbaycan Respublikas\u0131 Ali M\u0259hk\u0259m\u0259sinin yan\u0131nda Elmi-m\u0259sl\u0259h\u0259t \u015euras\u0131n\u0131n n\u00f6vb\u0259ti iclas\u0131 ke\u00e7irilib.<\/p>\n<p>\u0130clasda \u201cCinay\u0259t m\u00fchakim\u0259 icraat\u0131nda sah\u0259l\u0259raras\u0131 preyudisiya\u201d, \u201cM\u00fclki i\u015fl\u0259r \u00fczr\u0259 icraatda \u00e7\u0131xar\u0131lm\u0131\u015f m\u0259hk\u0259m\u0259 aktlar\u0131n\u0131n, habel\u0259 inzibati m\u0259hk\u0259m\u0259l\u0259rin qanuni q\u00fcvv\u0259y\u0259 minmi\u015f q\u0259rarlar\u0131n\u0131n cinay\u0259t prosesind\u0259 preyudisial \u0259h\u0259miyy\u0259ti\u201d, \u201cEyni bir h\u00fcquqpozma il\u0259 ba\u011fl\u0131 paralel inzibati ara\u015fd\u0131rman\u0131n v\u0259 cinay\u0259t t\u0259qibinin apar\u0131lmas\u0131 problemi\u201d m\u00f6vzular\u0131 m\u00fczakir\u0259y\u0259 \u00e7\u0131xar\u0131l\u0131b.<\/p>\n<p>Bildirilib ki, iclas\u0131n g\u00fcnd\u0259liyinin m\u00fc\u0259yy\u0259n edilm\u0259sin\u0259 sah\u0259vi qanunvericiliyin eyni bir pozuntusuna g\u00f6r\u0259 \u015f\u0259xsl\u0259rin inzibati v\u0259 cinay\u0259t m\u0259suliyy\u0259tin\u0259 c\u0259lb olunmalar\u0131 il\u0259 \u0259laq\u0259dar h\u00fcquq t\u0259tbiqetm\u0259 t\u0259cr\u00fcb\u0259sind\u0259 yaranan bir s\u0131ra suallar s\u0259b\u0259b olub. \u015euran\u0131n iclas\u0131nda apar\u0131lan m\u00fczakir\u0259l\u0259rin yekunda cinay\u0259t t\u0259qibinin v\u0259 inzibati i\u015f \u00fczr\u0259 icraat\u0131n apar\u0131lmas\u0131ndan ir\u0259li g\u0259l\u0259n suallar\u0131 ortadan qald\u0131rma\u011fa, h\u00fcquqpozmalar\u0131n ara\u015fd\u0131r\u0131lmas\u0131 \u00fczr\u0259 daha yax\u015f\u0131 t\u0259cr\u00fcb\u0259nin formala\u015fmas\u0131na imkan yaradaca\u011f\u0131 diqq\u0259t\u0259 \u00e7atd\u0131r\u0131l\u0131b.<\/p>\n<p>M\u00fczakir\u0259l\u0259rd\u0259 i\u015ftirak ed\u0259n Az\u0259rbaycan Respublikas\u0131 Ba\u015f Prokurorlu\u011fu, D\u00f6vl\u0259t Vergi Xidm\u0259ti, M\u0259hk\u0259m\u0259 Ekspertiza M\u0259rk\u0259zinin n\u00fcmay\u0259nd\u0259l\u0259ri, aliml\u0259r v\u0259 h\u00fcquq\u015f\u00fcnas ekspertl\u0259r m\u00f6vzu \u00fczr\u0259 m\u00fc\u0259yy\u0259n probleml\u0259r\u0259 toxunub, t\u0259klifl\u0259rl\u0259 \u00e7\u0131x\u0131\u015f edibl\u0259r.<\/p>\n<p>Qeyd ed\u0259k ki, Elmi-m\u0259sl\u0259h\u0259t \u015euras\u0131n\u0131n \u0259sas f\u0259aliyy\u0259ti m\u0259hk\u0259m\u0259 t\u0259cr\u00fcb\u0259sind\u0259 qar\u015f\u0131ya \u00e7\u0131xan probleml\u0259rin m\u00fczakir\u0259si, qanunvericiliyin t\u0259kmill\u0259\u015fdirilm\u0259si il\u0259 ba\u011fl\u0131 elmi m\u0259sl\u0259h\u0259tl\u0259rin apar\u0131lmas\u0131 v\u0259 h\u00fcququn inki\u015faf\u0131na dair t\u0259klifl\u0259rin haz\u0131rlanmas\u0131nda Ali M\u0259hk\u0259m\u0259y\u0259 k\u00f6m\u0259klik g\u00f6st\u0259rm\u0259kd\u0259n ibar\u0259tdir.<\/p>\n","protected":false},"excerpt":{"rendered":"<p>2023-c\u00fc il noyabr\u0131n 1-d\u0259 Az\u0259rbaycan Respublikas\u0131 Ali M\u0259hk\u0259m\u0259sinin yan\u0131nda Elmi-m\u0259sl\u0259h\u0259t \u015euras\u0131n\u0131n n\u00f6vb\u0259ti iclas\u0131 ke\u00e7irilib. \u0130clasda \u201cCinay\u0259t m\u00fchakim\u0259 icraat\u0131nda sah\u0259l\u0259raras\u0131 preyudisiya\u201d, \u201cM\u00fclki i\u015fl\u0259r \u00fczr\u0259 icraatda \u00e7\u0131xar\u0131lm\u0131\u015f m\u0259hk\u0259m\u0259 aktlar\u0131n\u0131n, habel\u0259 inzibati m\u0259hk\u0259m\u0259l\u0259rin qanuni q\u00fcvv\u0259y\u0259 minmi\u015f q\u0259rarlar\u0131n\u0131n cinay\u0259t prosesind\u0259 preyudisial \u0259h\u0259miyy\u0259ti\u201d, \u201cEyni bir h\u00fcquqpozma il\u0259 ba\u011fl\u0131 paralel inzibati ara\u015fd\u0131rman\u0131n v\u0259 cinay\u0259t t\u0259qibinin apar\u0131lmas\u0131 problemi\u201d m\u00f6vzular\u0131 m\u00fczakir\u0259y\u0259 \u00e7\u0131xar\u0131l\u0131b. Bildirilib ki, iclas\u0131n g\u00fcnd\u0259liyinin m\u00fc\u0259yy\u0259n edilm\u0259sin\u0259 sah\u0259vi qanunvericiliyin eyni bir pozuntusuna g\u00f6r\u0259 \u015f\u0259xsl\u0259rin inzibati v\u0259 cinay\u0259t m\u0259suliyy\u0259tin\u0259 c\u0259lb olunmalar\u0131 il\u0259 \u0259laq\u0259dar h\u00fcquq t\u0259tbiqetm\u0259 t\u0259cr\u00fcb\u0259sind\u0259 yaranan bir s\u0131ra suallar s\u0259b\u0259b olub. \u015euran\u0131n iclas\u0131nda apar\u0131lan m\u00fczakir\u0259l\u0259rin yekunda cinay\u0259t&hellip;<\/p>\n","protected":false},"author":2,"featured_media":652441,"comment_status":"closed","ping_status":"closed","sticky":false,"template":"","format":"standard","meta":{"om_disable_all_campaigns":false,"_monsterinsights_skip_tracking":false,"_monsterinsights_sitenote_active":false,"_monsterinsights_sitenote_note":"","_monsterinsights_sitenote_category":0},"categories":[1],"tags":[],"aioseo_notices":[],"gutentor_comment":0,"rttpg_featured_image_url":{"full":["https:\/\/arantv.az\/wp-content\/uploads\/2023\/11\/img-1181.jpg",620,413,false],"landscape":["https:\/\/arantv.az\/wp-content\/uploads\/2023\/11\/img-1181.jpg",620,413,false],"portraits":["https:\/\/arantv.az\/wp-content\/uploads\/2023\/11\/img-1181.jpg",620,413,false],"thumbnail":["https:\/\/arantv.az\/wp-content\/uploads\/2023\/11\/img-1181-500x280.jpg",500,280,true],"medium":["https:\/\/arantv.az\/wp-content\/uploads\/2023\/11\/img-1181-548x365.jpg",548,365,true],"large":["https:\/\/arantv.az\/wp-content\/uploads\/2023\/11\/img-1181.jpg",620,413,false],"1536x1536":["https:\/\/arantv.az\/wp-content\/uploads\/2023\/11\/img-1181.jpg",620,413,false],"2048x2048":["https:\/\/arantv.az\/wp-content\/uploads\/2023\/11\/img-1181.jpg",620,413,false],"post-thumbnail":["https:\/\/arantv.az\/wp-content\/uploads\/2023\/11\/img-1181-240x172.jpg",240,172,true],"advps-thumb-one":["https:\/\/arantv.az\/wp-content\/uploads\/2023\/11\/img-1181.jpg",620,413,false]},"rttpg_author":{"display_name":"V\u00fcsal Rafiqo\u011flu","author_link":"https:\/\/arantv.az\/?author=2"},"rttpg_comment":0,"rttpg_category":"<a href=\"https:\/\/arantv.az\/?cat=1\" rel=\"category\">C\u0259miyy\u0259t<\/a>","rttpg_excerpt":"2023-c\u00fc il noyabr\u0131n 1-d\u0259 Az\u0259rbaycan Respublikas\u0131 Ali M\u0259hk\u0259m\u0259sinin yan\u0131nda Elmi-m\u0259sl\u0259h\u0259t \u015euras\u0131n\u0131n n\u00f6vb\u0259ti iclas\u0131 ke\u00e7irilib. \u0130clasda \u201cCinay\u0259t m\u00fchakim\u0259 icraat\u0131nda sah\u0259l\u0259raras\u0131 preyudisiya\u201d, \u201cM\u00fclki i\u015fl\u0259r \u00fczr\u0259 icraatda \u00e7\u0131xar\u0131lm\u0131\u015f m\u0259hk\u0259m\u0259 aktlar\u0131n\u0131n, habel\u0259 inzibati m\u0259hk\u0259m\u0259l\u0259rin qanuni q\u00fcvv\u0259y\u0259 minmi\u015f q\u0259rarlar\u0131n\u0131n cinay\u0259t prosesind\u0259 preyudisial \u0259h\u0259miyy\u0259ti\u201d, \u201cEyni bir h\u00fcquqpozma il\u0259 ba\u011fl\u0131 paralel inzibati ara\u015fd\u0131rman\u0131n v\u0259 cinay\u0259t t\u0259qibinin apar\u0131lmas\u0131 problemi\u201d m\u00f6vzular\u0131 m\u00fczakir\u0259y\u0259 \u00e7\u0131xar\u0131l\u0131b. Bildirilib&hellip;","_links":{"self":[{"href":"https:\/\/arantv.az\/index.php?rest_route=\/wp\/v2\/posts\/652437"}],"collection":[{"href":"https:\/\/arantv.az\/index.php?rest_route=\/wp\/v2\/posts"}],"about":[{"href":"https:\/\/arantv.az\/index.php?rest_route=\/wp\/v2\/types\/post"}],"author":[{"embeddable":true,"href":"https:\/\/arantv.az\/index.php?rest_route=\/wp\/v2\/users\/2"}],"replies":[{"embeddable":true,"href":"https:\/\/arantv.az\/index.php?rest_route=%2Fwp%2Fv2%2Fcomments&post=652437"}],"version-history":[{"count":0,"href":"https:\/\/arantv.az\/index.php?rest_route=\/wp\/v2\/posts\/652437\/revisions"}],"wp:featuredmedia":[{"embeddable":true,"href":"https:\/\/arantv.az\/index.php?rest_route=\/wp\/v2\/media\/652441"}],"wp:attachment":[{"href":"https:\/\/arantv.az\/index.php?rest_route=%2Fwp%2Fv2%2Fmedia&parent=652437"}],"wp:term":[{"taxonomy":"category","embeddable":true,"href":"https:\/\/arantv.az\/index.php?rest_route=%2Fwp%2Fv2%2Fcategories&post=652437"},{"taxonomy":"post_tag","embeddable":true,"href":"https:\/\/arantv.az\/index.php?rest_route=%2Fwp%2Fv2%2Ftags&post=652437"}],"curies":[{"name":"wp","href":"https:\/\/api.w.org\/{rel}","templated":true}]}}