{"id":65244,"date":"2019-06-10T11:42:50","date_gmt":"2019-06-10T08:42:50","guid":{"rendered":"http:\/\/arantv.az\/?p=65244"},"modified":"2019-06-10T11:42:50","modified_gmt":"2019-06-10T08:42:50","slug":"bakida-sadliq-sarayinin-qarsisinda-qanli-hadis%c9%99","status":"publish","type":"post","link":"https:\/\/arantv.az\/?p=65244","title":{"rendered":"Bak\u0131da \u015fadl\u0131q saray\u0131n\u0131n qar\u015f\u0131s\u0131nda qanl\u0131 hadis\u0259"},"content":{"rendered":"<p>Paytaxt\u0131n Yasamal rayonunda b\u0131\u00e7aqlanma hadis\u0259si qeyd\u0259 al\u0131n\u0131b.<\/p>\n<div id=\"AdviadNativeVideo0\" class=\"AdviadNativeVideo\"><\/div>\n<p><strong>ARANTVAZ<\/strong>-\u0131n m\u0259lumat\u0131na g\u00f6r\u0259, iyunun 9-u ax\u015fam saatlar\u0131nda \u201c\u0130n\u015faat\u00e7\u0131lar\u201d metro stansiyas\u0131n\u0131n yax\u0131nl\u0131\u011f\u0131nda yerl\u0259\u015f\u0259n \u201cA\u011f \u00e7i\u00e7\u0259yim\u201d \u015fadl\u0131q sarayan\u0131n qar\u015f\u0131s\u0131nda 1979-cu il t\u0259v\u0259ll\u00fcdl\u00fc B\u0259xtiyar A\u011fayar o\u011flu Eminli qarn\u0131ndan b\u0131\u00e7aqlan\u0131b. B.Eminli yax\u0131nl\u0131qdak\u0131 \u015f\u0259xsl\u0259rin k\u00f6m\u0259yi il\u0259 x\u0259st\u0259xanaya \u00e7at\u0131d\u0131r\u0131l\u0131b. V\u0259ziyy\u0259tinin kafi oldu\u011fu bildirilir.<\/p>\n<p>Faktla ba\u011fl\u0131 ara\u015fd\u0131rma apar\u0131l\u0131r.apa<\/p>\n","protected":false},"excerpt":{"rendered":"<p>Paytaxt\u0131n Yasamal rayonunda b\u0131\u00e7aqlanma hadis\u0259si qeyd\u0259 al\u0131n\u0131b. ARANTVAZ-\u0131n m\u0259lumat\u0131na g\u00f6r\u0259, iyunun 9-u ax\u015fam saatlar\u0131nda \u201c\u0130n\u015faat\u00e7\u0131lar\u201d metro stansiyas\u0131n\u0131n yax\u0131nl\u0131\u011f\u0131nda yerl\u0259\u015f\u0259n \u201cA\u011f \u00e7i\u00e7\u0259yim\u201d \u015fadl\u0131q sarayan\u0131n qar\u015f\u0131s\u0131nda 1979-cu il t\u0259v\u0259ll\u00fcdl\u00fc B\u0259xtiyar A\u011fayar o\u011flu Eminli qarn\u0131ndan b\u0131\u00e7aqlan\u0131b. B.Eminli yax\u0131nl\u0131qdak\u0131 \u015f\u0259xsl\u0259rin k\u00f6m\u0259yi il\u0259 x\u0259st\u0259xanaya \u00e7at\u0131d\u0131r\u0131l\u0131b. V\u0259ziyy\u0259tinin kafi oldu\u011fu bildirilir. Faktla ba\u011fl\u0131 ara\u015fd\u0131rma apar\u0131l\u0131r.apa<\/p>\n","protected":false},"author":2,"featured_media":65245,"comment_status":"closed","ping_status":"closed","sticky":false,"template":"","format":"standard","meta":{"om_disable_all_campaigns":false,"_monsterinsights_skip_tracking":false,"_monsterinsights_sitenote_active":false,"_monsterinsights_sitenote_note":"","_monsterinsights_sitenote_category":0},"categories":[3],"tags":[],"aioseo_notices":[],"gutentor_comment":0,"rttpg_featured_image_url":{"full":["https:\/\/arantv.az\/wp-content\/uploads\/2019\/06\/Ag-ciceyim-sadliq-sarayi.jpg",648,330,false],"landscape":["https:\/\/arantv.az\/wp-content\/uploads\/2019\/06\/Ag-ciceyim-sadliq-sarayi.jpg",648,330,false],"portraits":["https:\/\/arantv.az\/wp-content\/uploads\/2019\/06\/Ag-ciceyim-sadliq-sarayi.jpg",648,330,false],"thumbnail":["https:\/\/arantv.az\/wp-content\/uploads\/2019\/06\/Ag-ciceyim-sadliq-sarayi-150x150.jpg",150,150,true],"medium":["https:\/\/arantv.az\/wp-content\/uploads\/2019\/06\/Ag-ciceyim-sadliq-sarayi-300x153.jpg",300,153,true],"large":["https:\/\/arantv.az\/wp-content\/uploads\/2019\/06\/Ag-ciceyim-sadliq-sarayi.jpg",640,326,false],"1536x1536":["https:\/\/arantv.az\/wp-content\/uploads\/2019\/06\/Ag-ciceyim-sadliq-sarayi.jpg",648,330,false],"2048x2048":["https:\/\/arantv.az\/wp-content\/uploads\/2019\/06\/Ag-ciceyim-sadliq-sarayi.jpg",648,330,false],"post-thumbnail":["https:\/\/arantv.az\/wp-content\/uploads\/2019\/06\/Ag-ciceyim-sadliq-sarayi-240x172.jpg",240,172,true],"advps-thumb-one":["https:\/\/arantv.az\/wp-content\/uploads\/2019\/06\/Ag-ciceyim-sadliq-sarayi.jpg",648,330,false]},"rttpg_author":{"display_name":"V\u00fcsal Rafiqo\u011flu","author_link":"https:\/\/arantv.az\/?author=2"},"rttpg_comment":0,"rttpg_category":"<a href=\"https:\/\/arantv.az\/?cat=3\" rel=\"category\">Kriminal<\/a>","rttpg_excerpt":"Paytaxt\u0131n Yasamal rayonunda b\u0131\u00e7aqlanma hadis\u0259si qeyd\u0259 al\u0131n\u0131b. ARANTVAZ-\u0131n m\u0259lumat\u0131na g\u00f6r\u0259, iyunun 9-u ax\u015fam saatlar\u0131nda \u201c\u0130n\u015faat\u00e7\u0131lar\u201d metro stansiyas\u0131n\u0131n yax\u0131nl\u0131\u011f\u0131nda yerl\u0259\u015f\u0259n \u201cA\u011f \u00e7i\u00e7\u0259yim\u201d \u015fadl\u0131q sarayan\u0131n qar\u015f\u0131s\u0131nda 1979-cu il t\u0259v\u0259ll\u00fcdl\u00fc B\u0259xtiyar A\u011fayar o\u011flu Eminli qarn\u0131ndan b\u0131\u00e7aqlan\u0131b. B.Eminli yax\u0131nl\u0131qdak\u0131 \u015f\u0259xsl\u0259rin k\u00f6m\u0259yi il\u0259 x\u0259st\u0259xanaya \u00e7at\u0131d\u0131r\u0131l\u0131b. V\u0259ziyy\u0259tinin kafi oldu\u011fu bildirilir. Faktla ba\u011fl\u0131 ara\u015fd\u0131rma apar\u0131l\u0131r.apa","_links":{"self":[{"href":"https:\/\/arantv.az\/index.php?rest_route=\/wp\/v2\/posts\/65244"}],"collection":[{"href":"https:\/\/arantv.az\/index.php?rest_route=\/wp\/v2\/posts"}],"about":[{"href":"https:\/\/arantv.az\/index.php?rest_route=\/wp\/v2\/types\/post"}],"author":[{"embeddable":true,"href":"https:\/\/arantv.az\/index.php?rest_route=\/wp\/v2\/users\/2"}],"replies":[{"embeddable":true,"href":"https:\/\/arantv.az\/index.php?rest_route=%2Fwp%2Fv2%2Fcomments&post=65244"}],"version-history":[{"count":0,"href":"https:\/\/arantv.az\/index.php?rest_route=\/wp\/v2\/posts\/65244\/revisions"}],"wp:featuredmedia":[{"embeddable":true,"href":"https:\/\/arantv.az\/index.php?rest_route=\/wp\/v2\/media\/65245"}],"wp:attachment":[{"href":"https:\/\/arantv.az\/index.php?rest_route=%2Fwp%2Fv2%2Fmedia&parent=65244"}],"wp:term":[{"taxonomy":"category","embeddable":true,"href":"https:\/\/arantv.az\/index.php?rest_route=%2Fwp%2Fv2%2Fcategories&post=65244"},{"taxonomy":"post_tag","embeddable":true,"href":"https:\/\/arantv.az\/index.php?rest_route=%2Fwp%2Fv2%2Ftags&post=65244"}],"curies":[{"name":"wp","href":"https:\/\/api.w.org\/{rel}","templated":true}]}}