{"id":652440,"date":"2023-11-02T15:17:54","date_gmt":"2023-11-02T11:17:54","guid":{"rendered":"https:\/\/arantv.az\/?p=652440"},"modified":"2023-11-02T15:17:54","modified_gmt":"2023-11-02T11:17:54","slug":"erm%c9%99nistan-rusiyaya-roma-statutunun-t%c9%99l%c9%99bl%c9%99rind%c9%99n-yan-kec%c9%99c%c9%99k-sazis-t%c9%99klif-edib","status":"publish","type":"post","link":"https:\/\/arantv.az\/?p=652440","title":{"rendered":"Erm\u0259nistan Rusiyaya Roma Statutunun t\u0259l\u0259bl\u0259rind\u0259n yan ke\u00e7\u0259c\u0259k sazi\u015f t\u0259klif edib"},"content":{"rendered":"<p>Erm\u0259nistan Rusiyan\u0131 Beyn\u0259lxalq Cinay\u0259t M\u0259hk\u0259m\u0259sinin Roma Statutunun t\u0259l\u0259bl\u0259rind\u0259n yan ke\u00e7\u0259c\u0259k d\u00f6vl\u0259tl\u0259raras\u0131 sazi\u015f imzalama\u011fa d\u0259v\u0259t edib.<\/p>\n<p>Bunu parlament s\u0259drinin m\u00fcavini, ba\u015f nazir Nikol Pa\u015finyan\u0131n \u201cV\u0259t\u0259nda\u015f Sazi\u015fi\u201d partiyas\u0131n\u0131n \u0130dar\u0259 Hey\u0259tinin \u00fczv\u00fc Akop Ar\u015fakyan brifinqd\u0259 deyib.<\/p>\n<p>\u201cRoma \u018fsasnam\u0259sinin ratifikasiyas\u0131na bir ne\u00e7\u0259 ay qalm\u0131\u015f biz Rusiyan\u0131 ikit\u0259r\u0259fli sazi\u015f imzalama\u011fa d\u0259v\u0259t etdik ki, d\u00f6vl\u0259tl\u0259raras\u0131 h\u00fcquqi m\u00fcnasib\u0259tl\u0259rimiz beyn\u0259lxalq strukturlarda yoxlan\u0131lmas\u0131n, ratifikasiya \u0259laq\u0259l\u0259rimiz\u0259 t\u0259sir etm\u0259sin. \u018fslind\u0259, h\u0259l\u0259 cavab almam\u0131\u015f\u0131q, amma Roma Statutunun q\u00fcvv\u0259y\u0259 minm\u0259sin\u0259 h\u0259l\u0259 \u00e7ox vaxt var. H\u00fcquqi bax\u0131mdan bizim iki \u00f6lk\u0259y\u0259 toxunan m\u0259s\u0259l\u0259l\u0259rl\u0259 ba\u011fl\u0131 beyn\u0259lxalq m\u0259hk\u0259m\u0259 q\u0259rarlar\u0131n\u0131n t\u0259tbiqini istisna ed\u0259n sazi\u015fimiz ola bil\u0259r\u201d, &#8211; dey\u0259 o b\u0259yan edib.<\/p>\n<p>M\u0259nb\u0259: TASS<\/p>\n","protected":false},"excerpt":{"rendered":"<p>Erm\u0259nistan Rusiyan\u0131 Beyn\u0259lxalq Cinay\u0259t M\u0259hk\u0259m\u0259sinin Roma Statutunun t\u0259l\u0259bl\u0259rind\u0259n yan ke\u00e7\u0259c\u0259k d\u00f6vl\u0259tl\u0259raras\u0131 sazi\u015f imzalama\u011fa d\u0259v\u0259t edib. Bunu parlament s\u0259drinin m\u00fcavini, ba\u015f nazir Nikol Pa\u015finyan\u0131n \u201cV\u0259t\u0259nda\u015f Sazi\u015fi\u201d partiyas\u0131n\u0131n \u0130dar\u0259 Hey\u0259tinin \u00fczv\u00fc Akop Ar\u015fakyan brifinqd\u0259 deyib. \u201cRoma \u018fsasnam\u0259sinin ratifikasiyas\u0131na bir ne\u00e7\u0259 ay qalm\u0131\u015f biz Rusiyan\u0131 ikit\u0259r\u0259fli sazi\u015f imzalama\u011fa d\u0259v\u0259t etdik ki, d\u00f6vl\u0259tl\u0259raras\u0131 h\u00fcquqi m\u00fcnasib\u0259tl\u0259rimiz beyn\u0259lxalq strukturlarda yoxlan\u0131lmas\u0131n, ratifikasiya \u0259laq\u0259l\u0259rimiz\u0259 t\u0259sir etm\u0259sin. \u018fslind\u0259, h\u0259l\u0259 cavab almam\u0131\u015f\u0131q, amma Roma Statutunun q\u00fcvv\u0259y\u0259 minm\u0259sin\u0259 h\u0259l\u0259 \u00e7ox vaxt var. H\u00fcquqi bax\u0131mdan bizim iki \u00f6lk\u0259y\u0259 toxunan m\u0259s\u0259l\u0259l\u0259rl\u0259 ba\u011fl\u0131 beyn\u0259lxalq m\u0259hk\u0259m\u0259 q\u0259rarlar\u0131n\u0131n t\u0259tbiqini istisna ed\u0259n sazi\u015fimiz ola bil\u0259r\u201d, &#8211; dey\u0259&hellip;<\/p>\n","protected":false},"author":2,"featured_media":652443,"comment_status":"closed","ping_status":"closed","sticky":false,"template":"","format":"standard","meta":{"om_disable_all_campaigns":false,"_monsterinsights_skip_tracking":false,"_monsterinsights_sitenote_active":false,"_monsterinsights_sitenote_note":"","_monsterinsights_sitenote_category":0},"categories":[7],"tags":[],"aioseo_notices":[],"gutentor_comment":0,"rttpg_featured_image_url":{"full":["https:\/\/arantv.az\/wp-content\/uploads\/2023\/11\/380583085_1956900571363705_7957864168711419581_n.jpg",620,413,false],"landscape":["https:\/\/arantv.az\/wp-content\/uploads\/2023\/11\/380583085_1956900571363705_7957864168711419581_n.jpg",620,413,false],"portraits":["https:\/\/arantv.az\/wp-content\/uploads\/2023\/11\/380583085_1956900571363705_7957864168711419581_n.jpg",620,413,false],"thumbnail":["https:\/\/arantv.az\/wp-content\/uploads\/2023\/11\/380583085_1956900571363705_7957864168711419581_n-500x280.jpg",500,280,true],"medium":["https:\/\/arantv.az\/wp-content\/uploads\/2023\/11\/380583085_1956900571363705_7957864168711419581_n-548x365.jpg",548,365,true],"large":["https:\/\/arantv.az\/wp-content\/uploads\/2023\/11\/380583085_1956900571363705_7957864168711419581_n.jpg",620,413,false],"1536x1536":["https:\/\/arantv.az\/wp-content\/uploads\/2023\/11\/380583085_1956900571363705_7957864168711419581_n.jpg",620,413,false],"2048x2048":["https:\/\/arantv.az\/wp-content\/uploads\/2023\/11\/380583085_1956900571363705_7957864168711419581_n.jpg",620,413,false],"post-thumbnail":["https:\/\/arantv.az\/wp-content\/uploads\/2023\/11\/380583085_1956900571363705_7957864168711419581_n-240x172.jpg",240,172,true],"advps-thumb-one":["https:\/\/arantv.az\/wp-content\/uploads\/2023\/11\/380583085_1956900571363705_7957864168711419581_n.jpg",620,413,false]},"rttpg_author":{"display_name":"V\u00fcsal Rafiqo\u011flu","author_link":"https:\/\/arantv.az\/?author=2"},"rttpg_comment":0,"rttpg_category":"<a href=\"https:\/\/arantv.az\/?cat=7\" rel=\"category\">D\u00fcnya<\/a>","rttpg_excerpt":"Erm\u0259nistan Rusiyan\u0131 Beyn\u0259lxalq Cinay\u0259t M\u0259hk\u0259m\u0259sinin Roma Statutunun t\u0259l\u0259bl\u0259rind\u0259n yan ke\u00e7\u0259c\u0259k d\u00f6vl\u0259tl\u0259raras\u0131 sazi\u015f imzalama\u011fa d\u0259v\u0259t edib. Bunu parlament s\u0259drinin m\u00fcavini, ba\u015f nazir Nikol Pa\u015finyan\u0131n \u201cV\u0259t\u0259nda\u015f Sazi\u015fi\u201d partiyas\u0131n\u0131n \u0130dar\u0259 Hey\u0259tinin \u00fczv\u00fc Akop Ar\u015fakyan brifinqd\u0259 deyib. \u201cRoma \u018fsasnam\u0259sinin ratifikasiyas\u0131na bir ne\u00e7\u0259 ay qalm\u0131\u015f biz Rusiyan\u0131 ikit\u0259r\u0259fli sazi\u015f imzalama\u011fa d\u0259v\u0259t etdik ki, d\u00f6vl\u0259tl\u0259raras\u0131 h\u00fcquqi m\u00fcnasib\u0259tl\u0259rimiz beyn\u0259lxalq strukturlarda yoxlan\u0131lmas\u0131n, ratifikasiya&hellip;","_links":{"self":[{"href":"https:\/\/arantv.az\/index.php?rest_route=\/wp\/v2\/posts\/652440"}],"collection":[{"href":"https:\/\/arantv.az\/index.php?rest_route=\/wp\/v2\/posts"}],"about":[{"href":"https:\/\/arantv.az\/index.php?rest_route=\/wp\/v2\/types\/post"}],"author":[{"embeddable":true,"href":"https:\/\/arantv.az\/index.php?rest_route=\/wp\/v2\/users\/2"}],"replies":[{"embeddable":true,"href":"https:\/\/arantv.az\/index.php?rest_route=%2Fwp%2Fv2%2Fcomments&post=652440"}],"version-history":[{"count":0,"href":"https:\/\/arantv.az\/index.php?rest_route=\/wp\/v2\/posts\/652440\/revisions"}],"wp:featuredmedia":[{"embeddable":true,"href":"https:\/\/arantv.az\/index.php?rest_route=\/wp\/v2\/media\/652443"}],"wp:attachment":[{"href":"https:\/\/arantv.az\/index.php?rest_route=%2Fwp%2Fv2%2Fmedia&parent=652440"}],"wp:term":[{"taxonomy":"category","embeddable":true,"href":"https:\/\/arantv.az\/index.php?rest_route=%2Fwp%2Fv2%2Fcategories&post=652440"},{"taxonomy":"post_tag","embeddable":true,"href":"https:\/\/arantv.az\/index.php?rest_route=%2Fwp%2Fv2%2Ftags&post=652440"}],"curies":[{"name":"wp","href":"https:\/\/api.w.org\/{rel}","templated":true}]}}