{"id":652444,"date":"2023-11-02T15:26:16","date_gmt":"2023-11-02T11:26:16","guid":{"rendered":"https:\/\/arantv.az\/?p=652444"},"modified":"2023-11-02T15:26:16","modified_gmt":"2023-11-02T11:26:16","slug":"dgk-nin-s%c9%99dri-tarif-d%c9%99r%c9%99c%c9%99l%c9%99rind%c9%99-artimlar-bas-vermir","status":"publish","type":"post","link":"https:\/\/arantv.az\/?p=652444","title":{"rendered":"DGK-n\u0131n s\u0259dri: \u201cTarif d\u0259r\u0259c\u0259l\u0259rind\u0259 art\u0131mlar ba\u015f vermir\u201d"},"content":{"rendered":"<p>\u201cD\u00f6vl\u0259t G\u00f6mr\u00fck Komit\u0259sinin (DGK) tarif d\u0259r\u0259c\u0259l\u0259rind\u0259 art\u0131mlar ba\u015f vermir\u201d.<\/p>\n<p>\u201cQafqazinfo\u201d x\u0259b\u0259r verir ki, bu fikirl\u0259ri DGK-n\u0131n s\u0259dri \u015eahin Ba\u011f\u0131rov Milli M\u0259clisin \u0130qtisadi siyas\u0259t, s\u0259naye v\u0259 sahibkarl\u0131q komit\u0259sinin iclas\u0131nda b\u00fcdc\u0259 m\u00fczakir\u0259si zaman\u0131 deyib.<\/p>\n<p>Onun s\u00f6zl\u0259rin\u0259 g\u00f6r\u0259, \u0259ksin\u0259, \u00f6lk\u0259d\u0259 apar\u0131lan iqtisadi siyas\u0259t ondan ibar\u0259tdir ki, tarif d\u0259r\u0259c\u0259l\u0259rind\u0259 azald\u0131lma tendensiyas\u0131 ba\u015f verir:<\/p>\n<p>\u201cBu da istehsal sah\u0259l\u0259rind\u0259 \u0259lav\u0259 d\u0259y\u0259rin yarad\u0131lmas\u0131 v\u0259 xidm\u0259t sah\u0259l\u0259rin\u0259 d\u0259st\u0259k g\u00f6st\u0259rm\u0259k \u00fc\u00e7\u00fcn h\u0259yata ke\u00e7irilir. Bu konteksd\u0259 g\u00f6mr\u00fck orqanlar\u0131nda n\u00f6vb\u0259ti il \u00fc\u00e7\u00fcn 5 milyard 900 milyon manatl\u0131q b\u00fcdc\u0259 daxilolmalar\u0131n\u0131 t\u0259min etm\u0259y\u0259 \u00e7al\u0131\u015f\u0131lacaq. Bu hesablamalar idxal h\u0259cml\u0259rind\u0259n as\u0131l\u0131 olaraq ba\u015f verir. Eyni zamanda g\u00f6mr\u00fck d\u0259y\u0259rinin m\u00fc\u0259yy\u0259n edilm\u0259si m\u0259s\u0259l\u0259l\u0259rind\u0259 d\u0259 \u00fcz\u0259rimiz\u0259 m\u00fch\u00fcm i\u015fl\u0259r d\u00fc\u015f\u00fcr.<\/p>\n<p>Bu bax\u0131mdan idxal h\u0259cml\u0259rini n\u0259z\u0259r\u0259 almaqla, b\u00fcdc\u0259 daxilolmalar\u0131n\u0131n t\u0259min edilm\u0259sind\u0259n \u00f6tr\u00fc g\u00f6mr\u00fck d\u0259y\u0259rl\u0259ndirilm\u0259sinin d\u00fczg\u00fcn h\u0259yata ke\u00e7irilm\u0259si ba\u015f verm\u0259lidir. Haz\u0131rda Az\u0259rbaycanda g\u00f6mr\u00fck xidm\u0259tind\u0259 g\u00f6mr\u00fck d\u0259y\u0259rl\u0259ndirm\u0259si \u00dcmumd\u00fcnya Ticar\u0259t T\u0259\u015fkilat\u0131n\u0131n normalar\u0131na uy\u011fun olaraq metodika \u0259sas\u0131nda m\u00fc\u0259yy\u0259n edilib v\u0259 bu sistem \u0259sas\u0131nda d\u00fczg\u00fcn idar\u0259etm\u0259 v\u0259 \u00f6lk\u0259miz\u0259 daxil olan y\u00fckl\u0259rin d\u00fczg\u00fcn d\u0259y\u0259rinin m\u00fc\u0259yy\u0259n edilm\u0259si n\u0259tic\u0259sind\u0259 daxilolmalar\u0131n t\u0259min olunmas\u0131 \u00fc\u00e7\u00fcn z\u0259ruri i\u015fl\u0259ri g\u00f6r\u0259c\u0259yik. N\u00f6vb\u0259ti ild\u0259 f\u0259aliyy\u0259timiz n\u0259tic\u0259sind\u0259 b\u00fcdc\u0259 daxilolmalar\u0131 t\u0259min edil\u0259c\u0259k\u201d.<\/p>\n","protected":false},"excerpt":{"rendered":"<p>\u201cD\u00f6vl\u0259t G\u00f6mr\u00fck Komit\u0259sinin (DGK) tarif d\u0259r\u0259c\u0259l\u0259rind\u0259 art\u0131mlar ba\u015f vermir\u201d. \u201cQafqazinfo\u201d x\u0259b\u0259r verir ki, bu fikirl\u0259ri DGK-n\u0131n s\u0259dri \u015eahin Ba\u011f\u0131rov Milli M\u0259clisin \u0130qtisadi siyas\u0259t, s\u0259naye v\u0259 sahibkarl\u0131q komit\u0259sinin iclas\u0131nda b\u00fcdc\u0259 m\u00fczakir\u0259si zaman\u0131 deyib. Onun s\u00f6zl\u0259rin\u0259 g\u00f6r\u0259, \u0259ksin\u0259, \u00f6lk\u0259d\u0259 apar\u0131lan iqtisadi siyas\u0259t ondan ibar\u0259tdir ki, tarif d\u0259r\u0259c\u0259l\u0259rind\u0259 azald\u0131lma tendensiyas\u0131 ba\u015f verir: \u201cBu da istehsal sah\u0259l\u0259rind\u0259 \u0259lav\u0259 d\u0259y\u0259rin yarad\u0131lmas\u0131 v\u0259 xidm\u0259t sah\u0259l\u0259rin\u0259 d\u0259st\u0259k g\u00f6st\u0259rm\u0259k \u00fc\u00e7\u00fcn h\u0259yata ke\u00e7irilir. Bu konteksd\u0259 g\u00f6mr\u00fck orqanlar\u0131nda n\u00f6vb\u0259ti il \u00fc\u00e7\u00fcn 5 milyard 900 milyon manatl\u0131q b\u00fcdc\u0259 daxilolmalar\u0131n\u0131 t\u0259min etm\u0259y\u0259 \u00e7al\u0131\u015f\u0131lacaq. Bu hesablamalar idxal h\u0259cml\u0259rind\u0259n as\u0131l\u0131 olaraq ba\u015f verir. Eyni&hellip;<\/p>\n","protected":false},"author":2,"featured_media":652447,"comment_status":"closed","ping_status":"closed","sticky":false,"template":"","format":"standard","meta":{"om_disable_all_campaigns":false,"_monsterinsights_skip_tracking":false,"_monsterinsights_sitenote_active":false,"_monsterinsights_sitenote_note":"","_monsterinsights_sitenote_category":0},"categories":[19],"tags":[],"aioseo_notices":[],"gutentor_comment":0,"rttpg_featured_image_url":{"full":["https:\/\/arantv.az\/wp-content\/uploads\/2023\/11\/sahin.jpg",620,413,false],"landscape":["https:\/\/arantv.az\/wp-content\/uploads\/2023\/11\/sahin.jpg",620,413,false],"portraits":["https:\/\/arantv.az\/wp-content\/uploads\/2023\/11\/sahin.jpg",620,413,false],"thumbnail":["https:\/\/arantv.az\/wp-content\/uploads\/2023\/11\/sahin-500x280.jpg",500,280,true],"medium":["https:\/\/arantv.az\/wp-content\/uploads\/2023\/11\/sahin-548x365.jpg",548,365,true],"large":["https:\/\/arantv.az\/wp-content\/uploads\/2023\/11\/sahin.jpg",620,413,false],"1536x1536":["https:\/\/arantv.az\/wp-content\/uploads\/2023\/11\/sahin.jpg",620,413,false],"2048x2048":["https:\/\/arantv.az\/wp-content\/uploads\/2023\/11\/sahin.jpg",620,413,false],"post-thumbnail":["https:\/\/arantv.az\/wp-content\/uploads\/2023\/11\/sahin-240x172.jpg",240,172,true],"advps-thumb-one":["https:\/\/arantv.az\/wp-content\/uploads\/2023\/11\/sahin.jpg",620,413,false]},"rttpg_author":{"display_name":"V\u00fcsal Rafiqo\u011flu","author_link":"https:\/\/arantv.az\/?author=2"},"rttpg_comment":0,"rttpg_category":"<a href=\"https:\/\/arantv.az\/?cat=19\" rel=\"category\">G\u00fcnd\u0259m<\/a>","rttpg_excerpt":"\u201cD\u00f6vl\u0259t G\u00f6mr\u00fck Komit\u0259sinin (DGK) tarif d\u0259r\u0259c\u0259l\u0259rind\u0259 art\u0131mlar ba\u015f vermir\u201d. \u201cQafqazinfo\u201d x\u0259b\u0259r verir ki, bu fikirl\u0259ri DGK-n\u0131n s\u0259dri \u015eahin Ba\u011f\u0131rov Milli M\u0259clisin \u0130qtisadi siyas\u0259t, s\u0259naye v\u0259 sahibkarl\u0131q komit\u0259sinin iclas\u0131nda b\u00fcdc\u0259 m\u00fczakir\u0259si zaman\u0131 deyib. Onun s\u00f6zl\u0259rin\u0259 g\u00f6r\u0259, \u0259ksin\u0259, \u00f6lk\u0259d\u0259 apar\u0131lan iqtisadi siyas\u0259t ondan ibar\u0259tdir ki, tarif d\u0259r\u0259c\u0259l\u0259rind\u0259 azald\u0131lma tendensiyas\u0131 ba\u015f verir: \u201cBu da istehsal sah\u0259l\u0259rind\u0259 \u0259lav\u0259 d\u0259y\u0259rin&hellip;","_links":{"self":[{"href":"https:\/\/arantv.az\/index.php?rest_route=\/wp\/v2\/posts\/652444"}],"collection":[{"href":"https:\/\/arantv.az\/index.php?rest_route=\/wp\/v2\/posts"}],"about":[{"href":"https:\/\/arantv.az\/index.php?rest_route=\/wp\/v2\/types\/post"}],"author":[{"embeddable":true,"href":"https:\/\/arantv.az\/index.php?rest_route=\/wp\/v2\/users\/2"}],"replies":[{"embeddable":true,"href":"https:\/\/arantv.az\/index.php?rest_route=%2Fwp%2Fv2%2Fcomments&post=652444"}],"version-history":[{"count":0,"href":"https:\/\/arantv.az\/index.php?rest_route=\/wp\/v2\/posts\/652444\/revisions"}],"wp:featuredmedia":[{"embeddable":true,"href":"https:\/\/arantv.az\/index.php?rest_route=\/wp\/v2\/media\/652447"}],"wp:attachment":[{"href":"https:\/\/arantv.az\/index.php?rest_route=%2Fwp%2Fv2%2Fmedia&parent=652444"}],"wp:term":[{"taxonomy":"category","embeddable":true,"href":"https:\/\/arantv.az\/index.php?rest_route=%2Fwp%2Fv2%2Fcategories&post=652444"},{"taxonomy":"post_tag","embeddable":true,"href":"https:\/\/arantv.az\/index.php?rest_route=%2Fwp%2Fv2%2Ftags&post=652444"}],"curies":[{"name":"wp","href":"https:\/\/api.w.org\/{rel}","templated":true}]}}