{"id":652449,"date":"2023-11-02T15:31:25","date_gmt":"2023-11-02T11:31:25","guid":{"rendered":"https:\/\/arantv.az\/?p=652449"},"modified":"2023-11-02T15:31:25","modified_gmt":"2023-11-02T11:31:25","slug":"mariya-zaxarova-uct%c9%99r%c9%99fli-gorusu-t%c9%99skil-etm%c9%99y%c9%99-haziriq","status":"publish","type":"post","link":"https:\/\/arantv.az\/?p=652449","title":{"rendered":"Mariya Zaxarova: \u201c\u00dc\u00e7t\u0259r\u0259fli g\u00f6r\u00fc\u015f\u00fc t\u0259\u015fkil etm\u0259y\u0259 haz\u0131r\u0131q\u201d"},"content":{"rendered":"<p>\u201cBak\u0131 il\u0259 \u0130r\u0259van aras\u0131nda g\u0259rginliyin aradan qald\u0131r\u0131lmas\u0131na k\u00f6m\u0259k ed\u0259c\u0259k ist\u0259nil\u0259n t\u0259maslar\u0131 alq\u0131\u015flay\u0131r\u0131q\u201d.<\/p>\n<p>Bunu Rusiya Xarici \u0130\u015fl\u0259r Nazirliyinin r\u0259smi n\u00fcmay\u0259nd\u0259si Mariya Zaxarova Az\u0259rbaycan v\u0259 Erm\u0259nistan ba\u015f nazirl\u0259rinin G\u00fcrc\u00fcstanda ke\u00e7iril\u0259n g\u00f6r\u00fc\u015f\u00fcn\u00fc \u015f\u0259rh ed\u0259rk\u0259n deyib.<\/p>\n<p>\u201cBiz t\u0259r\u0259fl\u0259r\u0259 v\u0259 b\u00fct\u00f6vl\u00fckd\u0259 regiona fayda ver\u0259n h\u0259r \u015feyi alq\u0131\u015flay\u0131r\u0131q. Hesab edirik ki, ikit\u0259r\u0259fli m\u00fcnasib\u0259tl\u0259rin normalla\u015fd\u0131r\u0131lmas\u0131 \u00fc\u00e7\u00fcn \u201cyol x\u0259rit\u0259si\u201d 2020-22-ci ill\u0259r aras\u0131nda q\u0259bul edilmi\u015f \u00fc\u00e7t\u0259r\u0259fli sazi\u015fl\u0259r toplusu olaraq qal\u0131r. Buraya iki \u00f6lk\u0259 aras\u0131nda s\u00fclh m\u00fcqavil\u0259sinin imzalanmas\u0131, C\u0259nubi Qafqazda iqtisadi v\u0259 n\u0259qliyyat \u0259laq\u0259l\u0259rinin a\u00e7\u0131lmas\u0131, s\u0259rh\u0259dl\u0259rin delimitasiyas\u0131 v\u0259 s. daxildir. Yax\u0131n vaxtlarda biz Moskvada Rusiya, Erm\u0259nistan v\u0259 Az\u0259rbaycan X\u0130N r\u0259hb\u0259rl\u0259rinin \u00fc\u00e7t\u0259r\u0259fli g\u00f6r\u00fc\u015f\u00fcn\u00fc t\u0259\u015fkil etm\u0259y\u0259 haz\u0131r\u0131q\u201d, &#8211; dey\u0259 Zaxarova bildirib.<\/p>\n<p>M\u0259nb\u0259: \u201c\u0130zvestiya\u201d q\u0259zeti<\/p>\n","protected":false},"excerpt":{"rendered":"<p>\u201cBak\u0131 il\u0259 \u0130r\u0259van aras\u0131nda g\u0259rginliyin aradan qald\u0131r\u0131lmas\u0131na k\u00f6m\u0259k ed\u0259c\u0259k ist\u0259nil\u0259n t\u0259maslar\u0131 alq\u0131\u015flay\u0131r\u0131q\u201d. Bunu Rusiya Xarici \u0130\u015fl\u0259r Nazirliyinin r\u0259smi n\u00fcmay\u0259nd\u0259si Mariya Zaxarova Az\u0259rbaycan v\u0259 Erm\u0259nistan ba\u015f nazirl\u0259rinin G\u00fcrc\u00fcstanda ke\u00e7iril\u0259n g\u00f6r\u00fc\u015f\u00fcn\u00fc \u015f\u0259rh ed\u0259rk\u0259n deyib. \u201cBiz t\u0259r\u0259fl\u0259r\u0259 v\u0259 b\u00fct\u00f6vl\u00fckd\u0259 regiona fayda ver\u0259n h\u0259r \u015feyi alq\u0131\u015flay\u0131r\u0131q. Hesab edirik ki, ikit\u0259r\u0259fli m\u00fcnasib\u0259tl\u0259rin normalla\u015fd\u0131r\u0131lmas\u0131 \u00fc\u00e7\u00fcn \u201cyol x\u0259rit\u0259si\u201d 2020-22-ci ill\u0259r aras\u0131nda q\u0259bul edilmi\u015f \u00fc\u00e7t\u0259r\u0259fli sazi\u015fl\u0259r toplusu olaraq qal\u0131r. Buraya iki \u00f6lk\u0259 aras\u0131nda s\u00fclh m\u00fcqavil\u0259sinin imzalanmas\u0131, C\u0259nubi Qafqazda iqtisadi v\u0259 n\u0259qliyyat \u0259laq\u0259l\u0259rinin a\u00e7\u0131lmas\u0131, s\u0259rh\u0259dl\u0259rin delimitasiyas\u0131 v\u0259 s. daxildir. Yax\u0131n vaxtlarda biz Moskvada Rusiya, Erm\u0259nistan v\u0259 Az\u0259rbaycan X\u0130N r\u0259hb\u0259rl\u0259rinin&hellip;<\/p>\n","protected":false},"author":2,"featured_media":652450,"comment_status":"closed","ping_status":"closed","sticky":false,"template":"","format":"standard","meta":{"om_disable_all_campaigns":false,"_monsterinsights_skip_tracking":false,"_monsterinsights_sitenote_active":false,"_monsterinsights_sitenote_note":"","_monsterinsights_sitenote_category":0},"categories":[4],"tags":[],"aioseo_notices":[],"gutentor_comment":0,"rttpg_featured_image_url":{"full":["https:\/\/arantv.az\/wp-content\/uploads\/2023\/11\/FotoJet-75.jpg",620,413,false],"landscape":["https:\/\/arantv.az\/wp-content\/uploads\/2023\/11\/FotoJet-75.jpg",620,413,false],"portraits":["https:\/\/arantv.az\/wp-content\/uploads\/2023\/11\/FotoJet-75.jpg",620,413,false],"thumbnail":["https:\/\/arantv.az\/wp-content\/uploads\/2023\/11\/FotoJet-75-500x280.jpg",500,280,true],"medium":["https:\/\/arantv.az\/wp-content\/uploads\/2023\/11\/FotoJet-75-548x365.jpg",548,365,true],"large":["https:\/\/arantv.az\/wp-content\/uploads\/2023\/11\/FotoJet-75.jpg",620,413,false],"1536x1536":["https:\/\/arantv.az\/wp-content\/uploads\/2023\/11\/FotoJet-75.jpg",620,413,false],"2048x2048":["https:\/\/arantv.az\/wp-content\/uploads\/2023\/11\/FotoJet-75.jpg",620,413,false],"post-thumbnail":["https:\/\/arantv.az\/wp-content\/uploads\/2023\/11\/FotoJet-75-240x172.jpg",240,172,true],"advps-thumb-one":["https:\/\/arantv.az\/wp-content\/uploads\/2023\/11\/FotoJet-75.jpg",620,413,false]},"rttpg_author":{"display_name":"V\u00fcsal Rafiqo\u011flu","author_link":"https:\/\/arantv.az\/?author=2"},"rttpg_comment":0,"rttpg_category":"<a href=\"https:\/\/arantv.az\/?cat=4\" rel=\"category\">Siyas\u0259t<\/a>","rttpg_excerpt":"\u201cBak\u0131 il\u0259 \u0130r\u0259van aras\u0131nda g\u0259rginliyin aradan qald\u0131r\u0131lmas\u0131na k\u00f6m\u0259k ed\u0259c\u0259k ist\u0259nil\u0259n t\u0259maslar\u0131 alq\u0131\u015flay\u0131r\u0131q\u201d. Bunu Rusiya Xarici \u0130\u015fl\u0259r Nazirliyinin r\u0259smi n\u00fcmay\u0259nd\u0259si Mariya Zaxarova Az\u0259rbaycan v\u0259 Erm\u0259nistan ba\u015f nazirl\u0259rinin G\u00fcrc\u00fcstanda ke\u00e7iril\u0259n g\u00f6r\u00fc\u015f\u00fcn\u00fc \u015f\u0259rh ed\u0259rk\u0259n deyib. \u201cBiz t\u0259r\u0259fl\u0259r\u0259 v\u0259 b\u00fct\u00f6vl\u00fckd\u0259 regiona fayda ver\u0259n h\u0259r \u015feyi alq\u0131\u015flay\u0131r\u0131q. Hesab edirik ki, ikit\u0259r\u0259fli m\u00fcnasib\u0259tl\u0259rin normalla\u015fd\u0131r\u0131lmas\u0131 \u00fc\u00e7\u00fcn \u201cyol x\u0259rit\u0259si\u201d 2020-22-ci ill\u0259r aras\u0131nda q\u0259bul&hellip;","_links":{"self":[{"href":"https:\/\/arantv.az\/index.php?rest_route=\/wp\/v2\/posts\/652449"}],"collection":[{"href":"https:\/\/arantv.az\/index.php?rest_route=\/wp\/v2\/posts"}],"about":[{"href":"https:\/\/arantv.az\/index.php?rest_route=\/wp\/v2\/types\/post"}],"author":[{"embeddable":true,"href":"https:\/\/arantv.az\/index.php?rest_route=\/wp\/v2\/users\/2"}],"replies":[{"embeddable":true,"href":"https:\/\/arantv.az\/index.php?rest_route=%2Fwp%2Fv2%2Fcomments&post=652449"}],"version-history":[{"count":0,"href":"https:\/\/arantv.az\/index.php?rest_route=\/wp\/v2\/posts\/652449\/revisions"}],"wp:featuredmedia":[{"embeddable":true,"href":"https:\/\/arantv.az\/index.php?rest_route=\/wp\/v2\/media\/652450"}],"wp:attachment":[{"href":"https:\/\/arantv.az\/index.php?rest_route=%2Fwp%2Fv2%2Fmedia&parent=652449"}],"wp:term":[{"taxonomy":"category","embeddable":true,"href":"https:\/\/arantv.az\/index.php?rest_route=%2Fwp%2Fv2%2Fcategories&post=652449"},{"taxonomy":"post_tag","embeddable":true,"href":"https:\/\/arantv.az\/index.php?rest_route=%2Fwp%2Fv2%2Ftags&post=652449"}],"curies":[{"name":"wp","href":"https:\/\/api.w.org\/{rel}","templated":true}]}}