{"id":652520,"date":"2023-11-02T18:59:35","date_gmt":"2023-11-02T14:59:35","guid":{"rendered":"https:\/\/arantv.az\/?p=652520"},"modified":"2023-11-02T18:59:35","modified_gmt":"2023-11-02T14:59:35","slug":"xamenei-israilin-t%c9%99chizat-z%c9%99ncirl%c9%99rini-partlayislarla-h%c9%99d%c9%99l%c9%99yir-t%c9%99hlil","status":"publish","type":"post","link":"https:\/\/arantv.az\/?p=652520","title":{"rendered":"Xamenei \u0130srailin t\u0259chizat z\u0259ncirl\u0259rini partlay\u0131\u015flarla h\u0259d\u0259l\u0259yir &#8211; T\u018fHL\u0130L"},"content":{"rendered":"<p>\u0130ran\u0131n ali dini r\u0259hb\u0259ri Seyid \u018fli Xamenei \u0130srail-H\u018fMAS m\u00fcharib\u0259sinin davam etdiyi zamanda daha t\u0259hl\u00fck\u0259li bir ssenarini g\u00fcnd\u0259m\u0259 g\u0259tirib.<\/p>\n<p>Xamenei \u0130srail\u0259 neft, \u0259rzaq v\u0259 dig\u0259r mallar\u0131n ixrac\u0131n\u0131 dayand\u0131rma\u011fa \u00e7a\u011f\u0131r\u0131b &#8211; ali dini r\u0259hb\u0259rin bu \u00e7a\u011f\u0131r\u0131\u015f\u0131n\u0131n \u00fczd\u0259 g\u00f6r\u00fcn\u0259n istiqam\u0259tl\u0259ri m\u00fcs\u0259lman d\u00f6vl\u0259tl\u0259ridir.<\/p>\n<p>Ancaq \u0130ran liderinin narrativi r\u0259smi Tehran\u0131n \u0130srail\u0259 qar\u015f\u0131 b\u00f6y\u00fck\u00f6l\u00e7\u00fcl\u00fc h\u0259r\u0259k\u0259tl\u0259rini car \u00e7\u0259km\u0259si kimi qeyd edilm\u0259lidir.<\/p>\n<p>Bel\u0259likl\u0259, ehtimal etm\u0259k olar ki, \u0130ran ya \u00f6z\u00fcn\u00fcn k\u0259\u015ffiyyat-diversiya, ya da n\u0259zar\u0259tind\u0259 olan proksi qrupla\u015fmalar vasit\u0259sil\u0259 \u0130srailin t\u0259chizat\u0131ndak\u0131 m\u00fch\u00fcm kanallarda t\u0259xribatlar, partlay\u0131\u015flar t\u00f6r\u0259tm\u0259kd\u0259 maraql\u0131d\u0131r.<\/p>\n<p>\u0130ran\u0131n \u0130srail\u0259 qar\u015f\u0131 g\u0259rginliyi art\u0131rma\u011f\u0131n\u0131n arxas\u0131nda bir az da ir\u0259liy\u0259 gets\u0259k, daha b\u00f6y\u00fck t\u0259hdid dayan\u0131r.<\/p>\n<p>Xameneinin m\u0259ntiqinin iqtisadi h\u00fcceyr\u0259sind\u0259 o dayan\u0131r ki, enerji t\u0259chizatlar\u0131nda q\u0131r\u0131lmalar \u0130ran\u0131n neft-qaz bazar\u0131ndak\u0131 qiym\u0259tini bahala\u015fd\u0131ra bil\u0259r. D\u00fcnya Bank\u0131n\u0131n hesabat\u0131na \u0259sas\u0259n, \u0130sraill\u0259 F\u0259l\u0259stin aras\u0131nda silahl\u0131 m\u00fcbariz\u0259 \u015fidd\u0259tl\u0259ns\u0259, qlobal iqtisadiyyat onillikl\u0259r \u0259rzind\u0259 enerji \u015foku ya\u015fayacaq.<\/p>\n<p>Bu, Rusiyan\u0131n Ukrayna il\u0259 son m\u00fcharib\u0259sinin n\u0259tic\u0259l\u0259ri, el\u0259c\u0259 d\u0259 Yax\u0131n \u015e\u0259rqd\u0259 davam ed\u0259n b\u00f6hran\u0131n n\u0259tic\u0259si daha qabar\u0131qla\u015fa bil\u0259r.<\/p>\n<p>\u0130ran, onsuz da, bilir ki, d\u00fcnya enerji bazar\u0131ndak\u0131 m\u00f6vqeyi onun \u0259lini g\u00fccl\u0259ndirm\u0259y\u0259 yard\u0131m\u00e7\u0131 olacaq. Bu m\u0259nada Tehran d\u00fc\u015f\u00fcn\u00fcr ki, \u0130srail\u0259 qar\u015f\u0131 energetika sah\u0259sind\u0259 planla\u015fd\u0131r\u0131lan t\u0259xribatlar \u0130ran\u0131n daha geni\u015f m\u00fcst\u0259vid\u0259 manevrin\u0259 imkan yaradar.<\/p>\n<p>D\u00fczd\u00fcr, \u0130srail v\u0259 F\u0259l\u0259stin \u0259razil\u0259ri \u0259h\u0259miyy\u0259tli neft hasilat\u00e7\u0131lar\u0131 siyah\u0131s\u0131nda deyil, amma m\u00fcnaqi\u015f\u0259 daha geni\u015f, neftl\u0259 z\u0259ngin regionlar\u0131n ortas\u0131nda ba\u015f verir.<\/p>\n<p>D\u00fcnya Bank\u0131 x\u0259b\u0259rdarl\u0131q edir ki, \u0130srail-H\u018fMAS g\u0259rginliyi Yax\u0131n \u015e\u0259rqd\u0259 geni\u015fmiqyasl\u0131 m\u00fcnaqi\u015f\u0259y\u0259 \u00e7evrils\u0259, bu, neft qiym\u0259tl\u0259rinin 75 faiz art\u0131m\u0131na s\u0259b\u0259b ola bil\u0259r.<\/p>\n<p>Bel\u0259 ssenari \u0130ran \u00fc\u00e7\u00fcn m\u0259qbuldur &#8211; \u0259n az\u0131ndan, d\u00fcnya bazarlar\u0131nda \u00fczl\u0259\u015fdiyi embarqolar s\u0259b\u0259bil\u0259 itkil\u0259rini b\u0259rpa etm\u0259k bax\u0131m\u0131ndan.<\/p>\n<p>Ona g\u00f6r\u0259 d\u0259 \u0130ran \u0130srailin t\u0259chizat z\u0259ncirl\u0259rind\u0259 g\u0259rginliy\u0259 s\u0259b\u0259b ola bil\u0259c\u0259k proqram\u0131n\u0131 g\u00f6z\u0259 soxma\u011fa \u00e7al\u0131\u015f\u0131r. M\u0259qs\u0259d regional g\u0259rginliyin toqqu\u015fmalarla davam etm\u0259sin\u0259 nail olmaqd\u0131r, \u00e7\u00fcnki m\u00fcnaqi\u015f\u0259l\u0259r \u0130rana h\u0259m enerji sah\u0259sind\u0259 yeni d\u0259y\u0259rl\u0259r, h\u0259m d\u0259 proksi q\u00fcvv\u0259l\u0259r formala\u015fd\u0131rmas\u0131na yard\u0131m\u00e7\u0131 olur.<\/p>\n<p>\u0130ran \u0130sraili enerji etibars\u0131zl\u0131\u011f\u0131 bo\u015flu\u011funa salmaqda maraql\u0131d\u0131r, bununla h\u0259m T\u0259l-\u018fvivin \u00f6z\u00fcn\u0259, h\u0259m d\u0259 onunla enerji sah\u0259sind\u0259 \u0259m\u0259kda\u015fl\u0131q ed\u0259n \u00f6lk\u0259l\u0259r\u0259 mesaj \u00e7atd\u0131r\u0131r.<\/p>\n<p>\u0130srail Aral\u0131q d\u0259nizind\u0259ki yataqlar vasit\u0259sil\u0259 \u00f6z\u00fcn\u00fc qazla t\u0259min edir. Amma onun neft idxal\u0131 Az\u0259rbaycandan g\u0259lir, \u015fistl\u0259rl\u0259 z\u0259ngin olan AB\u015e v\u0259 Braziliya is\u0259 \u0130srailin \u0259n b\u00f6y\u00fck t\u0259dar\u00fck\u00e7\u00fcl\u0259ridir.<\/p>\n<p>Diqq\u0259t ed\u0259c\u0259yimiz dig\u0259r platforma Qazax\u0131stan\u0131n \u0130srailin M\u0259rk\u0259zi Asiyada \u0259n m\u00fch\u00fcm iqtisadi v\u0259 t\u0259hl\u00fck\u0259sizlik t\u0259r\u0259fda\u015f\u0131 olaraq qalmas\u0131d\u0131r.<\/p>\n<p>\u0130srail siyas\u0259t\u00e7il\u0259ri hesab edirl\u0259r ki, Qazax\u0131stan kifay\u0259t q\u0259d\u0259r iqtisadi potensiala malik inki\u015faf etm\u0259kd\u0259 olan bazard\u0131r. Buna g\u00f6r\u0259 d\u0259 Qazax\u0131stan \u0130srail \u00fc\u00e7\u00fcn h\u0259yati enerji t\u0259chizat\u00e7\u0131s\u0131 v\u0259 m\u00fcs\u0259lman d\u00fcnyas\u0131nda \u0130srailin m\u00fch\u00fcm m\u00fctt\u0259fiqidir.<\/p>\n<p>Bunlar\u0131 n\u0259z\u0259r\u0259 alsaq, Xameneinin kim\u0259 v\u0259 hans\u0131 narrativl\u0259rl\u0259 mesaj yollad\u0131\u011f\u0131 ayd\u0131n ola bil\u0259r.<\/p>\n","protected":false},"excerpt":{"rendered":"<p>\u0130ran\u0131n ali dini r\u0259hb\u0259ri Seyid \u018fli Xamenei \u0130srail-H\u018fMAS m\u00fcharib\u0259sinin davam etdiyi zamanda daha t\u0259hl\u00fck\u0259li bir ssenarini g\u00fcnd\u0259m\u0259 g\u0259tirib. Xamenei \u0130srail\u0259 neft, \u0259rzaq v\u0259 dig\u0259r mallar\u0131n ixrac\u0131n\u0131 dayand\u0131rma\u011fa \u00e7a\u011f\u0131r\u0131b &#8211; ali dini r\u0259hb\u0259rin bu \u00e7a\u011f\u0131r\u0131\u015f\u0131n\u0131n \u00fczd\u0259 g\u00f6r\u00fcn\u0259n istiqam\u0259tl\u0259ri m\u00fcs\u0259lman d\u00f6vl\u0259tl\u0259ridir. Ancaq \u0130ran liderinin narrativi r\u0259smi Tehran\u0131n \u0130srail\u0259 qar\u015f\u0131 b\u00f6y\u00fck\u00f6l\u00e7\u00fcl\u00fc h\u0259r\u0259k\u0259tl\u0259rini car \u00e7\u0259km\u0259si kimi qeyd edilm\u0259lidir. Bel\u0259likl\u0259, ehtimal etm\u0259k olar ki, \u0130ran ya \u00f6z\u00fcn\u00fcn k\u0259\u015ffiyyat-diversiya, ya da n\u0259zar\u0259tind\u0259 olan proksi qrupla\u015fmalar vasit\u0259sil\u0259 \u0130srailin t\u0259chizat\u0131ndak\u0131 m\u00fch\u00fcm kanallarda t\u0259xribatlar, partlay\u0131\u015flar t\u00f6r\u0259tm\u0259kd\u0259 maraql\u0131d\u0131r. \u0130ran\u0131n \u0130srail\u0259 qar\u015f\u0131 g\u0259rginliyi art\u0131rma\u011f\u0131n\u0131n arxas\u0131nda bir az da ir\u0259liy\u0259 gets\u0259k, daha&hellip;<\/p>\n","protected":false},"author":2,"featured_media":652523,"comment_status":"closed","ping_status":"closed","sticky":false,"template":"","format":"standard","meta":{"om_disable_all_campaigns":false,"_monsterinsights_skip_tracking":false,"_monsterinsights_sitenote_active":false,"_monsterinsights_sitenote_note":"","_monsterinsights_sitenote_category":0},"categories":[4],"tags":[],"aioseo_notices":[],"gutentor_comment":0,"rttpg_featured_image_url":{"full":["https:\/\/arantv.az\/wp-content\/uploads\/2023\/11\/FotoJet-1-4.jpg",620,413,false],"landscape":["https:\/\/arantv.az\/wp-content\/uploads\/2023\/11\/FotoJet-1-4.jpg",620,413,false],"portraits":["https:\/\/arantv.az\/wp-content\/uploads\/2023\/11\/FotoJet-1-4.jpg",620,413,false],"thumbnail":["https:\/\/arantv.az\/wp-content\/uploads\/2023\/11\/FotoJet-1-4-500x280.jpg",500,280,true],"medium":["https:\/\/arantv.az\/wp-content\/uploads\/2023\/11\/FotoJet-1-4-548x365.jpg",548,365,true],"large":["https:\/\/arantv.az\/wp-content\/uploads\/2023\/11\/FotoJet-1-4.jpg",620,413,false],"1536x1536":["https:\/\/arantv.az\/wp-content\/uploads\/2023\/11\/FotoJet-1-4.jpg",620,413,false],"2048x2048":["https:\/\/arantv.az\/wp-content\/uploads\/2023\/11\/FotoJet-1-4.jpg",620,413,false],"post-thumbnail":["https:\/\/arantv.az\/wp-content\/uploads\/2023\/11\/FotoJet-1-4-240x172.jpg",240,172,true],"advps-thumb-one":["https:\/\/arantv.az\/wp-content\/uploads\/2023\/11\/FotoJet-1-4.jpg",620,413,false]},"rttpg_author":{"display_name":"V\u00fcsal Rafiqo\u011flu","author_link":"https:\/\/arantv.az\/?author=2"},"rttpg_comment":0,"rttpg_category":"<a href=\"https:\/\/arantv.az\/?cat=4\" rel=\"category\">Siyas\u0259t<\/a>","rttpg_excerpt":"\u0130ran\u0131n ali dini r\u0259hb\u0259ri Seyid \u018fli Xamenei \u0130srail-H\u018fMAS m\u00fcharib\u0259sinin davam etdiyi zamanda daha t\u0259hl\u00fck\u0259li bir ssenarini g\u00fcnd\u0259m\u0259 g\u0259tirib. Xamenei \u0130srail\u0259 neft, \u0259rzaq v\u0259 dig\u0259r mallar\u0131n ixrac\u0131n\u0131 dayand\u0131rma\u011fa \u00e7a\u011f\u0131r\u0131b &#8211; ali dini r\u0259hb\u0259rin bu \u00e7a\u011f\u0131r\u0131\u015f\u0131n\u0131n \u00fczd\u0259 g\u00f6r\u00fcn\u0259n istiqam\u0259tl\u0259ri m\u00fcs\u0259lman d\u00f6vl\u0259tl\u0259ridir. Ancaq \u0130ran liderinin narrativi r\u0259smi Tehran\u0131n \u0130srail\u0259 qar\u015f\u0131 b\u00f6y\u00fck\u00f6l\u00e7\u00fcl\u00fc h\u0259r\u0259k\u0259tl\u0259rini car \u00e7\u0259km\u0259si kimi qeyd edilm\u0259lidir. Bel\u0259likl\u0259,&hellip;","_links":{"self":[{"href":"https:\/\/arantv.az\/index.php?rest_route=\/wp\/v2\/posts\/652520"}],"collection":[{"href":"https:\/\/arantv.az\/index.php?rest_route=\/wp\/v2\/posts"}],"about":[{"href":"https:\/\/arantv.az\/index.php?rest_route=\/wp\/v2\/types\/post"}],"author":[{"embeddable":true,"href":"https:\/\/arantv.az\/index.php?rest_route=\/wp\/v2\/users\/2"}],"replies":[{"embeddable":true,"href":"https:\/\/arantv.az\/index.php?rest_route=%2Fwp%2Fv2%2Fcomments&post=652520"}],"version-history":[{"count":0,"href":"https:\/\/arantv.az\/index.php?rest_route=\/wp\/v2\/posts\/652520\/revisions"}],"wp:featuredmedia":[{"embeddable":true,"href":"https:\/\/arantv.az\/index.php?rest_route=\/wp\/v2\/media\/652523"}],"wp:attachment":[{"href":"https:\/\/arantv.az\/index.php?rest_route=%2Fwp%2Fv2%2Fmedia&parent=652520"}],"wp:term":[{"taxonomy":"category","embeddable":true,"href":"https:\/\/arantv.az\/index.php?rest_route=%2Fwp%2Fv2%2Fcategories&post=652520"},{"taxonomy":"post_tag","embeddable":true,"href":"https:\/\/arantv.az\/index.php?rest_route=%2Fwp%2Fv2%2Ftags&post=652520"}],"curies":[{"name":"wp","href":"https:\/\/api.w.org\/{rel}","templated":true}]}}