{"id":652526,"date":"2023-11-02T19:01:46","date_gmt":"2023-11-02T15:01:46","guid":{"rendered":"https:\/\/arantv.az\/?p=652526"},"modified":"2023-11-02T19:01:46","modified_gmt":"2023-11-02T15:01:46","slug":"haqqinda-arasdirma-basladilan-n%c9%99cm%c9%99ddin-sadikov-bu-m%c9%99s%c9%99l%c9%99l%c9%99r-sizi-niy%c9%99-narahat-edir-ki","status":"publish","type":"post","link":"https:\/\/arantv.az\/?p=652526","title":{"rendered":"Haqq\u0131nda ara\u015fd\u0131rma ba\u015flad\u0131lan N\u0259cm\u0259ddin Sad\u0131kov: \u201cBu m\u0259s\u0259l\u0259l\u0259r sizi niy\u0259 narahat edir ki?\u201d"},"content":{"rendered":"<p>Az\u0259rbaycan Ordusunun sabiq Ba\u015f Q\u0259rargah r\u0259isi general-polkovnik N\u0259cm\u0259ddin Sad\u0131kov haqq\u0131nda ba\u015flad\u0131lan\u00a0ara\u015fd\u0131rmalara reaksiya verib.<\/p>\n<p>M\u0259s\u0259l\u0259 il\u0259 ba\u011fl\u0131 \u201cUnikal\u201da a\u00e7\u0131qlama ver\u0259n\u00a0sabiq Ba\u015f Q\u0259rargah r\u0259isi qeyd edib ki, m\u0259n bu m\u0259s\u0259l\u0259l\u0259rl\u0259 ba\u011fl\u0131 dan\u0131\u015fmaq ist\u0259mir\u0259m. \u00c7\u00fcnki buna vaxt\u0131m v\u0259 h\u0259v\u0259sim yoxdur. \u00dcmumiyy\u0259tl\u0259, bu m\u0259s\u0259l\u0259l\u0259r niy\u0259 sizi narahat edir ki?<\/p>\n<p>\u201cXahi\u015f edir\u0259m, m\u0259ni bunlara g\u00f6r\u0259 narahat etm\u0259yin. M\u0259n art\u0131q bel\u0259 m\u0259s\u0259l\u0259l\u0259r\u0259 g\u00f6r\u0259 yorulmu\u015fam\u201d, &#8211; dey\u0259 o qeyd edib.<\/p>\n","protected":false},"excerpt":{"rendered":"<p>Az\u0259rbaycan Ordusunun sabiq Ba\u015f Q\u0259rargah r\u0259isi general-polkovnik N\u0259cm\u0259ddin Sad\u0131kov haqq\u0131nda ba\u015flad\u0131lan\u00a0ara\u015fd\u0131rmalara reaksiya verib. M\u0259s\u0259l\u0259 il\u0259 ba\u011fl\u0131 \u201cUnikal\u201da a\u00e7\u0131qlama ver\u0259n\u00a0sabiq Ba\u015f Q\u0259rargah r\u0259isi qeyd edib ki, m\u0259n bu m\u0259s\u0259l\u0259l\u0259rl\u0259 ba\u011fl\u0131 dan\u0131\u015fmaq ist\u0259mir\u0259m. \u00c7\u00fcnki buna vaxt\u0131m v\u0259 h\u0259v\u0259sim yoxdur. \u00dcmumiyy\u0259tl\u0259, bu m\u0259s\u0259l\u0259l\u0259r niy\u0259 sizi narahat edir ki? \u201cXahi\u015f edir\u0259m, m\u0259ni bunlara g\u00f6r\u0259 narahat etm\u0259yin. M\u0259n art\u0131q bel\u0259 m\u0259s\u0259l\u0259l\u0259r\u0259 g\u00f6r\u0259 yorulmu\u015fam\u201d, &#8211; dey\u0259 o qeyd edib.<\/p>\n","protected":false},"author":2,"featured_media":652530,"comment_status":"closed","ping_status":"closed","sticky":false,"template":"","format":"standard","meta":{"om_disable_all_campaigns":false,"_monsterinsights_skip_tracking":false,"_monsterinsights_sitenote_active":false,"_monsterinsights_sitenote_note":"","_monsterinsights_sitenote_category":0},"categories":[1],"tags":[],"aioseo_notices":[],"gutentor_comment":0,"rttpg_featured_image_url":{"full":["https:\/\/arantv.az\/wp-content\/uploads\/2023\/11\/necmeddin.jpg",620,413,false],"landscape":["https:\/\/arantv.az\/wp-content\/uploads\/2023\/11\/necmeddin.jpg",620,413,false],"portraits":["https:\/\/arantv.az\/wp-content\/uploads\/2023\/11\/necmeddin.jpg",620,413,false],"thumbnail":["https:\/\/arantv.az\/wp-content\/uploads\/2023\/11\/necmeddin-500x280.jpg",500,280,true],"medium":["https:\/\/arantv.az\/wp-content\/uploads\/2023\/11\/necmeddin-548x365.jpg",548,365,true],"large":["https:\/\/arantv.az\/wp-content\/uploads\/2023\/11\/necmeddin.jpg",620,413,false],"1536x1536":["https:\/\/arantv.az\/wp-content\/uploads\/2023\/11\/necmeddin.jpg",620,413,false],"2048x2048":["https:\/\/arantv.az\/wp-content\/uploads\/2023\/11\/necmeddin.jpg",620,413,false],"post-thumbnail":["https:\/\/arantv.az\/wp-content\/uploads\/2023\/11\/necmeddin-240x172.jpg",240,172,true],"advps-thumb-one":["https:\/\/arantv.az\/wp-content\/uploads\/2023\/11\/necmeddin.jpg",620,413,false]},"rttpg_author":{"display_name":"V\u00fcsal Rafiqo\u011flu","author_link":"https:\/\/arantv.az\/?author=2"},"rttpg_comment":0,"rttpg_category":"<a href=\"https:\/\/arantv.az\/?cat=1\" rel=\"category\">C\u0259miyy\u0259t<\/a>","rttpg_excerpt":"Az\u0259rbaycan Ordusunun sabiq Ba\u015f Q\u0259rargah r\u0259isi general-polkovnik N\u0259cm\u0259ddin Sad\u0131kov haqq\u0131nda ba\u015flad\u0131lan\u00a0ara\u015fd\u0131rmalara reaksiya verib. M\u0259s\u0259l\u0259 il\u0259 ba\u011fl\u0131 \u201cUnikal\u201da a\u00e7\u0131qlama ver\u0259n\u00a0sabiq Ba\u015f Q\u0259rargah r\u0259isi qeyd edib ki, m\u0259n bu m\u0259s\u0259l\u0259l\u0259rl\u0259 ba\u011fl\u0131 dan\u0131\u015fmaq ist\u0259mir\u0259m. \u00c7\u00fcnki buna vaxt\u0131m v\u0259 h\u0259v\u0259sim yoxdur. \u00dcmumiyy\u0259tl\u0259, bu m\u0259s\u0259l\u0259l\u0259r niy\u0259 sizi narahat edir ki? \u201cXahi\u015f edir\u0259m, m\u0259ni bunlara g\u00f6r\u0259 narahat etm\u0259yin. M\u0259n art\u0131q bel\u0259&hellip;","_links":{"self":[{"href":"https:\/\/arantv.az\/index.php?rest_route=\/wp\/v2\/posts\/652526"}],"collection":[{"href":"https:\/\/arantv.az\/index.php?rest_route=\/wp\/v2\/posts"}],"about":[{"href":"https:\/\/arantv.az\/index.php?rest_route=\/wp\/v2\/types\/post"}],"author":[{"embeddable":true,"href":"https:\/\/arantv.az\/index.php?rest_route=\/wp\/v2\/users\/2"}],"replies":[{"embeddable":true,"href":"https:\/\/arantv.az\/index.php?rest_route=%2Fwp%2Fv2%2Fcomments&post=652526"}],"version-history":[{"count":0,"href":"https:\/\/arantv.az\/index.php?rest_route=\/wp\/v2\/posts\/652526\/revisions"}],"wp:featuredmedia":[{"embeddable":true,"href":"https:\/\/arantv.az\/index.php?rest_route=\/wp\/v2\/media\/652530"}],"wp:attachment":[{"href":"https:\/\/arantv.az\/index.php?rest_route=%2Fwp%2Fv2%2Fmedia&parent=652526"}],"wp:term":[{"taxonomy":"category","embeddable":true,"href":"https:\/\/arantv.az\/index.php?rest_route=%2Fwp%2Fv2%2Fcategories&post=652526"},{"taxonomy":"post_tag","embeddable":true,"href":"https:\/\/arantv.az\/index.php?rest_route=%2Fwp%2Fv2%2Ftags&post=652526"}],"curies":[{"name":"wp","href":"https:\/\/api.w.org\/{rel}","templated":true}]}}