{"id":65263,"date":"2019-06-10T11:59:12","date_gmt":"2019-06-10T08:59:12","guid":{"rendered":"http:\/\/arantv.az\/?p=65263"},"modified":"2019-06-10T11:59:12","modified_gmt":"2019-06-10T08:59:12","slug":"usagi-5-gundur-komada-olan-ata-umid-yoxdur","status":"publish","type":"post","link":"https:\/\/arantv.az\/?p=65263","title":{"rendered":"U\u015fa\u011f\u0131 5 g\u00fcnd\u00fcr komada olan ata &#8211; &#8220;\u00dcmid yoxdur&#8221;"},"content":{"rendered":"<p>&#8220;Ba\u015f\u0131ndan travma al\u0131b, beynin\u0259 qan s\u0131z\u0131b&#8221;<\/p>\n<p>A\u011facdan y\u0131x\u0131lan 11 ya\u015fl\u0131 S\u0259nan\u0131n s\u0259hh\u0259tind\u0259 he\u00e7 bir ir\u0259ll\u0259yi\u015f yoxdur.<\/p>\n<div id=\"AdviadNativeVideo0\" class=\"AdviadNativeVideo\"><\/div>\n<p>Bunu AzNews.az-a a\u00e7\u0131qlamas\u0131nda 5 g\u00fcnd\u00fcr ki, a\u011fa\u00e7dan y\u0131x\u0131lan u\u015fa\u011f\u0131n atas\u0131 Elman \u018fliyev deyib.<\/p>\n<p>O, \u00f6vlad\u0131n\u0131n ya\u015fay\u0131b-ya\u015famama\u011f\u0131 il\u0259 ba\u011fl\u0131 h\u0259kiml\u0259rin \u00fcmid verm\u0259diyini bildirib:<\/p>\n<p>&#8220;S\u0259nan ba\u015f\u0131ndan travma al\u0131b, beynin\u0259 qan s\u0131z\u0131b. A\u011fac\u0131n h\u00fcnd\u00fcrl\u00fcy\u00fc t\u0259xmin\u0259n 4 metr olub. U\u015faq haz\u0131rda 3 sayl\u0131 Sabun\u00e7u x\u0259st\u0259xanas\u0131nda reanimasiyadad\u0131r. H\u0259kiml\u0259r deyir ki, \u00fcmid yoxdur&#8221;.<\/p>\n","protected":false},"excerpt":{"rendered":"<p>&#8220;Ba\u015f\u0131ndan travma al\u0131b, beynin\u0259 qan s\u0131z\u0131b&#8221; A\u011facdan y\u0131x\u0131lan 11 ya\u015fl\u0131 S\u0259nan\u0131n s\u0259hh\u0259tind\u0259 he\u00e7 bir ir\u0259ll\u0259yi\u015f yoxdur. Bunu AzNews.az-a a\u00e7\u0131qlamas\u0131nda 5 g\u00fcnd\u00fcr ki, a\u011fa\u00e7dan y\u0131x\u0131lan u\u015fa\u011f\u0131n atas\u0131 Elman \u018fliyev deyib. O, \u00f6vlad\u0131n\u0131n ya\u015fay\u0131b-ya\u015famama\u011f\u0131 il\u0259 ba\u011fl\u0131 h\u0259kiml\u0259rin \u00fcmid verm\u0259diyini bildirib: &#8220;S\u0259nan ba\u015f\u0131ndan travma al\u0131b, beynin\u0259 qan s\u0131z\u0131b. A\u011fac\u0131n h\u00fcnd\u00fcrl\u00fcy\u00fc t\u0259xmin\u0259n 4 metr olub. U\u015faq haz\u0131rda 3 sayl\u0131 Sabun\u00e7u x\u0259st\u0259xanas\u0131nda reanimasiyadad\u0131r. H\u0259kiml\u0259r deyir ki, \u00fcmid yoxdur&#8221;.<\/p>\n","protected":false},"author":2,"featured_media":65264,"comment_status":"closed","ping_status":"closed","sticky":false,"template":"","format":"standard","meta":{"om_disable_all_campaigns":false,"_monsterinsights_skip_tracking":false,"_monsterinsights_sitenote_active":false,"_monsterinsights_sitenote_note":"","_monsterinsights_sitenote_category":0},"categories":[1],"tags":[],"aioseo_notices":[],"gutentor_comment":0,"rttpg_featured_image_url":{"full":["https:\/\/arantv.az\/wp-content\/uploads\/2019\/06\/1560155562usaq.jpg",260,389,false],"landscape":["https:\/\/arantv.az\/wp-content\/uploads\/2019\/06\/1560155562usaq.jpg",260,389,false],"portraits":["https:\/\/arantv.az\/wp-content\/uploads\/2019\/06\/1560155562usaq.jpg",260,389,false],"thumbnail":["https:\/\/arantv.az\/wp-content\/uploads\/2019\/06\/1560155562usaq-150x150.jpg",150,150,true],"medium":["https:\/\/arantv.az\/wp-content\/uploads\/2019\/06\/1560155562usaq-201x300.jpg",201,300,true],"large":["https:\/\/arantv.az\/wp-content\/uploads\/2019\/06\/1560155562usaq.jpg",260,389,false],"1536x1536":["https:\/\/arantv.az\/wp-content\/uploads\/2019\/06\/1560155562usaq.jpg",260,389,false],"2048x2048":["https:\/\/arantv.az\/wp-content\/uploads\/2019\/06\/1560155562usaq.jpg",260,389,false],"post-thumbnail":["https:\/\/arantv.az\/wp-content\/uploads\/2019\/06\/1560155562usaq-240x172.jpg",240,172,true],"advps-thumb-one":["https:\/\/arantv.az\/wp-content\/uploads\/2019\/06\/1560155562usaq.jpg",260,389,false]},"rttpg_author":{"display_name":"V\u00fcsal Rafiqo\u011flu","author_link":"https:\/\/arantv.az\/?author=2"},"rttpg_comment":0,"rttpg_category":"<a href=\"https:\/\/arantv.az\/?cat=1\" rel=\"category\">C\u0259miyy\u0259t<\/a>","rttpg_excerpt":"&#8220;Ba\u015f\u0131ndan travma al\u0131b, beynin\u0259 qan s\u0131z\u0131b&#8221; A\u011facdan y\u0131x\u0131lan 11 ya\u015fl\u0131 S\u0259nan\u0131n s\u0259hh\u0259tind\u0259 he\u00e7 bir ir\u0259ll\u0259yi\u015f yoxdur. Bunu AzNews.az-a a\u00e7\u0131qlamas\u0131nda 5 g\u00fcnd\u00fcr ki, a\u011fa\u00e7dan y\u0131x\u0131lan u\u015fa\u011f\u0131n atas\u0131 Elman \u018fliyev deyib. O, \u00f6vlad\u0131n\u0131n ya\u015fay\u0131b-ya\u015famama\u011f\u0131 il\u0259 ba\u011fl\u0131 h\u0259kiml\u0259rin \u00fcmid verm\u0259diyini bildirib: &#8220;S\u0259nan ba\u015f\u0131ndan travma al\u0131b, beynin\u0259 qan s\u0131z\u0131b. A\u011fac\u0131n h\u00fcnd\u00fcrl\u00fcy\u00fc t\u0259xmin\u0259n 4 metr olub. U\u015faq haz\u0131rda 3 sayl\u0131&hellip;","_links":{"self":[{"href":"https:\/\/arantv.az\/index.php?rest_route=\/wp\/v2\/posts\/65263"}],"collection":[{"href":"https:\/\/arantv.az\/index.php?rest_route=\/wp\/v2\/posts"}],"about":[{"href":"https:\/\/arantv.az\/index.php?rest_route=\/wp\/v2\/types\/post"}],"author":[{"embeddable":true,"href":"https:\/\/arantv.az\/index.php?rest_route=\/wp\/v2\/users\/2"}],"replies":[{"embeddable":true,"href":"https:\/\/arantv.az\/index.php?rest_route=%2Fwp%2Fv2%2Fcomments&post=65263"}],"version-history":[{"count":0,"href":"https:\/\/arantv.az\/index.php?rest_route=\/wp\/v2\/posts\/65263\/revisions"}],"wp:featuredmedia":[{"embeddable":true,"href":"https:\/\/arantv.az\/index.php?rest_route=\/wp\/v2\/media\/65264"}],"wp:attachment":[{"href":"https:\/\/arantv.az\/index.php?rest_route=%2Fwp%2Fv2%2Fmedia&parent=65263"}],"wp:term":[{"taxonomy":"category","embeddable":true,"href":"https:\/\/arantv.az\/index.php?rest_route=%2Fwp%2Fv2%2Fcategories&post=65263"},{"taxonomy":"post_tag","embeddable":true,"href":"https:\/\/arantv.az\/index.php?rest_route=%2Fwp%2Fv2%2Ftags&post=65263"}],"curies":[{"name":"wp","href":"https:\/\/api.w.org\/{rel}","templated":true}]}}