{"id":652716,"date":"2023-11-03T11:35:31","date_gmt":"2023-11-03T07:35:31","guid":{"rendered":"https:\/\/arantv.az\/?p=652716"},"modified":"2023-11-03T11:35:31","modified_gmt":"2023-11-03T07:35:31","slug":"qirgizistan-prezidenti-az%c9%99rbaycan-xalqini-t%c9%99brik-edib","status":"publish","type":"post","link":"https:\/\/arantv.az\/?p=652716","title":{"rendered":"Q\u0131r\u011f\u0131z\u0131stan Prezidenti Az\u0259rbaycan xalq\u0131n\u0131 t\u0259brik edib"},"content":{"rendered":"<p>\u201cAz\u0259rbaycan xalq\u0131n\u0131 \u0259razi b\u00fct\u00f6vl\u00fcy\u00fcn\u00fcn t\u0259min olunmas\u0131 m\u00fcnasib\u0259ti il\u0259 t\u0259brik edirik\u201d.<\/p>\n<p>\u201cReport\u201dun Astanaya ezam olunan \u0259m\u0259kda\u015f\u0131 x\u0259b\u0259r verir ki, bunu Q\u0131r\u011f\u0131z\u0131stan Prezidenti Sad\u0131r Japarov Astanada ke\u00e7iril\u0259n T\u00fcrk D\u00f6vl\u0259tl\u0259ri T\u0259\u015fkilat\u0131n\u0131n (TDT) 10-cu yubiley Zirv\u0259 g\u00f6r\u00fc\u015f\u00fcn\u00fcn a\u00e7\u0131l\u0131\u015f\u0131nda deyib.<\/p>\n<p>D\u00f6vl\u0259t ba\u015f\u00e7\u0131s\u0131 \u00e7\u0131x\u0131\u015f\u0131nda b\u00fct\u00fcn t\u00fcrk d\u00f6vl\u0259tl\u0259ri il\u0259 \u0259m\u0259kda\u015fl\u0131\u011fa maraql\u0131 olduqlar\u0131n\u0131 bildir\u0259r\u0259k TDT \u00e7\u0259r\u00e7iv\u0259sind\u0259 ba\u015f tutan dialoqun inteqrasiya \u00fc\u00e7\u00fcn yeni imkanlar yaradaca\u011f\u0131na \u0259minliyini ifad\u0259 edib:<\/p>\n<p>\u201cHaz\u0131rda d\u00fcnyada b\u00f6y\u00fck transformasiyalar ba\u015f verir. Ba\u015f ver\u0259n b\u00f6hranlara birg\u0259 m\u00fcbariz\u0259 aparmaq, h\u0259m\u00e7inin qar\u015f\u0131la\u015fd\u0131\u011f\u0131m\u0131z \u00e7a\u011f\u0131r\u0131\u015flar\u0131 birg\u0259 qar\u015f\u0131lamaq \u00fc\u00e7\u00fcn b\u00fct\u00fcn imkanlar\u0131m\u0131z var\u201d.<\/p>\n<p>Bug\u00fcnk\u00fc t\u0259dbir \u00e7\u0259r\u00e7iv\u0259sind\u0259 imzalanacaq s\u0259n\u0259dl\u0259rin icras\u0131na Q\u0131r\u011f\u0131z\u0131stan\u0131n da \u00f6z t\u00f6hf\u0259sini ver\u0259c\u0259yini vur\u011fulayan S.Japarov bu s\u0259n\u0259dl\u0259rin t\u00fcrk d\u00f6vl\u0259tl\u0259rinin \u00e7ox\u015fax\u0259li \u0259m\u0259kda\u015fl\u0131\u011f\u0131nda yeni s\u0259hif\u0259 a\u00e7aca\u011f\u0131na \u0259minliyini bildirib:<\/p>\n<p>\u201cD\u00fcnyadak\u0131 geosiyasi durum qarda\u015f t\u00fcrk xalqlar\u0131n\u0131n iqtisadi potensial\u0131n\u0131n art\u0131r\u0131lmas\u0131 \u00fc\u00e7\u00fcn \u00f6z s\u0259yl\u0259rini birl\u0259\u015fdirm\u0259sini vacib edir\u201d.<\/p>\n","protected":false},"excerpt":{"rendered":"<p>\u201cAz\u0259rbaycan xalq\u0131n\u0131 \u0259razi b\u00fct\u00f6vl\u00fcy\u00fcn\u00fcn t\u0259min olunmas\u0131 m\u00fcnasib\u0259ti il\u0259 t\u0259brik edirik\u201d. \u201cReport\u201dun Astanaya ezam olunan \u0259m\u0259kda\u015f\u0131 x\u0259b\u0259r verir ki, bunu Q\u0131r\u011f\u0131z\u0131stan Prezidenti Sad\u0131r Japarov Astanada ke\u00e7iril\u0259n T\u00fcrk D\u00f6vl\u0259tl\u0259ri T\u0259\u015fkilat\u0131n\u0131n (TDT) 10-cu yubiley Zirv\u0259 g\u00f6r\u00fc\u015f\u00fcn\u00fcn a\u00e7\u0131l\u0131\u015f\u0131nda deyib. D\u00f6vl\u0259t ba\u015f\u00e7\u0131s\u0131 \u00e7\u0131x\u0131\u015f\u0131nda b\u00fct\u00fcn t\u00fcrk d\u00f6vl\u0259tl\u0259ri il\u0259 \u0259m\u0259kda\u015fl\u0131\u011fa maraql\u0131 olduqlar\u0131n\u0131 bildir\u0259r\u0259k TDT \u00e7\u0259r\u00e7iv\u0259sind\u0259 ba\u015f tutan dialoqun inteqrasiya \u00fc\u00e7\u00fcn yeni imkanlar yaradaca\u011f\u0131na \u0259minliyini ifad\u0259 edib: \u201cHaz\u0131rda d\u00fcnyada b\u00f6y\u00fck transformasiyalar ba\u015f verir. Ba\u015f ver\u0259n b\u00f6hranlara birg\u0259 m\u00fcbariz\u0259 aparmaq, h\u0259m\u00e7inin qar\u015f\u0131la\u015fd\u0131\u011f\u0131m\u0131z \u00e7a\u011f\u0131r\u0131\u015flar\u0131 birg\u0259 qar\u015f\u0131lamaq \u00fc\u00e7\u00fcn b\u00fct\u00fcn imkanlar\u0131m\u0131z var\u201d. Bug\u00fcnk\u00fc t\u0259dbir \u00e7\u0259r\u00e7iv\u0259sind\u0259 imzalanacaq s\u0259n\u0259dl\u0259rin icras\u0131na Q\u0131r\u011f\u0131z\u0131stan\u0131n da \u00f6z t\u00f6hf\u0259sini&hellip;<\/p>\n","protected":false},"author":2,"featured_media":652718,"comment_status":"closed","ping_status":"closed","sticky":false,"template":"","format":"standard","meta":{"om_disable_all_campaigns":false,"_monsterinsights_skip_tracking":false,"_monsterinsights_sitenote_active":false,"_monsterinsights_sitenote_note":"","_monsterinsights_sitenote_category":0},"categories":[4],"tags":[],"aioseo_notices":[],"gutentor_comment":0,"rttpg_featured_image_url":{"full":["https:\/\/arantv.az\/wp-content\/uploads\/2023\/11\/FotoJet-1-6.jpg",620,413,false],"landscape":["https:\/\/arantv.az\/wp-content\/uploads\/2023\/11\/FotoJet-1-6.jpg",620,413,false],"portraits":["https:\/\/arantv.az\/wp-content\/uploads\/2023\/11\/FotoJet-1-6.jpg",620,413,false],"thumbnail":["https:\/\/arantv.az\/wp-content\/uploads\/2023\/11\/FotoJet-1-6-500x280.jpg",500,280,true],"medium":["https:\/\/arantv.az\/wp-content\/uploads\/2023\/11\/FotoJet-1-6-548x365.jpg",548,365,true],"large":["https:\/\/arantv.az\/wp-content\/uploads\/2023\/11\/FotoJet-1-6.jpg",620,413,false],"1536x1536":["https:\/\/arantv.az\/wp-content\/uploads\/2023\/11\/FotoJet-1-6.jpg",620,413,false],"2048x2048":["https:\/\/arantv.az\/wp-content\/uploads\/2023\/11\/FotoJet-1-6.jpg",620,413,false],"post-thumbnail":["https:\/\/arantv.az\/wp-content\/uploads\/2023\/11\/FotoJet-1-6-240x172.jpg",240,172,true],"advps-thumb-one":["https:\/\/arantv.az\/wp-content\/uploads\/2023\/11\/FotoJet-1-6.jpg",620,413,false]},"rttpg_author":{"display_name":"V\u00fcsal Rafiqo\u011flu","author_link":"https:\/\/arantv.az\/?author=2"},"rttpg_comment":0,"rttpg_category":"<a href=\"https:\/\/arantv.az\/?cat=4\" rel=\"category\">Siyas\u0259t<\/a>","rttpg_excerpt":"\u201cAz\u0259rbaycan xalq\u0131n\u0131 \u0259razi b\u00fct\u00f6vl\u00fcy\u00fcn\u00fcn t\u0259min olunmas\u0131 m\u00fcnasib\u0259ti il\u0259 t\u0259brik edirik\u201d. \u201cReport\u201dun Astanaya ezam olunan \u0259m\u0259kda\u015f\u0131 x\u0259b\u0259r verir ki, bunu Q\u0131r\u011f\u0131z\u0131stan Prezidenti Sad\u0131r Japarov Astanada ke\u00e7iril\u0259n T\u00fcrk D\u00f6vl\u0259tl\u0259ri T\u0259\u015fkilat\u0131n\u0131n (TDT) 10-cu yubiley Zirv\u0259 g\u00f6r\u00fc\u015f\u00fcn\u00fcn a\u00e7\u0131l\u0131\u015f\u0131nda deyib. D\u00f6vl\u0259t ba\u015f\u00e7\u0131s\u0131 \u00e7\u0131x\u0131\u015f\u0131nda b\u00fct\u00fcn t\u00fcrk d\u00f6vl\u0259tl\u0259ri il\u0259 \u0259m\u0259kda\u015fl\u0131\u011fa maraql\u0131 olduqlar\u0131n\u0131 bildir\u0259r\u0259k TDT \u00e7\u0259r\u00e7iv\u0259sind\u0259 ba\u015f tutan dialoqun inteqrasiya \u00fc\u00e7\u00fcn yeni imkanlar&hellip;","_links":{"self":[{"href":"https:\/\/arantv.az\/index.php?rest_route=\/wp\/v2\/posts\/652716"}],"collection":[{"href":"https:\/\/arantv.az\/index.php?rest_route=\/wp\/v2\/posts"}],"about":[{"href":"https:\/\/arantv.az\/index.php?rest_route=\/wp\/v2\/types\/post"}],"author":[{"embeddable":true,"href":"https:\/\/arantv.az\/index.php?rest_route=\/wp\/v2\/users\/2"}],"replies":[{"embeddable":true,"href":"https:\/\/arantv.az\/index.php?rest_route=%2Fwp%2Fv2%2Fcomments&post=652716"}],"version-history":[{"count":0,"href":"https:\/\/arantv.az\/index.php?rest_route=\/wp\/v2\/posts\/652716\/revisions"}],"wp:featuredmedia":[{"embeddable":true,"href":"https:\/\/arantv.az\/index.php?rest_route=\/wp\/v2\/media\/652718"}],"wp:attachment":[{"href":"https:\/\/arantv.az\/index.php?rest_route=%2Fwp%2Fv2%2Fmedia&parent=652716"}],"wp:term":[{"taxonomy":"category","embeddable":true,"href":"https:\/\/arantv.az\/index.php?rest_route=%2Fwp%2Fv2%2Fcategories&post=652716"},{"taxonomy":"post_tag","embeddable":true,"href":"https:\/\/arantv.az\/index.php?rest_route=%2Fwp%2Fv2%2Ftags&post=652716"}],"curies":[{"name":"wp","href":"https:\/\/api.w.org\/{rel}","templated":true}]}}