{"id":652717,"date":"2023-11-03T11:35:43","date_gmt":"2023-11-03T07:35:43","guid":{"rendered":"https:\/\/arantv.az\/?p=652717"},"modified":"2023-11-03T11:35:43","modified_gmt":"2023-11-03T07:35:43","slug":"g%c9%99nc%c9%99-dovl%c9%99t-regional-kollecin%c9%99-yeni-r%c9%99hb%c9%99r-t%c9%99yin-olunub","status":"publish","type":"post","link":"https:\/\/arantv.az\/?p=652717","title":{"rendered":"G\u0259nc\u0259 D\u00f6vl\u0259t Regional Kollecin\u0259 yeni r\u0259hb\u0259r t\u0259yin olunub"},"content":{"rendered":"<p>G\u0259nc\u0259 D\u00f6vl\u0259t Universitetinin n\u0259zdind\u0259 G\u0259nc\u0259 D\u00f6vl\u0259t Regional Kollecin\u0259 yeni r\u0259hb\u0259r t\u0259yinat\u0131 olub.<\/p>\n<p>\u201cReport\u201dun Q\u0259rb b\u00fcrosunun m\u0259lumat\u0131na g\u00f6r\u0259, bu v\u0259zif\u0259y\u0259 riyaziyyat \u00fczr\u0259 f\u0259ls\u0259f\u0259 doktoru, dosent \u0130lqar Nadir o\u011flu Kub\u0131\u015fov g\u0259tirilib.<\/p>\n<p>O, art\u0131q kollektiv\u0259 t\u0259qdim olunub.<\/p>\n<p>Qeyd ed\u0259k ki, \u0130.Kub\u0131\u015fov bu t\u0259yinatad\u0259k G\u0259nc\u0259 D\u00f6vl\u0259t Regional Kolleci qiyabi \u015f\u00f6b\u0259sinin m\u00fcdiri v\u0259zif\u0259sind\u0259 i\u015fl\u0259yib.<\/p>\n","protected":false},"excerpt":{"rendered":"<p>G\u0259nc\u0259 D\u00f6vl\u0259t Universitetinin n\u0259zdind\u0259 G\u0259nc\u0259 D\u00f6vl\u0259t Regional Kollecin\u0259 yeni r\u0259hb\u0259r t\u0259yinat\u0131 olub. \u201cReport\u201dun Q\u0259rb b\u00fcrosunun m\u0259lumat\u0131na g\u00f6r\u0259, bu v\u0259zif\u0259y\u0259 riyaziyyat \u00fczr\u0259 f\u0259ls\u0259f\u0259 doktoru, dosent \u0130lqar Nadir o\u011flu Kub\u0131\u015fov g\u0259tirilib. O, art\u0131q kollektiv\u0259 t\u0259qdim olunub. Qeyd ed\u0259k ki, \u0130.Kub\u0131\u015fov bu t\u0259yinatad\u0259k G\u0259nc\u0259 D\u00f6vl\u0259t Regional Kolleci qiyabi \u015f\u00f6b\u0259sinin m\u00fcdiri v\u0259zif\u0259sind\u0259 i\u015fl\u0259yib.<\/p>\n","protected":false},"author":2,"featured_media":652719,"comment_status":"closed","ping_status":"closed","sticky":false,"template":"","format":"standard","meta":{"om_disable_all_campaigns":false,"_monsterinsights_skip_tracking":false,"_monsterinsights_sitenote_active":false,"_monsterinsights_sitenote_note":"","_monsterinsights_sitenote_category":0},"categories":[1],"tags":[],"aioseo_notices":[],"gutentor_comment":0,"rttpg_featured_image_url":{"full":["https:\/\/arantv.az\/wp-content\/uploads\/2023\/11\/kreslo7-1.jpg",620,413,false],"landscape":["https:\/\/arantv.az\/wp-content\/uploads\/2023\/11\/kreslo7-1.jpg",620,413,false],"portraits":["https:\/\/arantv.az\/wp-content\/uploads\/2023\/11\/kreslo7-1.jpg",620,413,false],"thumbnail":["https:\/\/arantv.az\/wp-content\/uploads\/2023\/11\/kreslo7-1-500x280.jpg",500,280,true],"medium":["https:\/\/arantv.az\/wp-content\/uploads\/2023\/11\/kreslo7-1-548x365.jpg",548,365,true],"large":["https:\/\/arantv.az\/wp-content\/uploads\/2023\/11\/kreslo7-1.jpg",620,413,false],"1536x1536":["https:\/\/arantv.az\/wp-content\/uploads\/2023\/11\/kreslo7-1.jpg",620,413,false],"2048x2048":["https:\/\/arantv.az\/wp-content\/uploads\/2023\/11\/kreslo7-1.jpg",620,413,false],"post-thumbnail":["https:\/\/arantv.az\/wp-content\/uploads\/2023\/11\/kreslo7-1-240x172.jpg",240,172,true],"advps-thumb-one":["https:\/\/arantv.az\/wp-content\/uploads\/2023\/11\/kreslo7-1.jpg",620,413,false]},"rttpg_author":{"display_name":"V\u00fcsal Rafiqo\u011flu","author_link":"https:\/\/arantv.az\/?author=2"},"rttpg_comment":0,"rttpg_category":"<a href=\"https:\/\/arantv.az\/?cat=1\" rel=\"category\">C\u0259miyy\u0259t<\/a>","rttpg_excerpt":"G\u0259nc\u0259 D\u00f6vl\u0259t Universitetinin n\u0259zdind\u0259 G\u0259nc\u0259 D\u00f6vl\u0259t Regional Kollecin\u0259 yeni r\u0259hb\u0259r t\u0259yinat\u0131 olub. \u201cReport\u201dun Q\u0259rb b\u00fcrosunun m\u0259lumat\u0131na g\u00f6r\u0259, bu v\u0259zif\u0259y\u0259 riyaziyyat \u00fczr\u0259 f\u0259ls\u0259f\u0259 doktoru, dosent \u0130lqar Nadir o\u011flu Kub\u0131\u015fov g\u0259tirilib. O, art\u0131q kollektiv\u0259 t\u0259qdim olunub. Qeyd ed\u0259k ki, \u0130.Kub\u0131\u015fov bu t\u0259yinatad\u0259k G\u0259nc\u0259 D\u00f6vl\u0259t Regional Kolleci qiyabi \u015f\u00f6b\u0259sinin m\u00fcdiri v\u0259zif\u0259sind\u0259 i\u015fl\u0259yib.","_links":{"self":[{"href":"https:\/\/arantv.az\/index.php?rest_route=\/wp\/v2\/posts\/652717"}],"collection":[{"href":"https:\/\/arantv.az\/index.php?rest_route=\/wp\/v2\/posts"}],"about":[{"href":"https:\/\/arantv.az\/index.php?rest_route=\/wp\/v2\/types\/post"}],"author":[{"embeddable":true,"href":"https:\/\/arantv.az\/index.php?rest_route=\/wp\/v2\/users\/2"}],"replies":[{"embeddable":true,"href":"https:\/\/arantv.az\/index.php?rest_route=%2Fwp%2Fv2%2Fcomments&post=652717"}],"version-history":[{"count":0,"href":"https:\/\/arantv.az\/index.php?rest_route=\/wp\/v2\/posts\/652717\/revisions"}],"wp:featuredmedia":[{"embeddable":true,"href":"https:\/\/arantv.az\/index.php?rest_route=\/wp\/v2\/media\/652719"}],"wp:attachment":[{"href":"https:\/\/arantv.az\/index.php?rest_route=%2Fwp%2Fv2%2Fmedia&parent=652717"}],"wp:term":[{"taxonomy":"category","embeddable":true,"href":"https:\/\/arantv.az\/index.php?rest_route=%2Fwp%2Fv2%2Fcategories&post=652717"},{"taxonomy":"post_tag","embeddable":true,"href":"https:\/\/arantv.az\/index.php?rest_route=%2Fwp%2Fv2%2Ftags&post=652717"}],"curies":[{"name":"wp","href":"https:\/\/api.w.org\/{rel}","templated":true}]}}