{"id":652724,"date":"2023-11-03T11:38:36","date_gmt":"2023-11-03T07:38:36","guid":{"rendered":"https:\/\/arantv.az\/?p=652724"},"modified":"2023-11-03T11:38:36","modified_gmt":"2023-11-03T07:38:36","slug":"sulh-biz%c9%99-hec-dun%c9%99nd%c9%99n-lazim-deyil","status":"publish","type":"post","link":"https:\/\/arantv.az\/?p=652724","title":{"rendered":"\u201c&#8230;S\u00fclh biz\u0259 he\u00e7 d\u00fcn\u0259nd\u0259n laz\u0131m deyil\u201d"},"content":{"rendered":"<h3><strong>Elman N\u0259sirov: \u201cD\u00fc\u015fd\u00fcy\u00fc labirintin i\u00e7ind\u0259 n\u0259 q\u0259d\u0259r ist\u0259yirl\u0259r \u00e7abalas\u0131nlar\u201d<\/strong><\/h3>\n<p><strong>Qaraba\u011fdan Erm\u0259nistana qa\u00e7an separat\u00e7\u0131lar yenid\u0259n f\u0259aliyy\u0259t\u0259 ba\u015flama\u011fa, Az\u0259rbaycana qar\u015f\u0131 separatizmi davam etdirm\u0259y\u0259 haz\u0131rla\u015f\u0131r. Qondarma rejimi l\u0259\u011fv ed\u0259n separat\u00e7\u0131lar\u0131n sonuncu \u201cba\u015f\u00e7\u0131s\u0131\u201d Samvel \u015eahramanyan \u0130r\u0259vanda bu q\u0259rar\u0131ndan imtina ed\u0259nd\u0259n sonra \u201cg\u0259l\u0259c\u0259kd\u0259 n\u0259 etm\u0259k\u201d haqda m\u00fczakir\u0259l\u0259r\u0259 ba\u015flay\u0131b.<\/strong><\/p>\n<p>Az\u0259rbaycan separat\u00e7\u0131lar\u0131n \u0130r\u0259vanda anti-Az\u0259rbaycan f\u0259aliyy\u0259tin\u0259 qar\u015f\u0131 hans\u0131 add\u0131mlar ata bil\u0259rmi? Separat\u00e7\u0131lar\u0131n bu c\u00fcr toplant\u0131lar v\u0259 m\u00fczakir\u0259l\u0259r ke\u00e7irm\u0259sin\u0259 \u0130r\u0259vanda \u015f\u0259rait yarad\u0131lmas\u0131 Erm\u0259nistanla Az\u0259rbaycan aras\u0131nda s\u00fclh dan\u0131\u015f\u0131qlar\u0131na z\u0259rb\u0259dirmi?<\/p>\n<p><strong>Milli M\u0259clisin deputat\u0131 Elman N\u0259sirov \u201cYeni M\u00fcsavat\u201da bildirdi ki, Qaraba\u011fda m\u00f6vcud olmu\u015f separat\u00e7\u0131 rejimin t\u00f6r-t\u00f6k\u00fcnt\u00fcl\u0259ri Erm\u0259nistan paytaxt\u0131nda bir araya g\u0259lib bundan sonrak\u0131 f\u0259aliyy\u0259tl\u0259rini nec\u0259 aparmaq bar\u0259d\u0259 m\u00fczakir\u0259l\u0259r ke\u00e7iribl\u0259r:<\/strong>\u00a0\u201cDetallar b\u0259lli olmasa da g\u00f6r\u00fc\u015f bar\u0259d\u0259 art\u0131q ilkin informasiyalar yay\u0131l\u0131b. M\u0259lum olur ki, indi onlar\u0131 d\u00fc\u015f\u00fcnd\u00fcr\u0259n \u0259sas m\u0259s\u0259l\u0259 separat\u00e7\u0131 rejimin burax\u0131lmas\u0131 il\u0259 ba\u011fl\u0131 verdikl\u0259ri q\u0259rardan imtina etm\u0259k, bu q\u0259rar\u0131n &#8220;s\u0259hv oldu\u011funu&#8221; v\u0259 bundan sonra hans\u0131 add\u0131mlar\u0131n at\u0131lmas\u0131 m\u0259s\u0259l\u0259sini m\u00fczakir\u0259 etm\u0259k ist\u0259yirl\u0259r. Onlar Qaraba\u011fdan k\u00f6\u00e7m\u00fc\u015f erm\u0259nil\u0259rin geri qay\u0131tmas\u0131 m\u0259s\u0259l\u0259si \u0259traf\u0131nda da m\u00fczakir\u0259l\u0259r apar\u0131blar. Bel\u0259 bir yekdil m\u00f6vqe ortaya qoyma\u011fa \u00e7al\u0131\u015f\u0131blar ki, he\u00e7 bir halda geri qay\u0131dan erm\u0259nil\u0259r Az\u0259rbaycan v\u0259t\u0259nda\u015fl\u0131\u011f\u0131n\u0131 q\u0259bul etm\u0259m\u0259lidirl\u0259r, Qaraba\u011fda ya\u015fayacaq erm\u0259nil\u0259r \u00fc\u00e7\u00fcn x\u00fcsusi status m\u00fc\u0259yy\u0259n edilm\u0259lidir v\u0259 ya beyn\u0259lxalq z\u0259man\u0259t alt\u0131nda onlar \u00f6z ya\u015famlar\u0131n\u0131 davam etdirm\u0259lidirl\u0259r. Bel\u0259likl\u0259, ayd\u0131n g\u00f6r\u00fcnd\u00fc ki, erm\u0259nil\u0259r yen\u0259 d\u0259 x\u00fclyalarla ya\u015fama\u011fa ba\u015flay\u0131rlar. Eyni zamanda bu add\u0131mlar\u0131 il\u0259 \u00e7al\u0131\u015f\u0131rlar ki, \u00f6zl\u0259rinin m\u00f6vcudlu\u011funu guya isbatlas\u0131nlar. Bu g\u00fcn onlar \u00f6zl\u0259rin\u0259 \u201claz\u0131ml\u0131l\u0131q \u0259msal\u0131\u201d \u0259ld\u0259 etm\u0259k ist\u0259yirl\u0259r. \u00c7\u00fcnki\u00a0 Erm\u0259nistan h\u00f6kum\u0259ti o separat\u00e7\u0131 t\u00f6r-t\u00f6k\u00fcnt\u00fcl\u0259rin\u0259 maa\u015f vermir. Ona g\u00f6r\u0259 d\u0259 \u201cm\u00fchacir h\u00f6kum\u0259ti\u201d ad\u0131 alt\u0131nda \u00f6z \u201cf\u0259aliyy\u0259tl\u0259rini\u201d qurmaqla xarici \u00f6lk\u0259l\u0259rd\u0259n, erm\u0259ni diaspor v\u0259 lobbi t\u0259\u015fkilatlar\u0131ndan v\u0259sait almaq ist\u0259yirl\u0259r. \u015e\u00fcbh\u0259siz ki, bu davran\u0131\u015f \u00f6z-\u00f6z\u00fcn\u0259 yaranmay\u0131b. Avropa \u0130ttifaq\u0131n\u0131n Fransa v\u0259 dig\u0259r bir ne\u00e7\u0259 \u00f6lk\u0259si Erm\u0259nistanda m\u00fclki missiyas\u0131n\u0131 h\u0259yata ke\u00e7irir. Avropa \u0130ttifaq\u0131 parlamentaril\u0259ri \u0130r\u0259vanda separat\u00e7\u0131larla g\u00f6r\u00fc\u015fl\u0259r ke\u00e7irirl\u0259r. Bu da onu g\u00f6st\u0259rir ki, onlar separatizmin yan\u0131ndad\u0131r v\u0259 separat\u00e7\u0131lar\u0131 ruhland\u0131r\u0131rlar. B\u00fct\u00fcn bu reall\u0131qlar\u0131 n\u0259z\u0259r\u0259 al\u0131b Az\u0259rbaycan parlamenti Avropa parlamentaril\u0259rinin Erm\u0259nistanda separat\u00e7\u0131larla g\u00f6r\u00fc\u015fm\u0259sini k\u0259skin t\u0259nqid el\u0259y\u0259n b\u0259yanatla \u00e7\u0131x\u0131\u015f el\u0259yib, Az\u0259rbaycan t\u0259r\u0259finin separat\u00e7\u0131lar\u0131n ruhland\u0131r\u0131lmas\u0131 kimi \u00e7irkin add\u0131mlara qar\u015f\u0131 add\u0131mlar ataca\u011f\u0131 b\u0259yan edilib&#8221;.<\/p>\n<p><img src=\"https:\/\/cdn.oxu.az\/uploads\/W1siZiIsIjIwMjIvMDcvMjIvMTEvMDYvNDYvNTgxNjI0YTctMGNmYS00Y2IxLWEwZDMtYzg2ZjRjZmQ2NWE2L0ZvdG9KZXQuanBnIl0sWyJwIiwiZW5jb2RlIiwianBnIiwiLXF1YWxpdHkgODAiXSxbInAiLCJ0aHVtYiIsIjYyMHg0MTMjIl1d?sha=4a18496a30497bd8\" alt=\"Oxu.az - T\u0259l\u0259b\u0259si il\u0259 e\u015fq ya\u015fad\u0131\u011f\u0131 deyil\u0259n Elman N\u0259sirov m\u0259hk\u0259m\u0259d\u0259 uduzur?  \u2013 V\u0259kild\u0259n \u015fok A\u00c7IQLAMA\" \/><\/p>\n<p><strong>\u00a0Elman N\u0259sirov<\/strong><\/p>\n<p><strong>Deputat vur\u011fulad\u0131 ki, separat\u00e7\u0131 t\u00f6r-t\u00f6k\u00fcnt\u00fcl\u0259rinin Erm\u0259nistanda f\u0259alla\u015fmas\u0131, toplant\u0131lar ke\u00e7irm\u0259si Erm\u0259nistanla Az\u0259rbaycan aras\u0131nda s\u00fclh m\u00fcqavil\u0259sinin imzalanmas\u0131 \u00fc\u00e7\u00fcn \u00e7ox ciddi t\u0259hdiddir. Bunun is\u0259 m\u0259suliyy\u0259ti Erm\u0259nistan hakimiyy\u0259tinin \u00fcz\u0259rin\u0259 d\u00fc\u015f\u00fcr:<\/strong>\u00a0\u201cBa\u015f nazir Nikol Pa\u015finyan bir t\u0259r\u0259fd\u0259n s\u00fclh sazi\u015fini imzalama\u011fa haz\u0131r oldu\u011fundan b\u0259hs edir, o biri t\u0259r\u0259fd\u0259n separat\u00e7\u0131lar\u0131n Erm\u0259nistan \u0259razisind\u0259 f\u0259aliyy\u0259t g\u00f6st\u0259rm\u0259sin\u0259, Az\u0259rbaycana qar\u015f\u0131 f\u0259aliyy\u0259t\u0259 ke\u00e7m\u0259sin\u0259 g\u00f6z yumur. Bu, q\u0259buledilm\u0259z yana\u015fmad\u0131r. Ona g\u00f6r\u0259 d\u0259 prosesl\u0259rin bundan sonrak\u0131 inki\u015faf\u0131na g\u00f6r\u0259 m\u0259suliyy\u0259t Erm\u0259nistan\u0131n ba\u015f naziri Nikol Pa\u015finyan\u0131n, Erm\u0259nistan\u0131n siyasi v\u0259 h\u0259rbi r\u0259hb\u0259rliyinin \u00fcz\u0259rin\u0259 d\u00fc\u015f\u0259c\u0259k. \u018fg\u0259r Erm\u0259nistan h\u00f6kum\u0259ti separat\u00e7\u0131lar\u0131n f\u0259aliyy\u0259ti \u00fc\u00e7\u00fcn \u015f\u0259rait yaradacaqsa, onlar\u0131 ofisl\u0259 t\u0259min ed\u0259c\u0259ks\u0259, maliyy\u0259l\u0259\u015fdir\u0259c\u0259ks\u0259 v\u0259 bel\u0259likl\u0259, anti-Az\u0259rbaycan f\u0259aliyy\u0259tin\u0259 d\u0259st\u0259k vermi\u015f olacaqsa, onda s\u00fclhd\u0259n s\u00f6hb\u0259t ged\u0259 bil\u0259r. \u018fg\u0259r Erm\u0259nistana s\u00fclh laz\u0131m deyils\u0259, biz\u0259 d\u00fcn\u0259nd\u0259n laz\u0131m deyil. Az\u0259rbaycan Prezidenti d\u0259 d\u0259f\u0259l\u0259rl\u0259 b\u0259yan edib ki, biz s\u00fclh ist\u0259yirik, lakin Erm\u0259nistana laz\u0131m deyils\u0259, biz\u0259 d\u0259 laz\u0131m deyil, Erm\u0259nistan d\u00fc\u015fd\u00fcy\u00fc labirintin i\u00e7ind\u0259 n\u0259 q\u0259d\u0259r ist\u0259yir \u00e7abalas\u0131n\u201d.<\/p>\n","protected":false},"excerpt":{"rendered":"<p>Elman N\u0259sirov: \u201cD\u00fc\u015fd\u00fcy\u00fc labirintin i\u00e7ind\u0259 n\u0259 q\u0259d\u0259r ist\u0259yirl\u0259r \u00e7abalas\u0131nlar\u201d Qaraba\u011fdan Erm\u0259nistana qa\u00e7an separat\u00e7\u0131lar yenid\u0259n f\u0259aliyy\u0259t\u0259 ba\u015flama\u011fa, Az\u0259rbaycana qar\u015f\u0131 separatizmi davam etdirm\u0259y\u0259 haz\u0131rla\u015f\u0131r. Qondarma rejimi l\u0259\u011fv ed\u0259n separat\u00e7\u0131lar\u0131n sonuncu \u201cba\u015f\u00e7\u0131s\u0131\u201d Samvel \u015eahramanyan \u0130r\u0259vanda bu q\u0259rar\u0131ndan imtina ed\u0259nd\u0259n sonra \u201cg\u0259l\u0259c\u0259kd\u0259 n\u0259 etm\u0259k\u201d haqda m\u00fczakir\u0259l\u0259r\u0259 ba\u015flay\u0131b. Az\u0259rbaycan separat\u00e7\u0131lar\u0131n \u0130r\u0259vanda anti-Az\u0259rbaycan f\u0259aliyy\u0259tin\u0259 qar\u015f\u0131 hans\u0131 add\u0131mlar ata bil\u0259rmi? Separat\u00e7\u0131lar\u0131n bu c\u00fcr toplant\u0131lar v\u0259 m\u00fczakir\u0259l\u0259r ke\u00e7irm\u0259sin\u0259 \u0130r\u0259vanda \u015f\u0259rait yarad\u0131lmas\u0131 Erm\u0259nistanla Az\u0259rbaycan aras\u0131nda s\u00fclh dan\u0131\u015f\u0131qlar\u0131na z\u0259rb\u0259dirmi? Milli M\u0259clisin deputat\u0131 Elman N\u0259sirov \u201cYeni M\u00fcsavat\u201da bildirdi ki, Qaraba\u011fda m\u00f6vcud olmu\u015f separat\u00e7\u0131 rejimin t\u00f6r-t\u00f6k\u00fcnt\u00fcl\u0259ri Erm\u0259nistan paytaxt\u0131nda bir araya g\u0259lib bundan&hellip;<\/p>\n","protected":false},"author":2,"featured_media":652727,"comment_status":"closed","ping_status":"closed","sticky":false,"template":"","format":"standard","meta":{"om_disable_all_campaigns":false,"_monsterinsights_skip_tracking":false,"_monsterinsights_sitenote_active":false,"_monsterinsights_sitenote_note":"","_monsterinsights_sitenote_category":0},"categories":[4],"tags":[],"aioseo_notices":[],"gutentor_comment":0,"rttpg_featured_image_url":{"full":["https:\/\/arantv.az\/wp-content\/uploads\/2023\/11\/c09481e0efba05aa58af9b3bbbf057c4.jpg",637,400,false],"landscape":["https:\/\/arantv.az\/wp-content\/uploads\/2023\/11\/c09481e0efba05aa58af9b3bbbf057c4.jpg",637,400,false],"portraits":["https:\/\/arantv.az\/wp-content\/uploads\/2023\/11\/c09481e0efba05aa58af9b3bbbf057c4.jpg",637,400,false],"thumbnail":["https:\/\/arantv.az\/wp-content\/uploads\/2023\/11\/c09481e0efba05aa58af9b3bbbf057c4-500x280.jpg",500,280,true],"medium":["https:\/\/arantv.az\/wp-content\/uploads\/2023\/11\/c09481e0efba05aa58af9b3bbbf057c4-581x365.jpg",581,365,true],"large":["https:\/\/arantv.az\/wp-content\/uploads\/2023\/11\/c09481e0efba05aa58af9b3bbbf057c4.jpg",637,400,false],"1536x1536":["https:\/\/arantv.az\/wp-content\/uploads\/2023\/11\/c09481e0efba05aa58af9b3bbbf057c4.jpg",637,400,false],"2048x2048":["https:\/\/arantv.az\/wp-content\/uploads\/2023\/11\/c09481e0efba05aa58af9b3bbbf057c4.jpg",637,400,false],"post-thumbnail":["https:\/\/arantv.az\/wp-content\/uploads\/2023\/11\/c09481e0efba05aa58af9b3bbbf057c4-240x172.jpg",240,172,true],"advps-thumb-one":["https:\/\/arantv.az\/wp-content\/uploads\/2023\/11\/c09481e0efba05aa58af9b3bbbf057c4.jpg",637,400,false]},"rttpg_author":{"display_name":"V\u00fcsal Rafiqo\u011flu","author_link":"https:\/\/arantv.az\/?author=2"},"rttpg_comment":0,"rttpg_category":"<a href=\"https:\/\/arantv.az\/?cat=4\" rel=\"category\">Siyas\u0259t<\/a>","rttpg_excerpt":"Elman N\u0259sirov: \u201cD\u00fc\u015fd\u00fcy\u00fc labirintin i\u00e7ind\u0259 n\u0259 q\u0259d\u0259r ist\u0259yirl\u0259r \u00e7abalas\u0131nlar\u201d Qaraba\u011fdan Erm\u0259nistana qa\u00e7an separat\u00e7\u0131lar yenid\u0259n f\u0259aliyy\u0259t\u0259 ba\u015flama\u011fa, Az\u0259rbaycana qar\u015f\u0131 separatizmi davam etdirm\u0259y\u0259 haz\u0131rla\u015f\u0131r. Qondarma rejimi l\u0259\u011fv ed\u0259n separat\u00e7\u0131lar\u0131n sonuncu \u201cba\u015f\u00e7\u0131s\u0131\u201d Samvel \u015eahramanyan \u0130r\u0259vanda bu q\u0259rar\u0131ndan imtina ed\u0259nd\u0259n sonra \u201cg\u0259l\u0259c\u0259kd\u0259 n\u0259 etm\u0259k\u201d haqda m\u00fczakir\u0259l\u0259r\u0259 ba\u015flay\u0131b. Az\u0259rbaycan separat\u00e7\u0131lar\u0131n \u0130r\u0259vanda anti-Az\u0259rbaycan f\u0259aliyy\u0259tin\u0259 qar\u015f\u0131 hans\u0131 add\u0131mlar ata bil\u0259rmi? Separat\u00e7\u0131lar\u0131n bu&hellip;","_links":{"self":[{"href":"https:\/\/arantv.az\/index.php?rest_route=\/wp\/v2\/posts\/652724"}],"collection":[{"href":"https:\/\/arantv.az\/index.php?rest_route=\/wp\/v2\/posts"}],"about":[{"href":"https:\/\/arantv.az\/index.php?rest_route=\/wp\/v2\/types\/post"}],"author":[{"embeddable":true,"href":"https:\/\/arantv.az\/index.php?rest_route=\/wp\/v2\/users\/2"}],"replies":[{"embeddable":true,"href":"https:\/\/arantv.az\/index.php?rest_route=%2Fwp%2Fv2%2Fcomments&post=652724"}],"version-history":[{"count":0,"href":"https:\/\/arantv.az\/index.php?rest_route=\/wp\/v2\/posts\/652724\/revisions"}],"wp:featuredmedia":[{"embeddable":true,"href":"https:\/\/arantv.az\/index.php?rest_route=\/wp\/v2\/media\/652727"}],"wp:attachment":[{"href":"https:\/\/arantv.az\/index.php?rest_route=%2Fwp%2Fv2%2Fmedia&parent=652724"}],"wp:term":[{"taxonomy":"category","embeddable":true,"href":"https:\/\/arantv.az\/index.php?rest_route=%2Fwp%2Fv2%2Fcategories&post=652724"},{"taxonomy":"post_tag","embeddable":true,"href":"https:\/\/arantv.az\/index.php?rest_route=%2Fwp%2Fv2%2Ftags&post=652724"}],"curies":[{"name":"wp","href":"https:\/\/api.w.org\/{rel}","templated":true}]}}