{"id":652730,"date":"2023-11-03T11:55:37","date_gmt":"2023-11-03T07:55:37","guid":{"rendered":"https:\/\/arantv.az\/?p=652730"},"modified":"2023-11-03T11:55:37","modified_gmt":"2023-11-03T07:55:37","slug":"turkiy%c9%99-lideri-x%c9%99z%c9%99r-qazinin-avropaya-catdirilmasi-bu-qit%c9%99nin-enerji-t%c9%99hluk%c9%99sizliyin%c9%99-tohf%c9%99-ver%c9%99c%c9%99k","status":"publish","type":"post","link":"https:\/\/arantv.az\/?p=652730","title":{"rendered":"T\u00fcrkiy\u0259 lideri: \u201cX\u0259z\u0259r qaz\u0131n\u0131n Avropaya \u00e7atd\u0131r\u0131lmas\u0131 bu qit\u0259nin enerji t\u0259hl\u00fck\u0259sizliyin\u0259 t\u00f6hf\u0259 ver\u0259c\u0259k\u201d"},"content":{"rendered":"<p>\u201cX\u0259z\u0259r d\u0259nizinin t\u0259bii qaz\u0131n\u0131n Avropaya \u00e7atd\u0131r\u0131lmas\u0131 bu qit\u0259nin enerji t\u0259hl\u00fck\u0259sizliyin\u0259 t\u00f6hf\u0259 ver\u0259c\u0259k\u201d.<\/p>\n<p>\u201cReport\u201dun Astanaya ezam olunan \u0259m\u0259kda\u015f\u0131 x\u0259b\u0259r verir ki, bunu T\u00fcrkiy\u0259 Prezidenti R\u0259c\u0259b Tayyib \u018frdo\u011fan noyabr\u0131n 3-d\u0259 T\u00fcrk D\u00f6vl\u0259tl\u0259ri T\u0259\u015fkilat\u0131n\u0131n \u201cT\u00fcrk \u018fsri\u201d \u00e7a\u011f\u0131r\u0131\u015f\u0131 alt\u0131nda Qazax\u0131stan\u0131n Astana \u015f\u0259h\u0259rind\u0259 ke\u00e7iril\u0259n 10-cu yubiley Zirv\u0259 g\u00f6r\u00fc\u015f\u00fcnd\u0259 \u00e7\u0131x\u0131\u015f\u0131nda deyib.<\/p>\n<p>O bildirib ki, \u015e\u0259rq-Q\u0259rb d\u0259hlizi inki\u015faf etdirilm\u0259lidir:<\/p>\n<p>\u201cBu, b\u00fct\u00fcn regionun inki\u015faf\u0131na t\u00f6hf\u0259 ver\u0259c\u0259k\u201d.<\/p>\n<p>R.T.\u018frdo\u011fan, h\u0259m\u00e7inin s\u00f6yl\u0259yib ki, t\u00fcrk d\u00f6vl\u0259tl\u0259ri aras\u0131nda \u0259m\u0259kda\u015fl\u0131q da inki\u015faf etdirilm\u0259lidir:<\/p>\n<p>\u201cVahid \u0259lifban\u0131n yarad\u0131lmas\u0131 istiqam\u0259tind\u0259 i\u015fl\u0259r davam edir. B\u00fct\u00fcn t\u00fcrk d\u00fcnyas\u0131n\u0131n t\u0259hl\u00fck\u0259sizliyi v\u0259 rifah\u0131 u\u011frunda add\u0131mlar atma\u011fa davam ed\u0259c\u0259yik. Qar\u015f\u0131m\u0131zdak\u0131 d\u00f6vr\u00fc t\u00fcrk d\u00f6vr\u00fc etm\u0259k \u00fc\u00e7\u00fcn \u00e7al\u0131\u015faca\u011f\u0131q\u201d.<\/p>\n","protected":false},"excerpt":{"rendered":"<p>\u201cX\u0259z\u0259r d\u0259nizinin t\u0259bii qaz\u0131n\u0131n Avropaya \u00e7atd\u0131r\u0131lmas\u0131 bu qit\u0259nin enerji t\u0259hl\u00fck\u0259sizliyin\u0259 t\u00f6hf\u0259 ver\u0259c\u0259k\u201d. \u201cReport\u201dun Astanaya ezam olunan \u0259m\u0259kda\u015f\u0131 x\u0259b\u0259r verir ki, bunu T\u00fcrkiy\u0259 Prezidenti R\u0259c\u0259b Tayyib \u018frdo\u011fan noyabr\u0131n 3-d\u0259 T\u00fcrk D\u00f6vl\u0259tl\u0259ri T\u0259\u015fkilat\u0131n\u0131n \u201cT\u00fcrk \u018fsri\u201d \u00e7a\u011f\u0131r\u0131\u015f\u0131 alt\u0131nda Qazax\u0131stan\u0131n Astana \u015f\u0259h\u0259rind\u0259 ke\u00e7iril\u0259n 10-cu yubiley Zirv\u0259 g\u00f6r\u00fc\u015f\u00fcnd\u0259 \u00e7\u0131x\u0131\u015f\u0131nda deyib. O bildirib ki, \u015e\u0259rq-Q\u0259rb d\u0259hlizi inki\u015faf etdirilm\u0259lidir: \u201cBu, b\u00fct\u00fcn regionun inki\u015faf\u0131na t\u00f6hf\u0259 ver\u0259c\u0259k\u201d. R.T.\u018frdo\u011fan, h\u0259m\u00e7inin s\u00f6yl\u0259yib ki, t\u00fcrk d\u00f6vl\u0259tl\u0259ri aras\u0131nda \u0259m\u0259kda\u015fl\u0131q da inki\u015faf etdirilm\u0259lidir: \u201cVahid \u0259lifban\u0131n yarad\u0131lmas\u0131 istiqam\u0259tind\u0259 i\u015fl\u0259r davam edir. B\u00fct\u00fcn t\u00fcrk d\u00fcnyas\u0131n\u0131n t\u0259hl\u00fck\u0259sizliyi v\u0259 rifah\u0131 u\u011frunda add\u0131mlar atma\u011fa davam ed\u0259c\u0259yik. Qar\u015f\u0131m\u0131zdak\u0131 d\u00f6vr\u00fc t\u00fcrk&hellip;<\/p>\n","protected":false},"author":2,"featured_media":652738,"comment_status":"closed","ping_status":"closed","sticky":false,"template":"","format":"standard","meta":{"om_disable_all_campaigns":false,"_monsterinsights_skip_tracking":false,"_monsterinsights_sitenote_active":false,"_monsterinsights_sitenote_note":"","_monsterinsights_sitenote_category":0},"categories":[19],"tags":[],"aioseo_notices":[],"gutentor_comment":0,"rttpg_featured_image_url":{"full":["https:\/\/arantv.az\/wp-content\/uploads\/2023\/11\/FotoJet-3-1.jpg",620,413,false],"landscape":["https:\/\/arantv.az\/wp-content\/uploads\/2023\/11\/FotoJet-3-1.jpg",620,413,false],"portraits":["https:\/\/arantv.az\/wp-content\/uploads\/2023\/11\/FotoJet-3-1.jpg",620,413,false],"thumbnail":["https:\/\/arantv.az\/wp-content\/uploads\/2023\/11\/FotoJet-3-1-500x280.jpg",500,280,true],"medium":["https:\/\/arantv.az\/wp-content\/uploads\/2023\/11\/FotoJet-3-1-548x365.jpg",548,365,true],"large":["https:\/\/arantv.az\/wp-content\/uploads\/2023\/11\/FotoJet-3-1.jpg",620,413,false],"1536x1536":["https:\/\/arantv.az\/wp-content\/uploads\/2023\/11\/FotoJet-3-1.jpg",620,413,false],"2048x2048":["https:\/\/arantv.az\/wp-content\/uploads\/2023\/11\/FotoJet-3-1.jpg",620,413,false],"post-thumbnail":["https:\/\/arantv.az\/wp-content\/uploads\/2023\/11\/FotoJet-3-1-240x172.jpg",240,172,true],"advps-thumb-one":["https:\/\/arantv.az\/wp-content\/uploads\/2023\/11\/FotoJet-3-1.jpg",620,413,false]},"rttpg_author":{"display_name":"V\u00fcsal Rafiqo\u011flu","author_link":"https:\/\/arantv.az\/?author=2"},"rttpg_comment":0,"rttpg_category":"<a href=\"https:\/\/arantv.az\/?cat=19\" rel=\"category\">G\u00fcnd\u0259m<\/a>","rttpg_excerpt":"\u201cX\u0259z\u0259r d\u0259nizinin t\u0259bii qaz\u0131n\u0131n Avropaya \u00e7atd\u0131r\u0131lmas\u0131 bu qit\u0259nin enerji t\u0259hl\u00fck\u0259sizliyin\u0259 t\u00f6hf\u0259 ver\u0259c\u0259k\u201d. \u201cReport\u201dun Astanaya ezam olunan \u0259m\u0259kda\u015f\u0131 x\u0259b\u0259r verir ki, bunu T\u00fcrkiy\u0259 Prezidenti R\u0259c\u0259b Tayyib \u018frdo\u011fan noyabr\u0131n 3-d\u0259 T\u00fcrk D\u00f6vl\u0259tl\u0259ri T\u0259\u015fkilat\u0131n\u0131n \u201cT\u00fcrk \u018fsri\u201d \u00e7a\u011f\u0131r\u0131\u015f\u0131 alt\u0131nda Qazax\u0131stan\u0131n Astana \u015f\u0259h\u0259rind\u0259 ke\u00e7iril\u0259n 10-cu yubiley Zirv\u0259 g\u00f6r\u00fc\u015f\u00fcnd\u0259 \u00e7\u0131x\u0131\u015f\u0131nda deyib. O bildirib ki, \u015e\u0259rq-Q\u0259rb d\u0259hlizi inki\u015faf etdirilm\u0259lidir: \u201cBu, b\u00fct\u00fcn regionun&hellip;","_links":{"self":[{"href":"https:\/\/arantv.az\/index.php?rest_route=\/wp\/v2\/posts\/652730"}],"collection":[{"href":"https:\/\/arantv.az\/index.php?rest_route=\/wp\/v2\/posts"}],"about":[{"href":"https:\/\/arantv.az\/index.php?rest_route=\/wp\/v2\/types\/post"}],"author":[{"embeddable":true,"href":"https:\/\/arantv.az\/index.php?rest_route=\/wp\/v2\/users\/2"}],"replies":[{"embeddable":true,"href":"https:\/\/arantv.az\/index.php?rest_route=%2Fwp%2Fv2%2Fcomments&post=652730"}],"version-history":[{"count":0,"href":"https:\/\/arantv.az\/index.php?rest_route=\/wp\/v2\/posts\/652730\/revisions"}],"wp:featuredmedia":[{"embeddable":true,"href":"https:\/\/arantv.az\/index.php?rest_route=\/wp\/v2\/media\/652738"}],"wp:attachment":[{"href":"https:\/\/arantv.az\/index.php?rest_route=%2Fwp%2Fv2%2Fmedia&parent=652730"}],"wp:term":[{"taxonomy":"category","embeddable":true,"href":"https:\/\/arantv.az\/index.php?rest_route=%2Fwp%2Fv2%2Fcategories&post=652730"},{"taxonomy":"post_tag","embeddable":true,"href":"https:\/\/arantv.az\/index.php?rest_route=%2Fwp%2Fv2%2Ftags&post=652730"}],"curies":[{"name":"wp","href":"https:\/\/api.w.org\/{rel}","templated":true}]}}