{"id":652734,"date":"2023-11-03T11:55:10","date_gmt":"2023-11-03T07:55:10","guid":{"rendered":"https:\/\/arantv.az\/?p=652734"},"modified":"2023-11-03T11:55:10","modified_gmt":"2023-11-03T07:55:10","slug":"dunyasohr%c9%99tli-%c9%99ziz%c9%99-mustafazad%c9%99-ail%c9%99-arxivind%c9%99n-unikal-kadr-numayis-etdirdi-foto","status":"publish","type":"post","link":"https:\/\/arantv.az\/?p=652734","title":{"rendered":"D\u00fcnya\u015f\u00f6hr\u0259tli \u018fziz\u0259 Mustafazad\u0259 ail\u0259 arxivind\u0259n unikal kadr n\u00fcmayi\u015f etdirdi &#8211; FOTO"},"content":{"rendered":"<p>D\u00fcnyaca m\u0259\u015fhur\u00a0az\u0259rbaycanl\u0131 caz ifa\u00e7\u0131s\u0131 v\u0259 b\u0259st\u0259kar\u0131 \u018fziz\u0259 Mustafazad\u0259 \u00f6z\u00fcn\u00fcn \u201cInstagram\u201d hesab\u0131nda\u00a0unikal kadr payla\u015f\u0131b.<\/p>\n<p><strong>ARANTV.AZ<\/strong>-\u0131n m\u0259lumat\u0131na g\u00f6r\u0259, fotoda Xalq artistinin ail\u0259 \u00fczvl\u0259ri, o c\u00fcml\u0259d\u0259n atas\u0131 &#8211; \u0259fsan\u0259vi cazmen Vaqif Mustafazad\u0259\u00a0\u0259ks olunub.<\/p>\n<p>\u201c\u00c7ox g\u00f6z\u0259l foto: ana, ata v\u0259 n\u0259n\u0259m\u201d, &#8211; dey\u0259 o, payla\u015f\u0131m\u0131n\u0131 \u015f\u0259rh edib.<\/p>\n<p>B\u0259st\u0259kar daha sonra \u00f6z payla\u015f\u0131m\u0131n\u0131n r\u0259y b\u00f6lm\u0259sind\u0259 bildirib ki, \u015f\u0259kli anas\u0131 Elza xan\u0131ma g\u00f6st\u0259rib\u00a0v\u0259 o, bu \u015f\u0259kill\u0259 ba\u011fl\u0131\u00a0hadis\u0259ni d\u0259rhal xat\u0131rlay\u0131b.<\/p>\n<p>Kadrlar \u018f.Mustafazad\u0259nin p\u0259r\u0259sti\u015fkarlar\u0131 t\u0259r\u0259find\u0259n b\u00f6y\u00fck maraqla qar\u015f\u0131lan\u0131b.<\/p>\n<p>&nbsp;<\/p>\n<div class=\"gallery\">\n<div class=\"gallery-i\"><img src=\"https:\/\/cdn.oxu.az\/uploads\/W1siZiIsIjIwMjMvMTEvMDMvMTEvMDIvMzAvODY1NmM1NjgtMDQ5Yy00ZGE1LTkwNmYtMDJlN2IwN2Q3OWEyL2F6aXphbXVzdGFmYXphZGVoXzE2OTg5OTQzNjA0NzguanBlZyJdLFsicCIsImVuY29kZSIsImpwZyIsIi1xdWFsaXR5IDgwIl0sWyJwIiwidGh1bWIiLCI1OTB4NTkwXHUwMDNlIl1d?sha=737d290b431dfe60\" alt=\"\" \/><\/p>\n<div class=\"gallery-i-caption\"><\/div>\n<\/div>\n<div class=\"gallery-i\"><img src=\"https:\/\/cdn.oxu.az\/uploads\/W1siZiIsIjIwMjMvMTEvMDMvMTEvMDMvMDgvODhhOGZjOTYtN2Y5Zi00NjdlLTg1MmYtNzhhM2YwNjJlZTlhLzAyMWQxNDYwNjM2YTkyNTM5MTE1NTA2ODg3ZjhkLmpwZyJdLFsicCIsImVuY29kZSIsImpwZyIsIi1xdWFsaXR5IDgwIl0sWyJwIiwidGh1bWIiLCI1OTB4NTkwXHUwMDNlIl1d?sha=d5ec0c6a55c90638\" alt=\"\" \/><\/div>\n<\/div>\n","protected":false},"excerpt":{"rendered":"<p>D\u00fcnyaca m\u0259\u015fhur\u00a0az\u0259rbaycanl\u0131 caz ifa\u00e7\u0131s\u0131 v\u0259 b\u0259st\u0259kar\u0131 \u018fziz\u0259 Mustafazad\u0259 \u00f6z\u00fcn\u00fcn \u201cInstagram\u201d hesab\u0131nda\u00a0unikal kadr payla\u015f\u0131b. ARANTV.AZ-\u0131n m\u0259lumat\u0131na g\u00f6r\u0259, fotoda Xalq artistinin ail\u0259 \u00fczvl\u0259ri, o c\u00fcml\u0259d\u0259n atas\u0131 &#8211; \u0259fsan\u0259vi cazmen Vaqif Mustafazad\u0259\u00a0\u0259ks olunub. \u201c\u00c7ox g\u00f6z\u0259l foto: ana, ata v\u0259 n\u0259n\u0259m\u201d, &#8211; dey\u0259 o, payla\u015f\u0131m\u0131n\u0131 \u015f\u0259rh edib. B\u0259st\u0259kar daha sonra \u00f6z payla\u015f\u0131m\u0131n\u0131n r\u0259y b\u00f6lm\u0259sind\u0259 bildirib ki, \u015f\u0259kli anas\u0131 Elza xan\u0131ma g\u00f6st\u0259rib\u00a0v\u0259 o, bu \u015f\u0259kill\u0259 ba\u011fl\u0131\u00a0hadis\u0259ni d\u0259rhal xat\u0131rlay\u0131b. Kadrlar \u018f.Mustafazad\u0259nin p\u0259r\u0259sti\u015fkarlar\u0131 t\u0259r\u0259find\u0259n b\u00f6y\u00fck maraqla qar\u015f\u0131lan\u0131b. &nbsp;<\/p>\n","protected":false},"author":2,"featured_media":652735,"comment_status":"closed","ping_status":"closed","sticky":false,"template":"","format":"standard","meta":{"om_disable_all_campaigns":false,"_monsterinsights_skip_tracking":false,"_monsterinsights_sitenote_active":false,"_monsterinsights_sitenote_note":"","_monsterinsights_sitenote_category":0},"categories":[1],"tags":[],"aioseo_notices":[],"gutentor_comment":0,"rttpg_featured_image_url":{"full":["https:\/\/arantv.az\/wp-content\/uploads\/2023\/11\/aziza-mustafa-zadeh-hafiztimes.com-concert-7-e1543833226996.jpg",620,413,false],"landscape":["https:\/\/arantv.az\/wp-content\/uploads\/2023\/11\/aziza-mustafa-zadeh-hafiztimes.com-concert-7-e1543833226996.jpg",620,413,false],"portraits":["https:\/\/arantv.az\/wp-content\/uploads\/2023\/11\/aziza-mustafa-zadeh-hafiztimes.com-concert-7-e1543833226996.jpg",620,413,false],"thumbnail":["https:\/\/arantv.az\/wp-content\/uploads\/2023\/11\/aziza-mustafa-zadeh-hafiztimes.com-concert-7-e1543833226996-500x280.jpg",500,280,true],"medium":["https:\/\/arantv.az\/wp-content\/uploads\/2023\/11\/aziza-mustafa-zadeh-hafiztimes.com-concert-7-e1543833226996-548x365.jpg",548,365,true],"large":["https:\/\/arantv.az\/wp-content\/uploads\/2023\/11\/aziza-mustafa-zadeh-hafiztimes.com-concert-7-e1543833226996.jpg",620,413,false],"1536x1536":["https:\/\/arantv.az\/wp-content\/uploads\/2023\/11\/aziza-mustafa-zadeh-hafiztimes.com-concert-7-e1543833226996.jpg",620,413,false],"2048x2048":["https:\/\/arantv.az\/wp-content\/uploads\/2023\/11\/aziza-mustafa-zadeh-hafiztimes.com-concert-7-e1543833226996.jpg",620,413,false],"post-thumbnail":["https:\/\/arantv.az\/wp-content\/uploads\/2023\/11\/aziza-mustafa-zadeh-hafiztimes.com-concert-7-e1543833226996-240x172.jpg",240,172,true],"advps-thumb-one":["https:\/\/arantv.az\/wp-content\/uploads\/2023\/11\/aziza-mustafa-zadeh-hafiztimes.com-concert-7-e1543833226996.jpg",620,413,false]},"rttpg_author":{"display_name":"V\u00fcsal Rafiqo\u011flu","author_link":"https:\/\/arantv.az\/?author=2"},"rttpg_comment":0,"rttpg_category":"<a href=\"https:\/\/arantv.az\/?cat=1\" rel=\"category\">C\u0259miyy\u0259t<\/a>","rttpg_excerpt":"D\u00fcnyaca m\u0259\u015fhur\u00a0az\u0259rbaycanl\u0131 caz ifa\u00e7\u0131s\u0131 v\u0259 b\u0259st\u0259kar\u0131 \u018fziz\u0259 Mustafazad\u0259 \u00f6z\u00fcn\u00fcn \u201cInstagram\u201d hesab\u0131nda\u00a0unikal kadr payla\u015f\u0131b. ARANTV.AZ-\u0131n m\u0259lumat\u0131na g\u00f6r\u0259, fotoda Xalq artistinin ail\u0259 \u00fczvl\u0259ri, o c\u00fcml\u0259d\u0259n atas\u0131 &#8211; \u0259fsan\u0259vi cazmen Vaqif Mustafazad\u0259\u00a0\u0259ks olunub. \u201c\u00c7ox g\u00f6z\u0259l foto: ana, ata v\u0259 n\u0259n\u0259m\u201d, &#8211; dey\u0259 o, payla\u015f\u0131m\u0131n\u0131 \u015f\u0259rh edib. B\u0259st\u0259kar daha sonra \u00f6z payla\u015f\u0131m\u0131n\u0131n r\u0259y b\u00f6lm\u0259sind\u0259 bildirib ki, \u015f\u0259kli anas\u0131 Elza&hellip;","_links":{"self":[{"href":"https:\/\/arantv.az\/index.php?rest_route=\/wp\/v2\/posts\/652734"}],"collection":[{"href":"https:\/\/arantv.az\/index.php?rest_route=\/wp\/v2\/posts"}],"about":[{"href":"https:\/\/arantv.az\/index.php?rest_route=\/wp\/v2\/types\/post"}],"author":[{"embeddable":true,"href":"https:\/\/arantv.az\/index.php?rest_route=\/wp\/v2\/users\/2"}],"replies":[{"embeddable":true,"href":"https:\/\/arantv.az\/index.php?rest_route=%2Fwp%2Fv2%2Fcomments&post=652734"}],"version-history":[{"count":0,"href":"https:\/\/arantv.az\/index.php?rest_route=\/wp\/v2\/posts\/652734\/revisions"}],"wp:featuredmedia":[{"embeddable":true,"href":"https:\/\/arantv.az\/index.php?rest_route=\/wp\/v2\/media\/652735"}],"wp:attachment":[{"href":"https:\/\/arantv.az\/index.php?rest_route=%2Fwp%2Fv2%2Fmedia&parent=652734"}],"wp:term":[{"taxonomy":"category","embeddable":true,"href":"https:\/\/arantv.az\/index.php?rest_route=%2Fwp%2Fv2%2Fcategories&post=652734"},{"taxonomy":"post_tag","embeddable":true,"href":"https:\/\/arantv.az\/index.php?rest_route=%2Fwp%2Fv2%2Ftags&post=652734"}],"curies":[{"name":"wp","href":"https:\/\/api.w.org\/{rel}","templated":true}]}}