{"id":652749,"date":"2023-11-03T12:15:40","date_gmt":"2023-11-03T08:15:40","guid":{"rendered":"https:\/\/arantv.az\/?p=652749"},"modified":"2023-11-03T12:15:40","modified_gmt":"2023-11-03T08:15:40","slug":"macaristanin-bas-naziri-az%c9%99rbaycan-prezidentin%c9%99-t%c9%99s%c9%99kkur-edib","status":"publish","type":"post","link":"https:\/\/arantv.az\/?p=652749","title":{"rendered":"Macar\u0131stan\u0131n ba\u015f naziri Az\u0259rbaycan Prezidentin\u0259 t\u0259\u015f\u0259kk\u00fcr edib"},"content":{"rendered":"<p>\u201cAz\u0259rbaycan Prezidenti\u00a0<strong>\u0130lham \u018fliyev\u0259<\/strong>\u00a0regionun sabitl\u0259\u015fm\u0259sin\u0259 verdiyi t\u00f6hf\u0259l\u0259r\u0259 g\u00f6r\u0259 t\u0259\u015f\u0259kk\u00fcr\u00fcm\u00fc bildirir\u0259m\u201d.<\/p>\n<p>\u201cReport\u201dun Astanaya ezam olunan \u0259m\u0259kda\u015f\u0131 x\u0259b\u0259r verir ki, bunu Macar\u0131stan\u0131n Ba\u015f naziri Viktor Orban noyabr\u0131n 3-d\u0259 Astanada ke\u00e7iril\u0259n T\u00fcrk D\u00f6vl\u0259tl\u0259ri T\u0259\u015fkilat\u0131n\u0131n (TDT) 10-cu yubiley Zirv\u0259 g\u00f6r\u00fc\u015f\u00fcn\u00fcn a\u00e7\u0131l\u0131\u015f\u0131nda \u00e7\u0131x\u0131\u015f\u0131 zaman\u0131 deyib.<\/p>\n<p>O, h\u0259m\u00e7inin, Az\u0259rbaycan liderin\u0259 Qaraba\u011f regionunun b\u0259rpa olunmas\u0131 istiqam\u0259tind\u0259 h\u0259yata ke\u00e7iril\u0259n i\u015fl\u0259r\u0259 g\u00f6r\u0259 t\u0259\u015f\u0259kk\u00fcr\u00fcn\u00fc bildirib.<\/p>\n<p>V.Orban vur\u011fulay\u0131b ki, qlobal iqtisadiyyat son ill\u0259rd\u0259 iki d\u0259f\u0259 \u00e7\u00f6k\u00fcb, Avropada enerji da\u015f\u0131y\u0131c\u0131lar\u0131n\u0131n qiym\u0259tl\u0259ri d\u0259f\u0259l\u0259rl\u0259 qalx\u0131b:<\/p>\n<p>\u201cGerid\u0259 qalan \u00e7a\u011f\u0131r\u0131\u015flar bizim qar\u015f\u0131m\u0131zda iki yol qoyur &#8211; ya iqtisadiyyatlar izolyasiya olunmal\u0131d\u0131r, ya \u0259m\u0259kda\u015fl\u0131\u011f\u0131 daha da geni\u015fl\u0259ndirm\u0259liyik. Son zamanlar m\u0259hz izolyasiya olunmu\u015f iqtisadiyyatlar, blok qoyulma il\u0259 ba\u011fl\u0131 meyill\u0259rin \u015fahidi oluruq. Lakin Macar\u0131stan \u0259m\u0259kda\u015fl\u0131\u011f\u0131n geni\u015fl\u0259ndirilm\u0259sinin t\u0259r\u0259fdar\u0131d\u0131r\u201d.<\/p>\n","protected":false},"excerpt":{"rendered":"<p>\u201cAz\u0259rbaycan Prezidenti\u00a0\u0130lham \u018fliyev\u0259\u00a0regionun sabitl\u0259\u015fm\u0259sin\u0259 verdiyi t\u00f6hf\u0259l\u0259r\u0259 g\u00f6r\u0259 t\u0259\u015f\u0259kk\u00fcr\u00fcm\u00fc bildirir\u0259m\u201d. \u201cReport\u201dun Astanaya ezam olunan \u0259m\u0259kda\u015f\u0131 x\u0259b\u0259r verir ki, bunu Macar\u0131stan\u0131n Ba\u015f naziri Viktor Orban noyabr\u0131n 3-d\u0259 Astanada ke\u00e7iril\u0259n T\u00fcrk D\u00f6vl\u0259tl\u0259ri T\u0259\u015fkilat\u0131n\u0131n (TDT) 10-cu yubiley Zirv\u0259 g\u00f6r\u00fc\u015f\u00fcn\u00fcn a\u00e7\u0131l\u0131\u015f\u0131nda \u00e7\u0131x\u0131\u015f\u0131 zaman\u0131 deyib. O, h\u0259m\u00e7inin, Az\u0259rbaycan liderin\u0259 Qaraba\u011f regionunun b\u0259rpa olunmas\u0131 istiqam\u0259tind\u0259 h\u0259yata ke\u00e7iril\u0259n i\u015fl\u0259r\u0259 g\u00f6r\u0259 t\u0259\u015f\u0259kk\u00fcr\u00fcn\u00fc bildirib. V.Orban vur\u011fulay\u0131b ki, qlobal iqtisadiyyat son ill\u0259rd\u0259 iki d\u0259f\u0259 \u00e7\u00f6k\u00fcb, Avropada enerji da\u015f\u0131y\u0131c\u0131lar\u0131n\u0131n qiym\u0259tl\u0259ri d\u0259f\u0259l\u0259rl\u0259 qalx\u0131b: \u201cGerid\u0259 qalan \u00e7a\u011f\u0131r\u0131\u015flar bizim qar\u015f\u0131m\u0131zda iki yol qoyur &#8211; ya iqtisadiyyatlar izolyasiya olunmal\u0131d\u0131r, ya \u0259m\u0259kda\u015fl\u0131\u011f\u0131 daha da geni\u015fl\u0259ndirm\u0259liyik. Son zamanlar&hellip;<\/p>\n","protected":false},"author":2,"featured_media":652751,"comment_status":"closed","ping_status":"closed","sticky":false,"template":"","format":"standard","meta":{"om_disable_all_campaigns":false,"_monsterinsights_skip_tracking":false,"_monsterinsights_sitenote_active":false,"_monsterinsights_sitenote_note":"","_monsterinsights_sitenote_category":0},"categories":[4],"tags":[],"aioseo_notices":[],"gutentor_comment":0,"rttpg_featured_image_url":{"full":["https:\/\/arantv.az\/wp-content\/uploads\/2023\/11\/FotoJet-2023-01-30T222301.124.jpg",620,413,false],"landscape":["https:\/\/arantv.az\/wp-content\/uploads\/2023\/11\/FotoJet-2023-01-30T222301.124.jpg",620,413,false],"portraits":["https:\/\/arantv.az\/wp-content\/uploads\/2023\/11\/FotoJet-2023-01-30T222301.124.jpg",620,413,false],"thumbnail":["https:\/\/arantv.az\/wp-content\/uploads\/2023\/11\/FotoJet-2023-01-30T222301.124-500x280.jpg",500,280,true],"medium":["https:\/\/arantv.az\/wp-content\/uploads\/2023\/11\/FotoJet-2023-01-30T222301.124-548x365.jpg",548,365,true],"large":["https:\/\/arantv.az\/wp-content\/uploads\/2023\/11\/FotoJet-2023-01-30T222301.124.jpg",620,413,false],"1536x1536":["https:\/\/arantv.az\/wp-content\/uploads\/2023\/11\/FotoJet-2023-01-30T222301.124.jpg",620,413,false],"2048x2048":["https:\/\/arantv.az\/wp-content\/uploads\/2023\/11\/FotoJet-2023-01-30T222301.124.jpg",620,413,false],"post-thumbnail":["https:\/\/arantv.az\/wp-content\/uploads\/2023\/11\/FotoJet-2023-01-30T222301.124-240x172.jpg",240,172,true],"advps-thumb-one":["https:\/\/arantv.az\/wp-content\/uploads\/2023\/11\/FotoJet-2023-01-30T222301.124.jpg",620,413,false]},"rttpg_author":{"display_name":"V\u00fcsal Rafiqo\u011flu","author_link":"https:\/\/arantv.az\/?author=2"},"rttpg_comment":0,"rttpg_category":"<a href=\"https:\/\/arantv.az\/?cat=4\" rel=\"category\">Siyas\u0259t<\/a>","rttpg_excerpt":"\u201cAz\u0259rbaycan Prezidenti\u00a0\u0130lham \u018fliyev\u0259\u00a0regionun sabitl\u0259\u015fm\u0259sin\u0259 verdiyi t\u00f6hf\u0259l\u0259r\u0259 g\u00f6r\u0259 t\u0259\u015f\u0259kk\u00fcr\u00fcm\u00fc bildirir\u0259m\u201d. \u201cReport\u201dun Astanaya ezam olunan \u0259m\u0259kda\u015f\u0131 x\u0259b\u0259r verir ki, bunu Macar\u0131stan\u0131n Ba\u015f naziri Viktor Orban noyabr\u0131n 3-d\u0259 Astanada ke\u00e7iril\u0259n T\u00fcrk D\u00f6vl\u0259tl\u0259ri T\u0259\u015fkilat\u0131n\u0131n (TDT) 10-cu yubiley Zirv\u0259 g\u00f6r\u00fc\u015f\u00fcn\u00fcn a\u00e7\u0131l\u0131\u015f\u0131nda \u00e7\u0131x\u0131\u015f\u0131 zaman\u0131 deyib. O, h\u0259m\u00e7inin, Az\u0259rbaycan liderin\u0259 Qaraba\u011f regionunun b\u0259rpa olunmas\u0131 istiqam\u0259tind\u0259 h\u0259yata ke\u00e7iril\u0259n i\u015fl\u0259r\u0259 g\u00f6r\u0259 t\u0259\u015f\u0259kk\u00fcr\u00fcn\u00fc bildirib. V.Orban&hellip;","_links":{"self":[{"href":"https:\/\/arantv.az\/index.php?rest_route=\/wp\/v2\/posts\/652749"}],"collection":[{"href":"https:\/\/arantv.az\/index.php?rest_route=\/wp\/v2\/posts"}],"about":[{"href":"https:\/\/arantv.az\/index.php?rest_route=\/wp\/v2\/types\/post"}],"author":[{"embeddable":true,"href":"https:\/\/arantv.az\/index.php?rest_route=\/wp\/v2\/users\/2"}],"replies":[{"embeddable":true,"href":"https:\/\/arantv.az\/index.php?rest_route=%2Fwp%2Fv2%2Fcomments&post=652749"}],"version-history":[{"count":0,"href":"https:\/\/arantv.az\/index.php?rest_route=\/wp\/v2\/posts\/652749\/revisions"}],"wp:featuredmedia":[{"embeddable":true,"href":"https:\/\/arantv.az\/index.php?rest_route=\/wp\/v2\/media\/652751"}],"wp:attachment":[{"href":"https:\/\/arantv.az\/index.php?rest_route=%2Fwp%2Fv2%2Fmedia&parent=652749"}],"wp:term":[{"taxonomy":"category","embeddable":true,"href":"https:\/\/arantv.az\/index.php?rest_route=%2Fwp%2Fv2%2Fcategories&post=652749"},{"taxonomy":"post_tag","embeddable":true,"href":"https:\/\/arantv.az\/index.php?rest_route=%2Fwp%2Fv2%2Ftags&post=652749"}],"curies":[{"name":"wp","href":"https:\/\/api.w.org\/{rel}","templated":true}]}}