{"id":652766,"date":"2023-11-03T13:18:52","date_gmt":"2023-11-03T09:18:52","guid":{"rendered":"https:\/\/arantv.az\/?p=652766"},"modified":"2023-11-03T13:18:52","modified_gmt":"2023-11-03T09:18:52","slug":"ararat-mirzoyan-ir%c9%99vanla-baki-arasinda-t%c9%99klif-mubadil%c9%99sinin-altinci-raundu-davam-edir","status":"publish","type":"post","link":"https:\/\/arantv.az\/?p=652766","title":{"rendered":"Ararat Mirzoyan: \u201c\u0130r\u0259vanla Bak\u0131 aras\u0131nda t\u0259klif m\u00fcbadil\u0259sinin alt\u0131nc\u0131 raundu davam edir\u201d"},"content":{"rendered":"<p>\u201cErm\u0259nistan v\u0259 Az\u0259rbaycan s\u00fclh m\u00fcqavil\u0259si ba\u011flamaq \u00fc\u00e7\u00fcn t\u0259klif m\u00fcbadil\u0259sinin alt\u0131nc\u0131 raundunu ke\u00e7irirl\u0259r\u201d.<\/p>\n<p>Bunu Erm\u0259nistan\u0131n xarici i\u015fl\u0259r naziri Ararat Mirzoyan Milli Assambleyan\u0131n 2024-c\u00fc il d\u00f6vl\u0259t b\u00fcdc\u0259si layih\u0259si \u00fczr\u0259 daimi komissiyalar\u0131n\u0131n iclas\u0131nda deyib.<\/p>\n<p>Mirzoyan qeyd edib ki, \u0130r\u0259van\u0131n s\u00fclh g\u00fcnd\u0259liyinin h\u0259yata ke\u00e7irilm\u0259si istiqam\u0259tind\u0259 kursu davam edir. O qeyd edib ki, Erm\u0259nistan Qranadada s\u00fclh g\u00fcnd\u0259liyinin h\u0259yata ke\u00e7irilm\u0259si istiqam\u0259tind\u0259 b\u00f6y\u00fck add\u0131m atma\u011f\u0131n m\u00fcmk\u00fcn olaca\u011f\u0131na \u00fcmid edir.<\/p>\n<p>\u201cQranadada b\u0259yannam\u0259 imzalan\u0131b v\u0259 bu, faktiki olaraq Az\u0259rbaycanla g\u0259l\u0259c\u0259k s\u00fclh m\u00fcqavil\u0259si \u00fc\u00e7\u00fcn \u0259sasd\u0131r\u201d, &#8211; dey\u0259 Erm\u0259nistan\u0131n X\u0130N r\u0259hb\u0259ri bildirib.<\/p>\n<p>O xat\u0131rlad\u0131b ki, bu sazi\u015fin birinci prinsipi t\u0259r\u0259fl\u0259rin \u0259razi b\u00fct\u00f6vl\u00fcy\u00fcn\u00fcn qar\u015f\u0131l\u0131ql\u0131 tan\u0131nmas\u0131na aiddir:<\/p>\n<p>\u201cErm\u0259nistan bu m\u0259s\u0259l\u0259d\u0259 maksimum konkretliyi t\u0259min etm\u0259k ist\u0259yir, ona g\u00f6r\u0259 d\u0259 iki \u00f6lk\u0259nin \u0259razil\u0259ri il\u0259 ba\u011fl\u0131 konkret r\u0259q\u0259ml\u0259r g\u0259tirilir. Sazi\u015fin ikinci prinsipi iki \u00f6lk\u0259nin s\u0259rh\u0259dl\u0259rinin delimitasiyas\u0131 v\u0259 demarkasiyas\u0131 il\u0259 ba\u011fl\u0131d\u0131r. Proses sovet d\u00f6vr\u00fcn\u00fcn \u0259n son v\u0259 qanuni x\u0259rit\u0259l\u0259ri \u0259sas\u0131nda apar\u0131lmal\u0131d\u0131r. Bu x\u0259rit\u0259l\u0259r 1974-1978-ci ill\u0259rd\u0259 t\u0259rtib edilib. \u018fsas\u0259n, delimitasiya SSR\u0130-nin s\u00fcqutu zaman\u0131 m\u00f6vcud olan s\u0259rh\u0259dl\u0259r \u0259sas\u0131nda apar\u0131lmal\u0131d\u0131r\u201d.<\/p>\n<p>Mirzoyan\u0131n s\u00f6zl\u0259rin\u0259 g\u00f6r\u0259, bu yana\u015fma beyn\u0259lxalq ictimaiyy\u0259t t\u0259r\u0259find\u0259n anlay\u0131\u015fla qar\u015f\u0131lan\u0131r v\u0259 o, Az\u0259rbaycan t\u0259r\u0259finin d\u0259 bunu ba\u015fa d\u00fc\u015fd\u00fcy\u00fcn\u00fc t\u0259xmin etm\u0259y\u0259 c\u00fcr\u0259t edir.<\/p>\n<p>\u00dc\u00e7\u00fcnc\u00fc prinsip regional kommunikasiyalar\u0131n bloklanmas\u0131na aiddir. Xarici i\u015fl\u0259r naziri bir daha qeyd edib ki, Erm\u0259nistan n\u0259inki blokun a\u00e7\u0131lmas\u0131n\u0131n lehin\u0259dir, h\u0259m d\u0259 \u00f6z\u00fcn\u00fc bu kommunikasiyalar\u0131n a\u00e7\u0131lmas\u0131n\u0131n \u0259sas benefisiarlar\u0131ndan biri hesab edir.<\/p>\n<p>\u0130r\u0259van\u0131n yana\u015fmas\u0131 is\u0259 d\u0259yi\u015fm\u0259z olaraq qal\u0131r: b\u00fct\u00fcn kommunikasiyalar \u0259razisind\u0259n ke\u00e7diyi \u00f6lk\u0259l\u0259rin yurisdiksiyas\u0131nda, b\u0259rab\u0259rlik v\u0259 qar\u015f\u0131l\u0131ql\u0131 \u0259sasda f\u0259aliyy\u0259t g\u00f6st\u0259rm\u0259lidir.<\/p>\n<p>Bundan \u0259vv\u0259l Erm\u0259nistan\u0131n ba\u015f naziri Nikol Pa\u015finyan bildirib ki, s\u00fclh m\u00fcqavil\u0259sinin haz\u0131rlanmas\u0131 \u00e7\u0259r\u00e7iv\u0259sind\u0259 \u0130r\u0259van v\u0259 Bak\u0131 \u00fc\u00e7 \u0259sas prinsip \u00fczr\u0259 raz\u0131l\u0131\u011fa g\u0259libl\u0259r.<\/p>\n<p>M\u0259nb\u0259: Sputnik Erm\u0259nistan<\/p>\n","protected":false},"excerpt":{"rendered":"<p>\u201cErm\u0259nistan v\u0259 Az\u0259rbaycan s\u00fclh m\u00fcqavil\u0259si ba\u011flamaq \u00fc\u00e7\u00fcn t\u0259klif m\u00fcbadil\u0259sinin alt\u0131nc\u0131 raundunu ke\u00e7irirl\u0259r\u201d. Bunu Erm\u0259nistan\u0131n xarici i\u015fl\u0259r naziri Ararat Mirzoyan Milli Assambleyan\u0131n 2024-c\u00fc il d\u00f6vl\u0259t b\u00fcdc\u0259si layih\u0259si \u00fczr\u0259 daimi komissiyalar\u0131n\u0131n iclas\u0131nda deyib. Mirzoyan qeyd edib ki, \u0130r\u0259van\u0131n s\u00fclh g\u00fcnd\u0259liyinin h\u0259yata ke\u00e7irilm\u0259si istiqam\u0259tind\u0259 kursu davam edir. O qeyd edib ki, Erm\u0259nistan Qranadada s\u00fclh g\u00fcnd\u0259liyinin h\u0259yata ke\u00e7irilm\u0259si istiqam\u0259tind\u0259 b\u00f6y\u00fck add\u0131m atma\u011f\u0131n m\u00fcmk\u00fcn olaca\u011f\u0131na \u00fcmid edir. \u201cQranadada b\u0259yannam\u0259 imzalan\u0131b v\u0259 bu, faktiki olaraq Az\u0259rbaycanla g\u0259l\u0259c\u0259k s\u00fclh m\u00fcqavil\u0259si \u00fc\u00e7\u00fcn \u0259sasd\u0131r\u201d, &#8211; dey\u0259 Erm\u0259nistan\u0131n X\u0130N r\u0259hb\u0259ri bildirib. O xat\u0131rlad\u0131b ki, bu sazi\u015fin birinci prinsipi t\u0259r\u0259fl\u0259rin \u0259razi&hellip;<\/p>\n","protected":false},"author":2,"featured_media":652768,"comment_status":"closed","ping_status":"closed","sticky":false,"template":"","format":"standard","meta":{"om_disable_all_campaigns":false,"_monsterinsights_skip_tracking":false,"_monsterinsights_sitenote_active":false,"_monsterinsights_sitenote_note":"","_monsterinsights_sitenote_category":0},"categories":[4],"tags":[],"aioseo_notices":[],"gutentor_comment":0,"rttpg_featured_image_url":{"full":["https:\/\/arantv.az\/wp-content\/uploads\/2023\/11\/396369389_312100914937262_4223880833391153461_n.jpg",620,413,false],"landscape":["https:\/\/arantv.az\/wp-content\/uploads\/2023\/11\/396369389_312100914937262_4223880833391153461_n.jpg",620,413,false],"portraits":["https:\/\/arantv.az\/wp-content\/uploads\/2023\/11\/396369389_312100914937262_4223880833391153461_n.jpg",620,413,false],"thumbnail":["https:\/\/arantv.az\/wp-content\/uploads\/2023\/11\/396369389_312100914937262_4223880833391153461_n-500x280.jpg",500,280,true],"medium":["https:\/\/arantv.az\/wp-content\/uploads\/2023\/11\/396369389_312100914937262_4223880833391153461_n-548x365.jpg",548,365,true],"large":["https:\/\/arantv.az\/wp-content\/uploads\/2023\/11\/396369389_312100914937262_4223880833391153461_n.jpg",620,413,false],"1536x1536":["https:\/\/arantv.az\/wp-content\/uploads\/2023\/11\/396369389_312100914937262_4223880833391153461_n.jpg",620,413,false],"2048x2048":["https:\/\/arantv.az\/wp-content\/uploads\/2023\/11\/396369389_312100914937262_4223880833391153461_n.jpg",620,413,false],"post-thumbnail":["https:\/\/arantv.az\/wp-content\/uploads\/2023\/11\/396369389_312100914937262_4223880833391153461_n-240x172.jpg",240,172,true],"advps-thumb-one":["https:\/\/arantv.az\/wp-content\/uploads\/2023\/11\/396369389_312100914937262_4223880833391153461_n.jpg",620,413,false]},"rttpg_author":{"display_name":"V\u00fcsal Rafiqo\u011flu","author_link":"https:\/\/arantv.az\/?author=2"},"rttpg_comment":0,"rttpg_category":"<a href=\"https:\/\/arantv.az\/?cat=4\" rel=\"category\">Siyas\u0259t<\/a>","rttpg_excerpt":"\u201cErm\u0259nistan v\u0259 Az\u0259rbaycan s\u00fclh m\u00fcqavil\u0259si ba\u011flamaq \u00fc\u00e7\u00fcn t\u0259klif m\u00fcbadil\u0259sinin alt\u0131nc\u0131 raundunu ke\u00e7irirl\u0259r\u201d. Bunu Erm\u0259nistan\u0131n xarici i\u015fl\u0259r naziri Ararat Mirzoyan Milli Assambleyan\u0131n 2024-c\u00fc il d\u00f6vl\u0259t b\u00fcdc\u0259si layih\u0259si \u00fczr\u0259 daimi komissiyalar\u0131n\u0131n iclas\u0131nda deyib. Mirzoyan qeyd edib ki, \u0130r\u0259van\u0131n s\u00fclh g\u00fcnd\u0259liyinin h\u0259yata ke\u00e7irilm\u0259si istiqam\u0259tind\u0259 kursu davam edir. O qeyd edib ki, Erm\u0259nistan Qranadada s\u00fclh g\u00fcnd\u0259liyinin h\u0259yata ke\u00e7irilm\u0259si istiqam\u0259tind\u0259&hellip;","_links":{"self":[{"href":"https:\/\/arantv.az\/index.php?rest_route=\/wp\/v2\/posts\/652766"}],"collection":[{"href":"https:\/\/arantv.az\/index.php?rest_route=\/wp\/v2\/posts"}],"about":[{"href":"https:\/\/arantv.az\/index.php?rest_route=\/wp\/v2\/types\/post"}],"author":[{"embeddable":true,"href":"https:\/\/arantv.az\/index.php?rest_route=\/wp\/v2\/users\/2"}],"replies":[{"embeddable":true,"href":"https:\/\/arantv.az\/index.php?rest_route=%2Fwp%2Fv2%2Fcomments&post=652766"}],"version-history":[{"count":0,"href":"https:\/\/arantv.az\/index.php?rest_route=\/wp\/v2\/posts\/652766\/revisions"}],"wp:featuredmedia":[{"embeddable":true,"href":"https:\/\/arantv.az\/index.php?rest_route=\/wp\/v2\/media\/652768"}],"wp:attachment":[{"href":"https:\/\/arantv.az\/index.php?rest_route=%2Fwp%2Fv2%2Fmedia&parent=652766"}],"wp:term":[{"taxonomy":"category","embeddable":true,"href":"https:\/\/arantv.az\/index.php?rest_route=%2Fwp%2Fv2%2Fcategories&post=652766"},{"taxonomy":"post_tag","embeddable":true,"href":"https:\/\/arantv.az\/index.php?rest_route=%2Fwp%2Fv2%2Ftags&post=652766"}],"curies":[{"name":"wp","href":"https:\/\/api.w.org\/{rel}","templated":true}]}}