{"id":652887,"date":"2023-11-04T09:19:09","date_gmt":"2023-11-04T05:19:09","guid":{"rendered":"https:\/\/arantv.az\/?p=652887"},"modified":"2023-11-04T09:19:09","modified_gmt":"2023-11-04T05:19:09","slug":"astana-zirv%c9%99si-tdt-qlobal-gucl%c9%99rin-r%c9%99qab%c9%99tind%c9%99-hansi-movqeni-secir-t%c9%99hlil","status":"publish","type":"post","link":"https:\/\/arantv.az\/?p=652887","title":{"rendered":"Astana Zirv\u0259si: TDT qlobal g\u00fccl\u0259rin r\u0259qab\u0259tind\u0259 hans\u0131 m\u00f6vqeni se\u00e7ir? &#8211; T\u018fHL\u0130L"},"content":{"rendered":"<p>T\u00fcrk D\u00f6vl\u0259tl\u0259ri T\u0259\u015fkilat\u0131n\u0131n (TDT) Astanada 10-cu yubiley Zirv\u0259 g\u00f6r\u00fc\u015f\u00fc ke\u00e7irildi, Az\u0259rbaycan Prezidenti\u00a0<strong>\u0130lham \u018fliyev<\/strong>\u00a0d\u0259 t\u0259dbird\u0259 i\u015ftirak etdi.<\/p>\n<p>TDT-nin Zirv\u0259 g\u00f6r\u00fc\u015f\u00fcn\u00fcn \u201cT\u00fcrk \u0259sri\u201d \u00e7a\u011f\u0131r\u0131\u015f\u0131 alt\u0131nda ke\u00e7irilm\u0259si diqq\u0259t \u00e7\u0259kir, y\u0259qin ki, t\u0259\u015fkilat g\u0259l\u0259c\u0259k \u00fc\u00e7\u00fcn vizyona t\u00fcrk d\u00fcnyas\u0131n\u0131n birl\u0259\u015fmi\u015f ilm\u0259l\u0259rini g\u0259tirm\u0259kd\u0259n \u00f6tr\u00fc s\u0259yl\u0259rini t\u0259kmill\u0259\u015fdir\u0259c\u0259k.<\/p>\n<p>TDT qlobal m\u0259kanda h\u00f6kmran ideologiyalara alternativ yaratmaq \u00fc\u00e7\u00fcn \u00e7al\u0131\u015f\u0131r. Bunu t\u0259dbirin ad\u0131ndan tutmu\u015f, t\u0259\u015fkilat\u0131n missiyas\u0131na q\u0259d\u0259r geni\u015fspektrli planlarda g\u00f6rm\u0259k el\u0259 d\u0259 \u00e7\u0259tin deyil.<\/p>\n<p>Alternativ ideoloji x\u0259tt TDT-nin alternativ g\u00fcc olmaq yolundak\u0131 t\u0259m\u0259lini t\u0259\u015fkil edir, y\u0259ni bazisdir. \u0130qtisadiyyat, enerji sah\u0259sind\u0259ki \u0259m\u0259kda\u015fl\u0131q, t\u0259hl\u00fck\u0259sizlik m\u00fchitind\u0259ki vahid meyarlar\u0131n formala\u015fd\u0131r\u0131lmas\u0131 is\u0259 bazan\u0131n \u00fcz\u0259rind\u0259 in\u015fa edilir.<\/p>\n<p>\u0130n\u015fa edil\u0259n s\u00fctunlar TDT-y\u0259 beyn\u0259lxalq s\u0259viyy\u0259li \u00e7\u0259ki qazand\u0131r\u0131r. Astana Zirv\u0259si TDT-nin perspektiv qlobal layih\u0259l\u0259ndirm\u0259l\u0259rd\u0259 uy\u011fun m\u00f6vqed\u0259 q\u0259rarla\u015fmas\u0131 \u00fc\u00e7\u00fcn d\u00fcsturlar\u0131n yoxlan\u0131lmas\u0131 bax\u0131m\u0131ndan \u0259h\u0259miyy\u0259tli idi.<\/p>\n<p>N\u0259z\u0259rd\u0259 saxlamaq laz\u0131md\u0131r ki, TDT regional m\u00fcnaqi\u015f\u0259l\u0259r v\u0259 b\u00f6y\u00fck g\u00fccl\u0259r aras\u0131nda \u015fidd\u0259tl\u0259n\u0259n qlobal hibrid m\u00fcharib\u0259l\u0259r\u0259 baxmayaraq, \u00f6z\u00fcn\u00fcn portfelini geni\u015fl\u0259ndirir. Rusiya-Ukrayna m\u00fcharib\u0259sinin davam etdiyi vaxtda Yax\u0131n \u015e\u0259rq c\u0259bh\u0259sind\u0259 \u0130srail-F\u0259l\u0259stin h\u0259rbi toqqu\u015fmalar\u0131n\u0131n s\u0259hn\u0259y\u0259 \u00e7\u0131xmas\u0131 TDT-nin tempini qorumaq \u00fc\u00e7\u00fcn \u00e7a\u011f\u0131r\u0131\u015flard\u0131r.<\/p>\n<p>TDT indi el\u0259 etm\u0259lidir ki, \u0259vv\u0259lki ill\u0259rd\u0259 oldu\u011fu kimi, m\u00f6vcud m\u00fcnaqi\u015f\u0259l\u0259r v\u0259 onun do\u011furaca\u011f\u0131 perspektiv m\u00fcharib\u0259l\u0259r t\u0259\u015fkilat\u0131n b\u00f6y\u00fcm\u0259k imkanlar\u0131n\u0131 m\u0259hdudla\u015fd\u0131rmas\u0131n.<\/p>\n<p>Prezident \u0130lham \u018fliyevin \u00e7\u0131x\u0131\u015f\u0131 zaman\u0131 h\u0259min \u015ftrixl\u0259ri g\u00fcnd\u0259m\u0259 g\u0259tirdi v\u0259 bel\u0259 dem\u0259k m\u00fcmk\u00fcns\u0259, TDT-ni m\u00fcdafi\u0259 sah\u0259sind\u0259 s\u0131x \u0259m\u0259kda\u015fl\u0131\u011fa s\u0259sl\u0259di.<\/p>\n<p>\u0130lham \u018fliyevd\u0259n sitat:<\/p>\n<p>\u201c\u018ffsuslar olsun ki, bu g\u00fcn d\u00fcnyan\u0131n m\u00fcxt\u0259lif b\u00f6lg\u0259l\u0259rind\u0259 beyn\u0259lxalq h\u00fcquq normalar\u0131 kobudcas\u0131na pozulur. M\u00fcharib\u0259l\u0259r, qanl\u0131 m\u00fcnaqi\u015f\u0259l\u0259r alovlan\u0131r. Bel\u0259 olan halda, ilk n\u00f6vb\u0259d\u0259, \u00f6lk\u0259l\u0259rin m\u00fcdafi\u0259 potensial\u0131 t\u0259hl\u00fck\u0259sizliyin \u0259sas z\u0259man\u0259tin\u0259 \u00e7evrilir. Hesab edir\u0259m ki, \u00fczv \u00f6lk\u0259l\u0259r aras\u0131nda t\u0259hl\u00fck\u0259sizlik, m\u00fcdafi\u0259, m\u00fcdafi\u0259 s\u0259nayesi kimi sah\u0259l\u0259rd\u0259 \u0259m\u0259kda\u015fl\u0131q daha da artmal\u0131d\u0131r\u201d.<\/p>\n<p>TDT-nin narrativl\u0259ri onun Q\u0259rb, Rusiya v\u0259 \u00c7in aras\u0131nda geni\u015f manera sah\u0259sini qazanmas\u0131na g\u0259tirib \u00e7\u0131xar\u0131r.<\/p>\n<p>\u0130qtisadi layih\u0259l\u0259rd\u0259 \u00c7in, t\u0259hl\u00fck\u0259sizlik sah\u0259sind\u0259 is\u0259 Q\u0259rb v\u0259 Rusiya il\u0259 \u0259m\u0259kda\u015fl\u0131q doktrinas\u0131n\u0131n haz\u0131rlanmas\u0131 z\u0259rur\u0259tl\u0259ri var. M\u0259s\u0259l\u0259 bir az da ayd\u0131n olsun dey\u0259 onu a\u00e7ma\u011fa \u00e7al\u0131\u015faq.<\/p>\n<p>TDT M\u0259rk\u0259zi Asiya il\u0259 C\u0259nubi Qafqaz aras\u0131ndak\u0131 ba\u011flant\u0131lar\u0131 t\u0259min ed\u0259n qiym\u0259tli bir t\u0259\u015fkilat statusu qazan\u0131r. H\u0259r \u00fc\u00e7 g\u00fcc\u00fcn &#8211; Q\u0259rb, \u00c7in v\u0259 Rusiyan\u0131n &#8211; M\u0259rk\u0259zi Asiya v\u0259 C\u0259nubi Qafqazdak\u0131 maraqlar\u0131 paralel \u015f\u0259kild\u0259 b\u00f6y\u00fcy\u00fcr.<\/p>\n<p>\u00c7in \u00fc\u00e7\u00fcn Transx\u0259z\u0259r Beyn\u0259lxalq N\u0259qliyyat Mar\u015frutunun (Orta D\u0259hliz), Rusiyadan \u00f6tr\u00fc M\u0259rk\u0259zi Asiyada h\u00f6kmran olmaq prosedurlar\u0131n\u0131n inki\u015faf\u0131, Q\u0259rbd\u0259 is\u0259 h\u0259r iki region \u00fczr\u0259 t\u0259hl\u00fck\u0259sizlik platformas\u0131 t\u0259sis etm\u0259k c\u0259hdl\u0259ri masadad\u0131r.<\/p>\n<p>Rusiya M\u0259rk\u0259zi Asiya v\u0259 C\u0259nubi Qafqazda yax\u015f\u0131 yerd\u0259dir, amma Q\u0259rb onu qlobal enerji layih\u0259l\u0259rini inki\u015faf etdirm\u0259kl\u0259 bo\u011fma\u011fa \u00e7al\u0131\u015f\u0131r. \u00c7in is\u0259 iki g\u00fcc\u00fcn bir-birin\u0259 qar\u015f\u0131 m\u00fcbariz\u0259sind\u0259n b\u0259hr\u0259l\u0259nib regional bo\u015fluqlara m\u0259har\u0259tl\u0259 daxil olur.<\/p>\n<p>TDT liderl\u0259rinin qapal\u0131 toplant\u0131lardak\u0131 qlobal m\u0259s\u0259l\u0259l\u0259r \u00fczr\u0259 m\u00fczakir\u0259 predmetinin r\u0259ngi qeyd edil\u0259nl\u0259r fonunda a\u00e7\u0131la bil\u0259r.<\/p>\n<p>TDT-d\u0259 \u0259sas obrazlar Az\u0259rbaycan, T\u00fcrkiy\u0259 v\u0259 Qazax\u0131stand\u0131r, ona g\u00f6r\u0259 d\u0259 \u0259sas y\u00fck bu \u00fc\u00e7 \u00f6lk\u0259nin \u00fcz\u0259rin\u0259 d\u00fc\u015f\u0259c\u0259k.<\/p>\n<p>Macar\u0131stan m\u00fc\u015fahid\u0259\u00e7i kimi TDT-nin Avropadak\u0131 n\u00fcfuzunu t\u0259min etm\u0259k \u00e7a\u011f\u0131r\u0131\u015f\u0131n\u0131 icra ed\u0259c\u0259k. Dig\u0259r m\u00fc\u015fahid\u0259\u00e7i T\u00fcrkm\u0259nistan\u0131n is\u0259 enerji layih\u0259ndirilm\u0259sind\u0259ki rolunu y\u00fcks\u0259ltm\u0259k \u00fc\u00e7\u00fcn qar\u015f\u0131ya m\u0259qs\u0259dl\u0259r qoyuldu\u011funu dey\u0259 bil\u0259rik.<\/p>\n<p>Dig\u0259r \u00fczvl\u0259r is\u0259 &#8211; \u00d6zb\u0259kistan v\u0259 Q\u0131r\u011f\u0131z\u0131stan\u0131n m\u00f6vqel\u0259ri bir q\u0259d\u0259r z\u0259ifdir, h\u0259r\u00e7\u0259nd ki, onlar, \u00c7in-Q\u0131r\u011f\u0131z\u0131stan-\u00d6zb\u0259kistan d\u0259mir yolu layih\u0259si il\u0259 TDT daxilind\u0259 m\u0259suliyy\u0259tl\u0259rini inki\u015faf etdir\u0259c\u0259kl\u0259r.<\/p>\n","protected":false},"excerpt":{"rendered":"<p>T\u00fcrk D\u00f6vl\u0259tl\u0259ri T\u0259\u015fkilat\u0131n\u0131n (TDT) Astanada 10-cu yubiley Zirv\u0259 g\u00f6r\u00fc\u015f\u00fc ke\u00e7irildi, Az\u0259rbaycan Prezidenti\u00a0\u0130lham \u018fliyev\u00a0d\u0259 t\u0259dbird\u0259 i\u015ftirak etdi. TDT-nin Zirv\u0259 g\u00f6r\u00fc\u015f\u00fcn\u00fcn \u201cT\u00fcrk \u0259sri\u201d \u00e7a\u011f\u0131r\u0131\u015f\u0131 alt\u0131nda ke\u00e7irilm\u0259si diqq\u0259t \u00e7\u0259kir, y\u0259qin ki, t\u0259\u015fkilat g\u0259l\u0259c\u0259k \u00fc\u00e7\u00fcn vizyona t\u00fcrk d\u00fcnyas\u0131n\u0131n birl\u0259\u015fmi\u015f ilm\u0259l\u0259rini g\u0259tirm\u0259kd\u0259n \u00f6tr\u00fc s\u0259yl\u0259rini t\u0259kmill\u0259\u015fdir\u0259c\u0259k. TDT qlobal m\u0259kanda h\u00f6kmran ideologiyalara alternativ yaratmaq \u00fc\u00e7\u00fcn \u00e7al\u0131\u015f\u0131r. Bunu t\u0259dbirin ad\u0131ndan tutmu\u015f, t\u0259\u015fkilat\u0131n missiyas\u0131na q\u0259d\u0259r geni\u015fspektrli planlarda g\u00f6rm\u0259k el\u0259 d\u0259 \u00e7\u0259tin deyil. Alternativ ideoloji x\u0259tt TDT-nin alternativ g\u00fcc olmaq yolundak\u0131 t\u0259m\u0259lini t\u0259\u015fkil edir, y\u0259ni bazisdir. \u0130qtisadiyyat, enerji sah\u0259sind\u0259ki \u0259m\u0259kda\u015fl\u0131q, t\u0259hl\u00fck\u0259sizlik m\u00fchitind\u0259ki vahid meyarlar\u0131n formala\u015fd\u0131r\u0131lmas\u0131 is\u0259 bazan\u0131n \u00fcz\u0259rind\u0259 in\u015fa edilir.&hellip;<\/p>\n","protected":false},"author":2,"featured_media":652890,"comment_status":"closed","ping_status":"closed","sticky":false,"template":"","format":"standard","meta":{"om_disable_all_campaigns":false,"_monsterinsights_skip_tracking":false,"_monsterinsights_sitenote_active":false,"_monsterinsights_sitenote_note":"","_monsterinsights_sitenote_category":0},"categories":[4],"tags":[],"aioseo_notices":[],"gutentor_comment":0,"rttpg_featured_image_url":{"full":["https:\/\/arantv.az\/wp-content\/uploads\/2023\/11\/1698995388_4997a3d603571051a66316de525f6fa3.jpg",620,413,false],"landscape":["https:\/\/arantv.az\/wp-content\/uploads\/2023\/11\/1698995388_4997a3d603571051a66316de525f6fa3.jpg",620,413,false],"portraits":["https:\/\/arantv.az\/wp-content\/uploads\/2023\/11\/1698995388_4997a3d603571051a66316de525f6fa3.jpg",620,413,false],"thumbnail":["https:\/\/arantv.az\/wp-content\/uploads\/2023\/11\/1698995388_4997a3d603571051a66316de525f6fa3-500x280.jpg",500,280,true],"medium":["https:\/\/arantv.az\/wp-content\/uploads\/2023\/11\/1698995388_4997a3d603571051a66316de525f6fa3-548x365.jpg",548,365,true],"large":["https:\/\/arantv.az\/wp-content\/uploads\/2023\/11\/1698995388_4997a3d603571051a66316de525f6fa3.jpg",620,413,false],"1536x1536":["https:\/\/arantv.az\/wp-content\/uploads\/2023\/11\/1698995388_4997a3d603571051a66316de525f6fa3.jpg",620,413,false],"2048x2048":["https:\/\/arantv.az\/wp-content\/uploads\/2023\/11\/1698995388_4997a3d603571051a66316de525f6fa3.jpg",620,413,false],"post-thumbnail":["https:\/\/arantv.az\/wp-content\/uploads\/2023\/11\/1698995388_4997a3d603571051a66316de525f6fa3-240x172.jpg",240,172,true],"advps-thumb-one":["https:\/\/arantv.az\/wp-content\/uploads\/2023\/11\/1698995388_4997a3d603571051a66316de525f6fa3.jpg",620,413,false]},"rttpg_author":{"display_name":"V\u00fcsal Rafiqo\u011flu","author_link":"https:\/\/arantv.az\/?author=2"},"rttpg_comment":0,"rttpg_category":"<a href=\"https:\/\/arantv.az\/?cat=4\" rel=\"category\">Siyas\u0259t<\/a>","rttpg_excerpt":"T\u00fcrk D\u00f6vl\u0259tl\u0259ri T\u0259\u015fkilat\u0131n\u0131n (TDT) Astanada 10-cu yubiley Zirv\u0259 g\u00f6r\u00fc\u015f\u00fc ke\u00e7irildi, Az\u0259rbaycan Prezidenti\u00a0\u0130lham \u018fliyev\u00a0d\u0259 t\u0259dbird\u0259 i\u015ftirak etdi. TDT-nin Zirv\u0259 g\u00f6r\u00fc\u015f\u00fcn\u00fcn \u201cT\u00fcrk \u0259sri\u201d \u00e7a\u011f\u0131r\u0131\u015f\u0131 alt\u0131nda ke\u00e7irilm\u0259si diqq\u0259t \u00e7\u0259kir, y\u0259qin ki, t\u0259\u015fkilat g\u0259l\u0259c\u0259k \u00fc\u00e7\u00fcn vizyona t\u00fcrk d\u00fcnyas\u0131n\u0131n birl\u0259\u015fmi\u015f ilm\u0259l\u0259rini g\u0259tirm\u0259kd\u0259n \u00f6tr\u00fc s\u0259yl\u0259rini t\u0259kmill\u0259\u015fdir\u0259c\u0259k. TDT qlobal m\u0259kanda h\u00f6kmran ideologiyalara alternativ yaratmaq \u00fc\u00e7\u00fcn \u00e7al\u0131\u015f\u0131r. Bunu t\u0259dbirin ad\u0131ndan tutmu\u015f, t\u0259\u015fkilat\u0131n missiyas\u0131na&hellip;","_links":{"self":[{"href":"https:\/\/arantv.az\/index.php?rest_route=\/wp\/v2\/posts\/652887"}],"collection":[{"href":"https:\/\/arantv.az\/index.php?rest_route=\/wp\/v2\/posts"}],"about":[{"href":"https:\/\/arantv.az\/index.php?rest_route=\/wp\/v2\/types\/post"}],"author":[{"embeddable":true,"href":"https:\/\/arantv.az\/index.php?rest_route=\/wp\/v2\/users\/2"}],"replies":[{"embeddable":true,"href":"https:\/\/arantv.az\/index.php?rest_route=%2Fwp%2Fv2%2Fcomments&post=652887"}],"version-history":[{"count":0,"href":"https:\/\/arantv.az\/index.php?rest_route=\/wp\/v2\/posts\/652887\/revisions"}],"wp:featuredmedia":[{"embeddable":true,"href":"https:\/\/arantv.az\/index.php?rest_route=\/wp\/v2\/media\/652890"}],"wp:attachment":[{"href":"https:\/\/arantv.az\/index.php?rest_route=%2Fwp%2Fv2%2Fmedia&parent=652887"}],"wp:term":[{"taxonomy":"category","embeddable":true,"href":"https:\/\/arantv.az\/index.php?rest_route=%2Fwp%2Fv2%2Fcategories&post=652887"},{"taxonomy":"post_tag","embeddable":true,"href":"https:\/\/arantv.az\/index.php?rest_route=%2Fwp%2Fv2%2Ftags&post=652887"}],"curies":[{"name":"wp","href":"https:\/\/api.w.org\/{rel}","templated":true}]}}