{"id":652889,"date":"2023-11-04T09:20:07","date_gmt":"2023-11-04T05:20:07","guid":{"rendered":"https:\/\/arantv.az\/?p=652889"},"modified":"2023-11-04T09:20:07","modified_gmt":"2023-11-04T05:20:07","slug":"naxcivana-avtobus-reysl%c9%99rinin-sayi-artirildi","status":"publish","type":"post","link":"https:\/\/arantv.az\/?p=652889","title":{"rendered":"Nax\u00e7\u0131vana avtobus reysl\u0259rinin say\u0131 art\u0131r\u0131ld\u0131"},"content":{"rendered":"<p>Bak\u0131dan \u0130ran \u0259razisi il\u0259 Az\u0259rbaycan\u0131n Nax\u00e7\u0131van Muxtar Respublikas\u0131na v\u0259 \u0259ksin\u0259 avtobus reysl\u0259ri 4-\u0259 \u00e7atd\u0131r\u0131l\u0131b.<\/p>\n<p>Az\u0259rbaycan Yer\u00fcst\u00fc N\u0259qliyyat Agentliyind\u0259n\u00a0(AYNA) veril\u0259n m\u0259lumata g\u00f6r\u0259, Bak\u0131-Nax\u00e7\u0131van-Bak\u0131 m\u00fcnt\u0259z\u0259m avtobus mar\u015frutunun h\u0259r\u0259k\u0259t qrafikind\u0259 saat 19:00-a daha bir reys \u0259lav\u0259 olunub.<\/p>\n<p>Haz\u0131rda s\u0259rni\u015finl\u0259r biletim.az portal\u0131 \u00fcz\u0259rind\u0259n saat 09:00, 19:00, 20:00 v\u0259 21:00 reysl\u0259rin\u0259 bilet \u0259ld\u0259 ed\u0259 bil\u0259rl\u0259r.<\/p>\n<p>Qeyd ed\u0259k ki, Az\u0259rbaycan-\u0130ran Birg\u0259 Qar\u0131\u015f\u0131q Komissiyas\u0131n\u0131n bu ilin sentyabr ay\u0131nda Bak\u0131da ke\u00e7iril\u0259n iclas\u0131nda Bak\u0131-Nax\u00e7\u0131van-Bak\u0131 mar\u015frutu \u00fczr\u0259 reysl\u0259rin say\u0131n\u0131n art\u0131r\u0131lmas\u0131 bar\u0259d\u0259 raz\u0131l\u0131q \u0259ld\u0259 olunub. \u0130lkin m\u0259rh\u0259l\u0259d\u0259 mar\u015frutun h\u0259r\u0259k\u0259t qrafikin\u0259 1 reys \u0259lav\u0259 edilib. N\u00f6vb\u0259ti m\u0259rh\u0259l\u0259d\u0259 reysl\u0259rin say\u0131n\u0131n 6-ya q\u0259d\u0259r art\u0131r\u0131lmas\u0131 planla\u015fd\u0131r\u0131l\u0131r.<\/p>\n<p>\u0130ran \u0259razisind\u0259n ke\u00e7m\u0259kl\u0259 Bak\u0131-Nax\u00e7\u0131van-Bak\u0131 avtobus reysi 2007-ci il noyabr\u0131n 8-d\u0259n f\u0259aliyy\u0259t g\u00f6st\u0259rir. Nax\u00e7\u0131van-Bak\u0131 reysi \u00fczr\u0259 i\u015fl\u0259y\u0259n avtobuslar \u0130ran \u0259razisind\u0259n ke\u00e7m\u0259kl\u0259 \u00fcmumilikd\u0259\u00a0645\u00a0kilometr m\u0259saf\u0259 q\u0259t edir.<\/p>\n","protected":false},"excerpt":{"rendered":"<p>Bak\u0131dan \u0130ran \u0259razisi il\u0259 Az\u0259rbaycan\u0131n Nax\u00e7\u0131van Muxtar Respublikas\u0131na v\u0259 \u0259ksin\u0259 avtobus reysl\u0259ri 4-\u0259 \u00e7atd\u0131r\u0131l\u0131b. Az\u0259rbaycan Yer\u00fcst\u00fc N\u0259qliyyat Agentliyind\u0259n\u00a0(AYNA) veril\u0259n m\u0259lumata g\u00f6r\u0259, Bak\u0131-Nax\u00e7\u0131van-Bak\u0131 m\u00fcnt\u0259z\u0259m avtobus mar\u015frutunun h\u0259r\u0259k\u0259t qrafikind\u0259 saat 19:00-a daha bir reys \u0259lav\u0259 olunub. Haz\u0131rda s\u0259rni\u015finl\u0259r biletim.az portal\u0131 \u00fcz\u0259rind\u0259n saat 09:00, 19:00, 20:00 v\u0259 21:00 reysl\u0259rin\u0259 bilet \u0259ld\u0259 ed\u0259 bil\u0259rl\u0259r. Qeyd ed\u0259k ki, Az\u0259rbaycan-\u0130ran Birg\u0259 Qar\u0131\u015f\u0131q Komissiyas\u0131n\u0131n bu ilin sentyabr ay\u0131nda Bak\u0131da ke\u00e7iril\u0259n iclas\u0131nda Bak\u0131-Nax\u00e7\u0131van-Bak\u0131 mar\u015frutu \u00fczr\u0259 reysl\u0259rin say\u0131n\u0131n art\u0131r\u0131lmas\u0131 bar\u0259d\u0259 raz\u0131l\u0131q \u0259ld\u0259 olunub. \u0130lkin m\u0259rh\u0259l\u0259d\u0259 mar\u015frutun h\u0259r\u0259k\u0259t qrafikin\u0259 1 reys \u0259lav\u0259 edilib. N\u00f6vb\u0259ti m\u0259rh\u0259l\u0259d\u0259 reysl\u0259rin say\u0131n\u0131n 6-ya q\u0259d\u0259r art\u0131r\u0131lmas\u0131&hellip;<\/p>\n","protected":false},"author":2,"featured_media":652892,"comment_status":"closed","ping_status":"closed","sticky":false,"template":"","format":"standard","meta":{"om_disable_all_campaigns":false,"_monsterinsights_skip_tracking":false,"_monsterinsights_sitenote_active":false,"_monsterinsights_sitenote_note":"","_monsterinsights_sitenote_category":0},"categories":[1],"tags":[],"aioseo_notices":[],"gutentor_comment":0,"rttpg_featured_image_url":{"full":["https:\/\/arantv.az\/wp-content\/uploads\/2023\/11\/6544fde944ddb6544fde944ddc16990202656544fde944dd96544fde944dda.jpg",620,413,false],"landscape":["https:\/\/arantv.az\/wp-content\/uploads\/2023\/11\/6544fde944ddb6544fde944ddc16990202656544fde944dd96544fde944dda.jpg",620,413,false],"portraits":["https:\/\/arantv.az\/wp-content\/uploads\/2023\/11\/6544fde944ddb6544fde944ddc16990202656544fde944dd96544fde944dda.jpg",620,413,false],"thumbnail":["https:\/\/arantv.az\/wp-content\/uploads\/2023\/11\/6544fde944ddb6544fde944ddc16990202656544fde944dd96544fde944dda-500x280.jpg",500,280,true],"medium":["https:\/\/arantv.az\/wp-content\/uploads\/2023\/11\/6544fde944ddb6544fde944ddc16990202656544fde944dd96544fde944dda-548x365.jpg",548,365,true],"large":["https:\/\/arantv.az\/wp-content\/uploads\/2023\/11\/6544fde944ddb6544fde944ddc16990202656544fde944dd96544fde944dda.jpg",620,413,false],"1536x1536":["https:\/\/arantv.az\/wp-content\/uploads\/2023\/11\/6544fde944ddb6544fde944ddc16990202656544fde944dd96544fde944dda.jpg",620,413,false],"2048x2048":["https:\/\/arantv.az\/wp-content\/uploads\/2023\/11\/6544fde944ddb6544fde944ddc16990202656544fde944dd96544fde944dda.jpg",620,413,false],"post-thumbnail":["https:\/\/arantv.az\/wp-content\/uploads\/2023\/11\/6544fde944ddb6544fde944ddc16990202656544fde944dd96544fde944dda-240x172.jpg",240,172,true],"advps-thumb-one":["https:\/\/arantv.az\/wp-content\/uploads\/2023\/11\/6544fde944ddb6544fde944ddc16990202656544fde944dd96544fde944dda.jpg",620,413,false]},"rttpg_author":{"display_name":"V\u00fcsal Rafiqo\u011flu","author_link":"https:\/\/arantv.az\/?author=2"},"rttpg_comment":0,"rttpg_category":"<a href=\"https:\/\/arantv.az\/?cat=1\" rel=\"category\">C\u0259miyy\u0259t<\/a>","rttpg_excerpt":"Bak\u0131dan \u0130ran \u0259razisi il\u0259 Az\u0259rbaycan\u0131n Nax\u00e7\u0131van Muxtar Respublikas\u0131na v\u0259 \u0259ksin\u0259 avtobus reysl\u0259ri 4-\u0259 \u00e7atd\u0131r\u0131l\u0131b. Az\u0259rbaycan Yer\u00fcst\u00fc N\u0259qliyyat Agentliyind\u0259n\u00a0(AYNA) veril\u0259n m\u0259lumata g\u00f6r\u0259, Bak\u0131-Nax\u00e7\u0131van-Bak\u0131 m\u00fcnt\u0259z\u0259m avtobus mar\u015frutunun h\u0259r\u0259k\u0259t qrafikind\u0259 saat 19:00-a daha bir reys \u0259lav\u0259 olunub. Haz\u0131rda s\u0259rni\u015finl\u0259r biletim.az portal\u0131 \u00fcz\u0259rind\u0259n saat 09:00, 19:00, 20:00 v\u0259 21:00 reysl\u0259rin\u0259 bilet \u0259ld\u0259 ed\u0259 bil\u0259rl\u0259r. Qeyd ed\u0259k ki, Az\u0259rbaycan-\u0130ran Birg\u0259&hellip;","_links":{"self":[{"href":"https:\/\/arantv.az\/index.php?rest_route=\/wp\/v2\/posts\/652889"}],"collection":[{"href":"https:\/\/arantv.az\/index.php?rest_route=\/wp\/v2\/posts"}],"about":[{"href":"https:\/\/arantv.az\/index.php?rest_route=\/wp\/v2\/types\/post"}],"author":[{"embeddable":true,"href":"https:\/\/arantv.az\/index.php?rest_route=\/wp\/v2\/users\/2"}],"replies":[{"embeddable":true,"href":"https:\/\/arantv.az\/index.php?rest_route=%2Fwp%2Fv2%2Fcomments&post=652889"}],"version-history":[{"count":0,"href":"https:\/\/arantv.az\/index.php?rest_route=\/wp\/v2\/posts\/652889\/revisions"}],"wp:featuredmedia":[{"embeddable":true,"href":"https:\/\/arantv.az\/index.php?rest_route=\/wp\/v2\/media\/652892"}],"wp:attachment":[{"href":"https:\/\/arantv.az\/index.php?rest_route=%2Fwp%2Fv2%2Fmedia&parent=652889"}],"wp:term":[{"taxonomy":"category","embeddable":true,"href":"https:\/\/arantv.az\/index.php?rest_route=%2Fwp%2Fv2%2Fcategories&post=652889"},{"taxonomy":"post_tag","embeddable":true,"href":"https:\/\/arantv.az\/index.php?rest_route=%2Fwp%2Fv2%2Ftags&post=652889"}],"curies":[{"name":"wp","href":"https:\/\/api.w.org\/{rel}","templated":true}]}}