{"id":65292,"date":"2019-06-10T13:58:39","date_gmt":"2019-06-10T10:58:39","guid":{"rendered":"http:\/\/arantv.az\/?p=65292"},"modified":"2019-06-10T13:58:39","modified_gmt":"2019-06-10T10:58:39","slug":"dilcilik-institutu-n%c9%99simi-dilinin-izahli-lug%c9%99ti-hazirlanmalidir","status":"publish","type":"post","link":"https:\/\/arantv.az\/?p=65292","title":{"rendered":"Dil\u00e7ilik \u0130nstitutu: &#8220;N\u0259simi dilinin izahl\u0131 l\u00fc\u011f\u0259ti haz\u0131rlanmal\u0131d\u0131r&#8221;"},"content":{"rendered":"<blockquote><p><em><strong>Az\u0259rbaycan\u0131n dahi \u015fairi \u0130mad\u0259ddin N\u0259siminin dilinin izahl\u0131 l\u00fc\u011f\u0259ti haz\u0131rlanmal\u0131d\u0131r.<\/strong><\/em><\/p><\/blockquote>\n<p><strong>ARANTV.AZ<\/strong> trend-\u0259 istinad\u0259n bildirir ki, bunu AMEA Dil\u00e7ilik Institunun direktoru, akademik M\u00f6hs\u00fcn Na\u011f\u0131soylu deyib.<\/p>\n<p>Onun s\u00f6zl\u0259rin\u0259 g\u00f6r\u0259, N\u0259siminin dilind\u0259 eyni bir s\u00f6z iki m\u0259nada &#8211; h\u0259m m\u00fcst\u0259qil, h\u0259m d\u0259 h\u00fcrufi m\u0259nada i\u015fl\u0259nir:<\/p>\n<p>&#8220;Ona g\u00f6r\u0259 d\u0259 bu s\u00f6zl\u0259rin t\u0259dqiqat\u0131n\u0131 aparmaq laz\u0131md\u0131r. Hesab edir\u0259m ki, N\u0259simi yarad\u0131c\u0131l\u0131\u011f\u0131nda s\u00f6zl\u0259rin l\u00fc\u011f\u0259ti m\u0259nas\u0131 il\u0259 yana\u015f\u0131, h\u00fcrufi m\u0259nas\u0131n\u0131 da ara\u015fd\u0131rmaq laz\u0131md\u0131r&#8221;.<\/p>\n<p>M.Na\u011f\u0131soylu \u0259lav\u0259 edib ki, N\u0259siminin \u015feirl\u0259ri 14-c\u00fc \u0259srd\u0259 yaz\u0131lsa da, bug\u00fcnk\u00fc oxucu t\u0259r\u0259find\u0259n d\u0259 ba\u015fa d\u00fc\u015f\u00fcl\u00fcr: &#8220;N\u0259siminin dili onun \u00f6z\u00fc haqq\u0131nda g\u00fccl\u00fc v\u0259 ayd\u0131n informasiya verir. \u015eair \u015feirl\u0259rind\u0259 milli dil vahidl\u0259rind\u0259n y\u00fcks\u0259k s\u0259viyy\u0259d\u0259 istifad\u0259 ed\u0259r\u0259k Az\u0259rbaycan dilini t\u0259zyiql\u0259rd\u0259n qoruyub, \u00f6z\u00fcnd\u0259n sonra g\u0259l\u0259n x\u0259l\u0259fl\u0259rinin s\u00f6z meydan\u0131nda parlamas\u0131na z\u0259min yarad\u0131b. O, Az\u0259rbaycan dilind\u0259n sistemli \u015f\u0259kild\u0259, m\u0259h\u0259bb\u0259tl\u0259 istifad\u0259 edib. N\u0259simi Az\u0259rbaycan \u0259d\u0259bi dilinin banisidir&#8221;.<\/p>\n","protected":false},"excerpt":{"rendered":"<p>Az\u0259rbaycan\u0131n dahi \u015fairi \u0130mad\u0259ddin N\u0259siminin dilinin izahl\u0131 l\u00fc\u011f\u0259ti haz\u0131rlanmal\u0131d\u0131r. ARANTV.AZ trend-\u0259 istinad\u0259n bildirir ki, bunu AMEA Dil\u00e7ilik Institunun direktoru, akademik M\u00f6hs\u00fcn Na\u011f\u0131soylu deyib. Onun s\u00f6zl\u0259rin\u0259 g\u00f6r\u0259, N\u0259siminin dilind\u0259 eyni bir s\u00f6z iki m\u0259nada &#8211; h\u0259m m\u00fcst\u0259qil, h\u0259m d\u0259 h\u00fcrufi m\u0259nada i\u015fl\u0259nir: &#8220;Ona g\u00f6r\u0259 d\u0259 bu s\u00f6zl\u0259rin t\u0259dqiqat\u0131n\u0131 aparmaq laz\u0131md\u0131r. Hesab edir\u0259m ki, N\u0259simi yarad\u0131c\u0131l\u0131\u011f\u0131nda s\u00f6zl\u0259rin l\u00fc\u011f\u0259ti m\u0259nas\u0131 il\u0259 yana\u015f\u0131, h\u00fcrufi m\u0259nas\u0131n\u0131 da ara\u015fd\u0131rmaq laz\u0131md\u0131r&#8221;. M.Na\u011f\u0131soylu \u0259lav\u0259 edib ki, N\u0259siminin \u015feirl\u0259ri 14-c\u00fc \u0259srd\u0259 yaz\u0131lsa da, bug\u00fcnk\u00fc oxucu t\u0259r\u0259find\u0259n d\u0259 ba\u015fa d\u00fc\u015f\u00fcl\u00fcr: &#8220;N\u0259siminin dili onun \u00f6z\u00fc haqq\u0131nda g\u00fccl\u00fc v\u0259 ayd\u0131n informasiya verir.&hellip;<\/p>\n","protected":false},"author":2,"featured_media":65293,"comment_status":"closed","ping_status":"closed","sticky":false,"template":"","format":"standard","meta":{"om_disable_all_campaigns":false,"_monsterinsights_skip_tracking":false,"_monsterinsights_sitenote_active":false,"_monsterinsights_sitenote_note":"","_monsterinsights_sitenote_category":0},"categories":[1],"tags":[],"aioseo_notices":[],"gutentor_comment":0,"rttpg_featured_image_url":{"full":["https:\/\/arantv.az\/wp-content\/uploads\/2019\/06\/761856_000.jpg",800,600,false],"landscape":["https:\/\/arantv.az\/wp-content\/uploads\/2019\/06\/761856_000.jpg",800,600,false],"portraits":["https:\/\/arantv.az\/wp-content\/uploads\/2019\/06\/761856_000.jpg",800,600,false],"thumbnail":["https:\/\/arantv.az\/wp-content\/uploads\/2019\/06\/761856_000-150x150.jpg",150,150,true],"medium":["https:\/\/arantv.az\/wp-content\/uploads\/2019\/06\/761856_000-300x225.jpg",300,225,true],"large":["https:\/\/arantv.az\/wp-content\/uploads\/2019\/06\/761856_000.jpg",640,480,false],"1536x1536":["https:\/\/arantv.az\/wp-content\/uploads\/2019\/06\/761856_000.jpg",800,600,false],"2048x2048":["https:\/\/arantv.az\/wp-content\/uploads\/2019\/06\/761856_000.jpg",800,600,false],"post-thumbnail":["https:\/\/arantv.az\/wp-content\/uploads\/2019\/06\/761856_000-240x172.jpg",240,172,true],"advps-thumb-one":["https:\/\/arantv.az\/wp-content\/uploads\/2019\/06\/761856_000.jpg",800,600,false]},"rttpg_author":{"display_name":"V\u00fcsal Rafiqo\u011flu","author_link":"https:\/\/arantv.az\/?author=2"},"rttpg_comment":0,"rttpg_category":"<a href=\"https:\/\/arantv.az\/?cat=1\" rel=\"category\">C\u0259miyy\u0259t<\/a>","rttpg_excerpt":"Az\u0259rbaycan\u0131n dahi \u015fairi \u0130mad\u0259ddin N\u0259siminin dilinin izahl\u0131 l\u00fc\u011f\u0259ti haz\u0131rlanmal\u0131d\u0131r. ARANTV.AZ trend-\u0259 istinad\u0259n bildirir ki, bunu AMEA Dil\u00e7ilik Institunun direktoru, akademik M\u00f6hs\u00fcn Na\u011f\u0131soylu deyib. Onun s\u00f6zl\u0259rin\u0259 g\u00f6r\u0259, N\u0259siminin dilind\u0259 eyni bir s\u00f6z iki m\u0259nada &#8211; h\u0259m m\u00fcst\u0259qil, h\u0259m d\u0259 h\u00fcrufi m\u0259nada i\u015fl\u0259nir: &#8220;Ona g\u00f6r\u0259 d\u0259 bu s\u00f6zl\u0259rin t\u0259dqiqat\u0131n\u0131 aparmaq laz\u0131md\u0131r. Hesab edir\u0259m ki, N\u0259simi yarad\u0131c\u0131l\u0131\u011f\u0131nda s\u00f6zl\u0259rin&hellip;","_links":{"self":[{"href":"https:\/\/arantv.az\/index.php?rest_route=\/wp\/v2\/posts\/65292"}],"collection":[{"href":"https:\/\/arantv.az\/index.php?rest_route=\/wp\/v2\/posts"}],"about":[{"href":"https:\/\/arantv.az\/index.php?rest_route=\/wp\/v2\/types\/post"}],"author":[{"embeddable":true,"href":"https:\/\/arantv.az\/index.php?rest_route=\/wp\/v2\/users\/2"}],"replies":[{"embeddable":true,"href":"https:\/\/arantv.az\/index.php?rest_route=%2Fwp%2Fv2%2Fcomments&post=65292"}],"version-history":[{"count":0,"href":"https:\/\/arantv.az\/index.php?rest_route=\/wp\/v2\/posts\/65292\/revisions"}],"wp:featuredmedia":[{"embeddable":true,"href":"https:\/\/arantv.az\/index.php?rest_route=\/wp\/v2\/media\/65293"}],"wp:attachment":[{"href":"https:\/\/arantv.az\/index.php?rest_route=%2Fwp%2Fv2%2Fmedia&parent=65292"}],"wp:term":[{"taxonomy":"category","embeddable":true,"href":"https:\/\/arantv.az\/index.php?rest_route=%2Fwp%2Fv2%2Fcategories&post=65292"},{"taxonomy":"post_tag","embeddable":true,"href":"https:\/\/arantv.az\/index.php?rest_route=%2Fwp%2Fv2%2Ftags&post=65292"}],"curies":[{"name":"wp","href":"https:\/\/api.w.org\/{rel}","templated":true}]}}