{"id":653034,"date":"2023-11-04T16:52:41","date_gmt":"2023-11-04T12:52:41","guid":{"rendered":"https:\/\/arantv.az\/?p=653034"},"modified":"2023-11-04T16:52:41","modified_gmt":"2023-11-04T12:52:41","slug":"azad-edilmis-%c9%99razil%c9%99r%c9%99-2026-ci-ilin-sonunad%c9%99k-34-500-ail%c9%99-kocurul%c9%99c%c9%99k","status":"publish","type":"post","link":"https:\/\/arantv.az\/?p=653034","title":{"rendered":"Azad edilmi\u015f \u0259razil\u0259r\u0259 2026-c\u0131 ilin sonunad\u0259k 34 500 ail\u0259 k\u00f6\u00e7\u00fcr\u00fcl\u0259c\u0259k"},"content":{"rendered":"<p>\u201cB\u00f6y\u00fck Qay\u0131d\u0131\u015f proqram\u0131na uy\u011fun olaraq 2026-c\u0131 ilin sonunad\u0259k i\u015f\u011faldan azad olunmu\u015f \u0259razil\u0259r\u0259 34 500 ail\u0259nin k\u00f6\u00e7\u00fcr\u00fclm\u0259si n\u0259z\u0259rd\u0259 tutulub\u201d.<\/p>\n<p>\u201cReport\u201dun A\u011fdama ezam olunmu\u015f \u0259m\u0259kda\u015f\u0131 x\u0259b\u0259r verir ki, bunu Qaraba\u011f iqtisadi rayonuna daxil olan i\u015f\u011faldan azad edilmi\u015f \u0259razil\u0259rd\u0259 (\u015eu\u015fa rayonu istisna olmaqla) Az\u0259rbaycan Prezidentinin x\u00fcsusi n\u00fcmay\u0259nd\u0259si Emin H\u00fcseynov jurnalistl\u0259r\u0259 a\u00e7\u0131qlamas\u0131nda deyib.<\/p>\n<p>Onun s\u00f6zl\u0259rin\u0259 g\u00f6r\u0259, \u0259n vacib m\u0259qamlardan biri onlar\u0131n t\u0259kc\u0259 i\u015f\u011faldan azad olunmu\u015f \u0259razil\u0259r\u0259 qay\u0131d\u0131\u015f\u0131n\u0131 deyil, dayan\u0131ql\u0131 m\u0259\u015f\u011fullu\u011funu t\u0259min etm\u0259kdir:<\/p>\n<p>\u201cBu istiqam\u0259td\u0259 aidiyy\u0259ti d\u00f6vl\u0259t qurumlar\u0131n\u0131n, i\u015f\u011faldan azad olunmu\u015f \u0259razil\u0259rd\u0259 f\u0259aliyy\u0259t g\u00f6st\u0259r\u0259n Prezidentin x\u00fcsusi n\u00fcmay\u0259nd\u0259likl\u0259rinin \u00fcz\u0259rin\u0259 b\u00f6y\u00fck i\u015f d\u00fc\u015f\u00fcr. Bu istiqam\u0259td\u0259 i\u015fl\u0259r g\u00f6r\u00fcl\u00fcr, art\u0131q bir ne\u00e7\u0259 ya\u015fay\u0131\u015f m\u0259nt\u0259q\u0259sind\u0259 \u0259hali m\u0259skunla\u015f\u0131b v\u0259 bu proses fasil\u0259siz olaraq davam edir\u201d.<\/p>\n","protected":false},"excerpt":{"rendered":"<p>\u201cB\u00f6y\u00fck Qay\u0131d\u0131\u015f proqram\u0131na uy\u011fun olaraq 2026-c\u0131 ilin sonunad\u0259k i\u015f\u011faldan azad olunmu\u015f \u0259razil\u0259r\u0259 34 500 ail\u0259nin k\u00f6\u00e7\u00fcr\u00fclm\u0259si n\u0259z\u0259rd\u0259 tutulub\u201d. \u201cReport\u201dun A\u011fdama ezam olunmu\u015f \u0259m\u0259kda\u015f\u0131 x\u0259b\u0259r verir ki, bunu Qaraba\u011f iqtisadi rayonuna daxil olan i\u015f\u011faldan azad edilmi\u015f \u0259razil\u0259rd\u0259 (\u015eu\u015fa rayonu istisna olmaqla) Az\u0259rbaycan Prezidentinin x\u00fcsusi n\u00fcmay\u0259nd\u0259si Emin H\u00fcseynov jurnalistl\u0259r\u0259 a\u00e7\u0131qlamas\u0131nda deyib. Onun s\u00f6zl\u0259rin\u0259 g\u00f6r\u0259, \u0259n vacib m\u0259qamlardan biri onlar\u0131n t\u0259kc\u0259 i\u015f\u011faldan azad olunmu\u015f \u0259razil\u0259r\u0259 qay\u0131d\u0131\u015f\u0131n\u0131 deyil, dayan\u0131ql\u0131 m\u0259\u015f\u011fullu\u011funu t\u0259min etm\u0259kdir: \u201cBu istiqam\u0259td\u0259 aidiyy\u0259ti d\u00f6vl\u0259t qurumlar\u0131n\u0131n, i\u015f\u011faldan azad olunmu\u015f \u0259razil\u0259rd\u0259 f\u0259aliyy\u0259t g\u00f6st\u0259r\u0259n Prezidentin x\u00fcsusi n\u00fcmay\u0259nd\u0259likl\u0259rinin \u00fcz\u0259rin\u0259 b\u00f6y\u00fck i\u015f d\u00fc\u015f\u00fcr. Bu istiqam\u0259td\u0259 i\u015fl\u0259r g\u00f6r\u00fcl\u00fcr,&hellip;<\/p>\n","protected":false},"author":2,"featured_media":653037,"comment_status":"closed","ping_status":"closed","sticky":false,"template":"","format":"standard","meta":{"om_disable_all_campaigns":false,"_monsterinsights_skip_tracking":false,"_monsterinsights_sitenote_active":false,"_monsterinsights_sitenote_note":"","_monsterinsights_sitenote_category":0},"categories":[1],"tags":[],"aioseo_notices":[],"gutentor_comment":0,"rttpg_featured_image_url":{"full":["https:\/\/arantv.az\/wp-content\/uploads\/2023\/11\/653f8b5b6cf87653f8b5b6cf881698663259653f8b5b6cf85653f8b5b6cf86-1.jpg",620,413,false],"landscape":["https:\/\/arantv.az\/wp-content\/uploads\/2023\/11\/653f8b5b6cf87653f8b5b6cf881698663259653f8b5b6cf85653f8b5b6cf86-1.jpg",620,413,false],"portraits":["https:\/\/arantv.az\/wp-content\/uploads\/2023\/11\/653f8b5b6cf87653f8b5b6cf881698663259653f8b5b6cf85653f8b5b6cf86-1.jpg",620,413,false],"thumbnail":["https:\/\/arantv.az\/wp-content\/uploads\/2023\/11\/653f8b5b6cf87653f8b5b6cf881698663259653f8b5b6cf85653f8b5b6cf86-1-500x280.jpg",500,280,true],"medium":["https:\/\/arantv.az\/wp-content\/uploads\/2023\/11\/653f8b5b6cf87653f8b5b6cf881698663259653f8b5b6cf85653f8b5b6cf86-1-548x365.jpg",548,365,true],"large":["https:\/\/arantv.az\/wp-content\/uploads\/2023\/11\/653f8b5b6cf87653f8b5b6cf881698663259653f8b5b6cf85653f8b5b6cf86-1.jpg",620,413,false],"1536x1536":["https:\/\/arantv.az\/wp-content\/uploads\/2023\/11\/653f8b5b6cf87653f8b5b6cf881698663259653f8b5b6cf85653f8b5b6cf86-1.jpg",620,413,false],"2048x2048":["https:\/\/arantv.az\/wp-content\/uploads\/2023\/11\/653f8b5b6cf87653f8b5b6cf881698663259653f8b5b6cf85653f8b5b6cf86-1.jpg",620,413,false],"post-thumbnail":["https:\/\/arantv.az\/wp-content\/uploads\/2023\/11\/653f8b5b6cf87653f8b5b6cf881698663259653f8b5b6cf85653f8b5b6cf86-1-240x172.jpg",240,172,true],"advps-thumb-one":["https:\/\/arantv.az\/wp-content\/uploads\/2023\/11\/653f8b5b6cf87653f8b5b6cf881698663259653f8b5b6cf85653f8b5b6cf86-1.jpg",620,413,false]},"rttpg_author":{"display_name":"V\u00fcsal Rafiqo\u011flu","author_link":"https:\/\/arantv.az\/?author=2"},"rttpg_comment":0,"rttpg_category":"<a href=\"https:\/\/arantv.az\/?cat=1\" rel=\"category\">C\u0259miyy\u0259t<\/a>","rttpg_excerpt":"\u201cB\u00f6y\u00fck Qay\u0131d\u0131\u015f proqram\u0131na uy\u011fun olaraq 2026-c\u0131 ilin sonunad\u0259k i\u015f\u011faldan azad olunmu\u015f \u0259razil\u0259r\u0259 34 500 ail\u0259nin k\u00f6\u00e7\u00fcr\u00fclm\u0259si n\u0259z\u0259rd\u0259 tutulub\u201d. \u201cReport\u201dun A\u011fdama ezam olunmu\u015f \u0259m\u0259kda\u015f\u0131 x\u0259b\u0259r verir ki, bunu Qaraba\u011f iqtisadi rayonuna daxil olan i\u015f\u011faldan azad edilmi\u015f \u0259razil\u0259rd\u0259 (\u015eu\u015fa rayonu istisna olmaqla) Az\u0259rbaycan Prezidentinin x\u00fcsusi n\u00fcmay\u0259nd\u0259si Emin H\u00fcseynov jurnalistl\u0259r\u0259 a\u00e7\u0131qlamas\u0131nda deyib. Onun s\u00f6zl\u0259rin\u0259 g\u00f6r\u0259, \u0259n vacib m\u0259qamlardan&hellip;","_links":{"self":[{"href":"https:\/\/arantv.az\/index.php?rest_route=\/wp\/v2\/posts\/653034"}],"collection":[{"href":"https:\/\/arantv.az\/index.php?rest_route=\/wp\/v2\/posts"}],"about":[{"href":"https:\/\/arantv.az\/index.php?rest_route=\/wp\/v2\/types\/post"}],"author":[{"embeddable":true,"href":"https:\/\/arantv.az\/index.php?rest_route=\/wp\/v2\/users\/2"}],"replies":[{"embeddable":true,"href":"https:\/\/arantv.az\/index.php?rest_route=%2Fwp%2Fv2%2Fcomments&post=653034"}],"version-history":[{"count":0,"href":"https:\/\/arantv.az\/index.php?rest_route=\/wp\/v2\/posts\/653034\/revisions"}],"wp:featuredmedia":[{"embeddable":true,"href":"https:\/\/arantv.az\/index.php?rest_route=\/wp\/v2\/media\/653037"}],"wp:attachment":[{"href":"https:\/\/arantv.az\/index.php?rest_route=%2Fwp%2Fv2%2Fmedia&parent=653034"}],"wp:term":[{"taxonomy":"category","embeddable":true,"href":"https:\/\/arantv.az\/index.php?rest_route=%2Fwp%2Fv2%2Fcategories&post=653034"},{"taxonomy":"post_tag","embeddable":true,"href":"https:\/\/arantv.az\/index.php?rest_route=%2Fwp%2Fv2%2Ftags&post=653034"}],"curies":[{"name":"wp","href":"https:\/\/api.w.org\/{rel}","templated":true}]}}