{"id":653038,"date":"2023-11-04T16:53:40","date_gmt":"2023-11-04T12:53:40","guid":{"rendered":"https:\/\/arantv.az\/?p=653038"},"modified":"2023-11-04T16:53:40","modified_gmt":"2023-11-04T12:53:40","slug":"naxcivanda-z%c9%99f%c9%99r%c9%99-ged%c9%99n-20-il-adli-t%c9%99dbir-kecirilib-foto","status":"publish","type":"post","link":"https:\/\/arantv.az\/?p=653038","title":{"rendered":"Nax\u00e7\u0131vanda \u201cZ\u0259f\u0259r\u0259 ged\u0259n 20 il\u201d adl\u0131 t\u0259dbir ke\u00e7irilib &#8211; FOTO"},"content":{"rendered":"<p>Noyabr\u0131n 4-d\u0259 Nax\u00e7\u0131van Biznes M\u0259rk\u0259zind\u0259 Nax\u00e7\u0131van Muxtar Respublikas\u0131 Nazirl\u0259r Kabinetinin t\u0259\u015fkilat\u00e7\u0131l\u0131\u011f\u0131 il\u0259 Az\u0259rbaycan Prezidenti\u00a0<strong>\u0130lham \u018fliyevin\u00a0<\/strong>hakimiyy\u0259t\u0259 g\u0259li\u015finin 20 illiyi v\u0259 Z\u0259f\u0259r G\u00fcn\u00fcn\u00fcn 3-c\u00fc ild\u00f6n\u00fcm\u00fcn\u0259 h\u0259sr olunmu\u015f \u201cZ\u0259f\u0259r\u0259 ged\u0259n 20 il\u201d m\u00f6vzusunda t\u0259dbir ke\u00e7irilib.<\/p>\n<p>\u201cReport\u201dun yerli b\u00fcrosu x\u0259b\u0259r verir ki, \u0259vv\u0259lc\u0259 Az\u0259rbaycan\u0131n D\u00f6vl\u0259t Himni s\u0259sl\u0259ndirilib, \u00fcmummilli lider Heyd\u0259r \u018fliyevin, \u015f\u0259hidl\u0259rimizin \u0259ziz xatir\u0259si bir d\u0259qiq\u0259lik s\u00fckutla yad edilib.<\/p>\n<p>Nax\u00e7\u0131van Muxtar Respublikas\u0131nda Az\u0259rbaycan Prezidentinin s\u0259lahiyy\u0259tli n\u00fcmay\u0259nd\u0259si Fuad N\u0259c\u0259fli 2023-c\u00fc ilin \u00f6lk\u0259miz, el\u0259c\u0259 d\u0259 Nax\u00e7\u0131van Muxtar Respublikas\u0131 \u00fc\u00e7\u00fcn \u0259lam\u0259tdar hadis\u0259l\u0259rl\u0259 dolu bir il kimi ba\u015fa \u00e7ataca\u011f\u0131n\u0131 bildirib. Diqq\u0259t\u0259 \u00e7atd\u0131r\u0131b ki, \u201cHeyd\u0259r \u018fliyev \u0130li\u201dnd\u0259 Nax\u00e7\u0131van Muxtar Respublikas\u0131nda yeni siyasi idar\u0259etm\u0259 sistemi t\u0259tbiq olunur. Muxtar respublikan\u0131n h\u0259rt\u0259r\u0259fli inki\u015faf\u0131na hesablanm\u0131\u015f d\u00f6vl\u0259t proqram\u0131 t\u0259sdiql\u0259nib v\u0259 yeni layih\u0259l\u0259rin realla\u015fd\u0131r\u0131lmas\u0131 \u00fc\u00e7\u00fcn b\u00f6y\u00fck maliyy\u0259 v\u0259saiti ayr\u0131l\u0131b. Eyni zamanda bu il suverenliyimizin tam b\u0259rpa olunmas\u0131n\u0131n t\u0259nt\u0259n\u0259sini ya\u015fay\u0131r\u0131q. Bu u\u011furlar\u0131n t\u0259m\u0259lind\u0259 dayanan \u0130lham \u018fliyevin prezidentlik f\u0259aliyy\u0259tinin 20 illiyini b\u00f6y\u00fck q\u00fcrur v\u0259 sevincl\u0259 qeyd edirik.<\/p>\n<p>\u00dcmummilli liderin 2003-c\u00fc ild\u0259 m\u00fcraci\u0259ti zaman\u0131 s\u0259sl\u0259ndirdiyi \u201cM\u0259n ona \u00f6z\u00fcm q\u0259d\u0259r inan\u0131ram v\u0259 g\u0259l\u0259c\u0259yin\u0259 b\u00f6y\u00fck \u00fcmidl\u0259r b\u0259sl\u0259yir\u0259m\u201d ifad\u0259sini xat\u0131rladan s\u0259lahiyy\u0259tli n\u00fcmay\u0259nd\u0259 vur\u011fulay\u0131b ki, d\u00f6vl\u0259t ba\u015f\u00e7\u0131m\u0131z \u00f6t\u0259n 20 ild\u0259 ata v\u0259siyy\u0259tini yerin\u0259 yetirm\u0259kl\u0259 bu inam\u0131 do\u011frultdu. D\u00f6vl\u0259t ba\u015f\u00e7\u0131m\u0131z\u0131n m\u00fcst\u0259sna xidm\u0259tl\u0259ri n\u0259tic\u0259sind\u0259 Az\u0259rbaycanda yeni reall\u0131qlar, yeni platformalar yaran\u0131b.<\/p>\n<p>\u201cBiz xo\u015fb\u0259xt insanlar\u0131q ki, xalq\u0131m\u0131z\u0131n 200 illik m\u00fcbariz\u0259sini m\u00f6ht\u0259\u015f\u0259m Q\u0259l\u0259b\u0259 il\u0259 ba\u015fa \u00e7atd\u0131ran M\u00fcz\u0259ff\u0259r Ali Ba\u015f Komandan\u0131n r\u0259hb\u0259rliyi alt\u0131nda h\u0259yat s\u00fcr\u00fcr\u00fck. \u0130lham \u018fliyevin Az\u0259rbaycan xalq\u0131na b\u0259x\u015f etdiyi m\u00f6ht\u0259\u015f\u0259m Qaraba\u011f z\u0259f\u0259ri suveren Az\u0259rbaycana regionda \u00f6z s\u00f6z\u00fcn\u00fc dem\u0259y\u0259 b\u00f6y\u00fck imkanlar verir.<\/p>\n<p>Noyabr\u0131n 8-d\u0259 Xank\u0259ndid\u0259 ke\u00e7iril\u0259c\u0259k h\u0259rbi parad bir daha Az\u0259rbaycan\u0131n g\u00fcc\u00fcn\u00fc b\u00fct\u00fcn d\u00fcnyaya s\u00fcbut ed\u0259c\u0259k\u201d, &#8211; dey\u0259 s\u0259lahiyy\u0259tli n\u00fcmay\u0259nd\u0259 Fuad N\u0259c\u0259fli bildirib.<\/p>\n<p>Nax\u00e7\u0131van Muxtar Respublikas\u0131n\u0131n Ba\u015f naziri S\u0259buhi M\u0259mm\u0259dov \u00e7\u0131x\u0131\u015f\u0131nda qeyd edib ki, \u00f6lk\u0259mizd\u0259 son 20 ilin u\u011furlar\u0131, tarix\u0259 yaz\u0131lan m\u00f6ht\u0259\u015f\u0259m q\u0259l\u0259b\u0259l\u0259r onu dem\u0259y\u0259 \u0259sas verir ki, \u00f6lk\u0259 ba\u015f\u00e7\u0131s\u0131 qar\u015f\u0131ya qoydu\u011fu v\u0259 b\u0259yan etdiyi strateji h\u0259d\u0259fl\u0259r\u0259 nail olmaqla Az\u0259rbaycan\u0131n timsal\u0131nda \u201cG\u00fccl\u00fc d\u00f6vl\u0259t\u201d konsepsiyas\u0131n\u0131 realla\u015fd\u0131r\u0131b.<\/p>\n<p>Ba\u015f nazir bildirib ki, \u00f6lk\u0259 Prezidentinin r\u0259hb\u0259rliyi il\u0259 Nax\u00e7\u0131van Muxtar Respublikas\u0131nda yeni idar\u0259etm\u0259 formas\u0131n\u0131n yarad\u0131lmas\u0131, n\u00fcmay\u0259nd\u0259lik institutunun t\u0259sisi, struktur islahatlar\u0131n\u0131n apar\u0131lmas\u0131 muxtar respublikan\u0131n inki\u015faf\u0131nda \u0259h\u0259miyy\u0259tli rol oynay\u0131r. Bu ilin \u00f6t\u0259n d\u00f6vr\u00fcnd\u0259 muxtar respublikada 487,1 milyon manat d\u0259y\u0259rind\u0259 s\u0259naye, 263,7 milyon manatl\u0131q k\u0259nd t\u0259s\u0259rr\u00fcfat\u0131 m\u0259hsulu istehsal edilib. \u018fsas kapitala y\u00f6n\u0259ldilmi\u015f v\u0259saitl\u0259r 125 milyon manat, p\u0259rak\u0259nd\u0259 ticar\u0259t d\u00f6vriyy\u0259si ciddi h\u0259cmd\u0259 artaraq 951,9 milyon manat, \u0259haliy\u0259 g\u00f6st\u0259ril\u0259n \u00f6d\u0259ni\u015fli xidm\u0259tl\u0259r 139,3 milyon manat, d\u00f6vl\u0259t b\u00fcdc\u0259sinin g\u0259lirl\u0259ri 148,3 milyon manat, d\u00f6vl\u0259t b\u00fcdc\u0259sinin x\u0259rcl\u0259ri 404,3 milyon manat, orta ayl\u0131q nominal \u0259m\u0259khaqq\u0131 671 manat olub. Bundan ba\u015fqa, 2023-c\u00fc ilin yanvar-sentyabr aylar\u0131nda 704 daimi i\u015f yerinin a\u00e7\u0131lmas\u0131 t\u0259min edilib.<\/p>\n<p>T\u0259dbird\u0259 Nax\u00e7\u0131van Muxtar Respublikas\u0131n\u0131n iqtisadiyyat naziri Tapd\u0131q \u018fliyev, \u0259m\u0259k v\u0259 \u0259halinin sosial m\u00fcdafi\u0259si naziri Ceyhun C\u0259lilov, \u0259dliyy\u0259 nazirinin m\u00fcavini, nazir v\u0259zif\u0259l\u0259rini icra ed\u0259n H\u00fcseyn S\u0259f\u0259rov v\u0259 Nax\u00e7\u0131van D\u00f6vl\u0259t Universitetinin rektoru Elbrus \u0130sayev \u00e7\u0131x\u0131\u015f edibl\u0259r. \u00c7\u0131x\u0131\u015flarda d\u00f6vl\u0259t ba\u015f\u00e7\u0131m\u0131z\u0131n 20 illik hakimiyy\u0259ti d\u00f6vr\u00fcnd\u0259 Az\u0259rbaycan\u0131n ke\u00e7diyi misilsiz inki\u015faf yolunun m\u00fcxt\u0259lif m\u0259qamlar\u0131na n\u0259z\u0259r sal\u0131n\u0131b. X\u00fcsusil\u0259 vur\u011fulan\u0131b ki, Prezident \u0130lham \u018fliyevin r\u0259hb\u0259rliyi il\u0259 sosial-iqtisadi sah\u0259d\u0259 h\u0259yata ke\u00e7iril\u0259n islahatlar\u0131n m\u0259qs\u0259di iqtisadi s\u0259m\u0259r\u0259liliyin v\u0259 rifah\u0131n t\u0259min olunmas\u0131 prinsipl\u0259rin\u0259 s\u00f6yk\u0259nir.<\/p>\n<p>Sonda Nax\u00e7\u0131van televiziyas\u0131n\u0131n haz\u0131rlad\u0131\u011f\u0131 \u201cZ\u0259f\u0259r\u0259 ged\u0259n 20 il\u201d q\u0131sa filmi n\u00fcmayi\u015f etdirilib.<\/p>\n<p>&nbsp;<\/p>\n<div class=\"gallery\">\n<div class=\"gallery-i\"><img src=\"https:\/\/cdn.oxu.az\/uploads\/W1siZiIsIjIwMjMvMTEvMDQvMTYvMjQvMzkvNmIzN2FjNTUtYzhhYy00MzFhLWEzZTAtYTFhZjc0ZDI1MDMzLzk4YjkxOWQzLWY4YzktMzgzZi1iNjBjLTM1OWRkZjc3NGIxZS5qcGVnIl0sWyJwIiwiZW5jb2RlIiwianBnIiwiLXF1YWxpdHkgODAiXSxbInAiLCJ0aHVtYiIsIjU5MHg1OTBcdTAwM2UiXV0?sha=38ef175a4628bebb\" alt=\"\" \/><\/p>\n<div class=\"gallery-i-caption\"><\/div>\n<\/div>\n<div class=\"gallery-i\"><img src=\"https:\/\/cdn.oxu.az\/uploads\/W1siZiIsIjIwMjMvMTEvMDQvMTYvMjQvMzkvMDFmY2U3ZDItZjllNS00M2ZhLTk4ODgtNDVhYzU0NGQyYjZhL2Q5NTk1NTRkLTg5M2YtMzZiZC04N2Q5LTIyNzU5MTAwNTRiOS5qcGVnIl0sWyJwIiwiZW5jb2RlIiwianBnIiwiLXF1YWxpdHkgODAiXSxbInAiLCJ0aHVtYiIsIjU5MHg1OTBcdTAwM2UiXV0?sha=5fa1d93cac6a8e81\" alt=\"\" \/><\/p>\n<div class=\"gallery-i-caption\"><\/div>\n<\/div>\n<div class=\"gallery-i\"><img src=\"https:\/\/cdn.oxu.az\/uploads\/W1siZiIsIjIwMjMvMTEvMDQvMTYvMjQvMzkvN2JkOTExNWEtNDUxZi00MmY4LWE2ZGYtZjNlYzZmNWEzNTdkLzk4OTQ5NGE2LWI2MGYtMzdiOS04NTgwLTUwNTBlZTFjMDVkYS5qcGVnIl0sWyJwIiwiZW5jb2RlIiwianBnIiwiLXF1YWxpdHkgODAiXSxbInAiLCJ0aHVtYiIsIjU5MHg1OTBcdTAwM2UiXV0?sha=fa88798013726f7b\" alt=\"\" \/><\/p>\n<div class=\"gallery-i-caption\"><\/div>\n<\/div>\n<div class=\"gallery-i\"><img src=\"https:\/\/cdn.oxu.az\/uploads\/W1siZiIsIjIwMjMvMTEvMDQvMTYvMjQvMzkvNWE3ODBiOTEtYTFkMy00MWE5LWI5ODYtZGNlM2U4YjBmOTMzLzk3NjFkODIyLTMzNGMtM2RlYS04YmJiLTVhZDU0NzhjMjNiYS5qcGVnIl0sWyJwIiwiZW5jb2RlIiwianBnIiwiLXF1YWxpdHkgODAiXSxbInAiLCJ0aHVtYiIsIjU5MHg1OTBcdTAwM2UiXV0?sha=cae825811e86ebab\" alt=\"\" \/><\/p>\n<div class=\"gallery-i-caption\"><\/div>\n<\/div>\n<div class=\"gallery-i\"><img src=\"https:\/\/cdn.oxu.az\/uploads\/W1siZiIsIjIwMjMvMTEvMDQvMTYvMjQvMzkvYTJkOTRkYTktMjUwMS00ZWJhLWIyOTItZTBiODEzMDRkNGI5LzViZWUzMzM3LTVkZDItM2ZmYy1iNGM4LTA5NmY5MWEyZTQ5Zi5qcGVnIl0sWyJwIiwiZW5jb2RlIiwianBnIiwiLXF1YWxpdHkgODAiXSxbInAiLCJ0aHVtYiIsIjU5MHg1OTBcdTAwM2UiXV0?sha=8de8fdd6a2ecaf61\" alt=\"\" \/><\/p>\n<div class=\"gallery-i-caption\"><\/div>\n<\/div>\n<div class=\"gallery-i\"><img src=\"https:\/\/cdn.oxu.az\/uploads\/W1siZiIsIjIwMjMvMTEvMDQvMTYvMjQvMzkvMzRjOWQ5Y2MtN2Y0NC00MTkzLTlkZDAtZmQ2MTA2OTRmZGQwL2NmNTFkMDM1LWMxMzctM2I2NC05NmUzLTZjOTI1YmFmYjA3Zi5qcGVnIl0sWyJwIiwiZW5jb2RlIiwianBnIiwiLXF1YWxpdHkgODAiXSxbInAiLCJ0aHVtYiIsIjU5MHg1OTBcdTAwM2UiXV0?sha=109c5bc1b1665e6b\" alt=\"\" \/><\/p>\n<div class=\"gallery-i-caption\"><\/div>\n<\/div>\n<div class=\"gallery-i\"><img src=\"https:\/\/cdn.oxu.az\/uploads\/W1siZiIsIjIwMjMvMTEvMDQvMTYvMjQvMzkvOTlhMDc3MzEtODk0OS00NDg5LWI3OWYtNDE1ZDYzYzRjMjEyLzRhZTJmY2VkLTFlOWItM2Y2ZC04NGYwLWUxN2I0MTJkN2E4NS5qcGVnIl0sWyJwIiwiZW5jb2RlIiwianBnIiwiLXF1YWxpdHkgODAiXSxbInAiLCJ0aHVtYiIsIjU5MHg1OTBcdTAwM2UiXV0?sha=f059cecc28511033\" alt=\"\" \/><\/p>\n<div class=\"gallery-i-caption\"><\/div>\n<\/div>\n<div class=\"gallery-i\"><img src=\"https:\/\/cdn.oxu.az\/uploads\/W1siZiIsIjIwMjMvMTEvMDQvMTYvMjQvNDAvZGNhMmRhNGQtNGM4My00N2Y2LWI5M2QtMmQ5NDlkMzYxNmRlL2RkMzZhNDNkLTFhZTItMzJiMC04NzBkLWJkNTI1MzU5ZTE3MC5qcGVnIl0sWyJwIiwiZW5jb2RlIiwianBnIiwiLXF1YWxpdHkgODAiXSxbInAiLCJ0aHVtYiIsIjU5MHg1OTBcdTAwM2UiXV0?sha=ba2c8af5a86a7694\" alt=\"\" \/><\/div>\n<\/div>\n","protected":false},"excerpt":{"rendered":"<p>Noyabr\u0131n 4-d\u0259 Nax\u00e7\u0131van Biznes M\u0259rk\u0259zind\u0259 Nax\u00e7\u0131van Muxtar Respublikas\u0131 Nazirl\u0259r Kabinetinin t\u0259\u015fkilat\u00e7\u0131l\u0131\u011f\u0131 il\u0259 Az\u0259rbaycan Prezidenti\u00a0\u0130lham \u018fliyevin\u00a0hakimiyy\u0259t\u0259 g\u0259li\u015finin 20 illiyi v\u0259 Z\u0259f\u0259r G\u00fcn\u00fcn\u00fcn 3-c\u00fc ild\u00f6n\u00fcm\u00fcn\u0259 h\u0259sr olunmu\u015f \u201cZ\u0259f\u0259r\u0259 ged\u0259n 20 il\u201d m\u00f6vzusunda t\u0259dbir ke\u00e7irilib. \u201cReport\u201dun yerli b\u00fcrosu x\u0259b\u0259r verir ki, \u0259vv\u0259lc\u0259 Az\u0259rbaycan\u0131n D\u00f6vl\u0259t Himni s\u0259sl\u0259ndirilib, \u00fcmummilli lider Heyd\u0259r \u018fliyevin, \u015f\u0259hidl\u0259rimizin \u0259ziz xatir\u0259si bir d\u0259qiq\u0259lik s\u00fckutla yad edilib. Nax\u00e7\u0131van Muxtar Respublikas\u0131nda Az\u0259rbaycan Prezidentinin s\u0259lahiyy\u0259tli n\u00fcmay\u0259nd\u0259si Fuad N\u0259c\u0259fli 2023-c\u00fc ilin \u00f6lk\u0259miz, el\u0259c\u0259 d\u0259 Nax\u00e7\u0131van Muxtar Respublikas\u0131 \u00fc\u00e7\u00fcn \u0259lam\u0259tdar hadis\u0259l\u0259rl\u0259 dolu bir il kimi ba\u015fa \u00e7ataca\u011f\u0131n\u0131 bildirib. Diqq\u0259t\u0259 \u00e7atd\u0131r\u0131b ki, \u201cHeyd\u0259r \u018fliyev \u0130li\u201dnd\u0259 Nax\u00e7\u0131van Muxtar&hellip;<\/p>\n","protected":false},"author":2,"featured_media":653041,"comment_status":"closed","ping_status":"closed","sticky":false,"template":"","format":"standard","meta":{"om_disable_all_campaigns":false,"_monsterinsights_skip_tracking":false,"_monsterinsights_sitenote_active":false,"_monsterinsights_sitenote_note":"","_monsterinsights_sitenote_category":0},"categories":[4],"tags":[],"aioseo_notices":[],"gutentor_comment":0,"rttpg_featured_image_url":{"full":["https:\/\/arantv.az\/wp-content\/uploads\/2023\/11\/fd77f84e-06c4-3ab4-b26b-f5d0614a3e5a_850-1.jpg",620,413,false],"landscape":["https:\/\/arantv.az\/wp-content\/uploads\/2023\/11\/fd77f84e-06c4-3ab4-b26b-f5d0614a3e5a_850-1.jpg",620,413,false],"portraits":["https:\/\/arantv.az\/wp-content\/uploads\/2023\/11\/fd77f84e-06c4-3ab4-b26b-f5d0614a3e5a_850-1.jpg",620,413,false],"thumbnail":["https:\/\/arantv.az\/wp-content\/uploads\/2023\/11\/fd77f84e-06c4-3ab4-b26b-f5d0614a3e5a_850-1-500x280.jpg",500,280,true],"medium":["https:\/\/arantv.az\/wp-content\/uploads\/2023\/11\/fd77f84e-06c4-3ab4-b26b-f5d0614a3e5a_850-1-548x365.jpg",548,365,true],"large":["https:\/\/arantv.az\/wp-content\/uploads\/2023\/11\/fd77f84e-06c4-3ab4-b26b-f5d0614a3e5a_850-1.jpg",620,413,false],"1536x1536":["https:\/\/arantv.az\/wp-content\/uploads\/2023\/11\/fd77f84e-06c4-3ab4-b26b-f5d0614a3e5a_850-1.jpg",620,413,false],"2048x2048":["https:\/\/arantv.az\/wp-content\/uploads\/2023\/11\/fd77f84e-06c4-3ab4-b26b-f5d0614a3e5a_850-1.jpg",620,413,false],"post-thumbnail":["https:\/\/arantv.az\/wp-content\/uploads\/2023\/11\/fd77f84e-06c4-3ab4-b26b-f5d0614a3e5a_850-1-240x172.jpg",240,172,true],"advps-thumb-one":["https:\/\/arantv.az\/wp-content\/uploads\/2023\/11\/fd77f84e-06c4-3ab4-b26b-f5d0614a3e5a_850-1.jpg",620,413,false]},"rttpg_author":{"display_name":"V\u00fcsal Rafiqo\u011flu","author_link":"https:\/\/arantv.az\/?author=2"},"rttpg_comment":0,"rttpg_category":"<a href=\"https:\/\/arantv.az\/?cat=4\" rel=\"category\">Siyas\u0259t<\/a>","rttpg_excerpt":"Noyabr\u0131n 4-d\u0259 Nax\u00e7\u0131van Biznes M\u0259rk\u0259zind\u0259 Nax\u00e7\u0131van Muxtar Respublikas\u0131 Nazirl\u0259r Kabinetinin t\u0259\u015fkilat\u00e7\u0131l\u0131\u011f\u0131 il\u0259 Az\u0259rbaycan Prezidenti\u00a0\u0130lham \u018fliyevin\u00a0hakimiyy\u0259t\u0259 g\u0259li\u015finin 20 illiyi v\u0259 Z\u0259f\u0259r G\u00fcn\u00fcn\u00fcn 3-c\u00fc ild\u00f6n\u00fcm\u00fcn\u0259 h\u0259sr olunmu\u015f \u201cZ\u0259f\u0259r\u0259 ged\u0259n 20 il\u201d m\u00f6vzusunda t\u0259dbir ke\u00e7irilib. \u201cReport\u201dun yerli b\u00fcrosu x\u0259b\u0259r verir ki, \u0259vv\u0259lc\u0259 Az\u0259rbaycan\u0131n D\u00f6vl\u0259t Himni s\u0259sl\u0259ndirilib, \u00fcmummilli lider Heyd\u0259r \u018fliyevin, \u015f\u0259hidl\u0259rimizin \u0259ziz xatir\u0259si bir d\u0259qiq\u0259lik s\u00fckutla yad edilib.&hellip;","_links":{"self":[{"href":"https:\/\/arantv.az\/index.php?rest_route=\/wp\/v2\/posts\/653038"}],"collection":[{"href":"https:\/\/arantv.az\/index.php?rest_route=\/wp\/v2\/posts"}],"about":[{"href":"https:\/\/arantv.az\/index.php?rest_route=\/wp\/v2\/types\/post"}],"author":[{"embeddable":true,"href":"https:\/\/arantv.az\/index.php?rest_route=\/wp\/v2\/users\/2"}],"replies":[{"embeddable":true,"href":"https:\/\/arantv.az\/index.php?rest_route=%2Fwp%2Fv2%2Fcomments&post=653038"}],"version-history":[{"count":0,"href":"https:\/\/arantv.az\/index.php?rest_route=\/wp\/v2\/posts\/653038\/revisions"}],"wp:featuredmedia":[{"embeddable":true,"href":"https:\/\/arantv.az\/index.php?rest_route=\/wp\/v2\/media\/653041"}],"wp:attachment":[{"href":"https:\/\/arantv.az\/index.php?rest_route=%2Fwp%2Fv2%2Fmedia&parent=653038"}],"wp:term":[{"taxonomy":"category","embeddable":true,"href":"https:\/\/arantv.az\/index.php?rest_route=%2Fwp%2Fv2%2Fcategories&post=653038"},{"taxonomy":"post_tag","embeddable":true,"href":"https:\/\/arantv.az\/index.php?rest_route=%2Fwp%2Fv2%2Ftags&post=653038"}],"curies":[{"name":"wp","href":"https:\/\/api.w.org\/{rel}","templated":true}]}}