{"id":653040,"date":"2023-11-04T16:54:19","date_gmt":"2023-11-04T12:54:19","guid":{"rendered":"https:\/\/arantv.az\/?p=653040"},"modified":"2023-11-04T16:54:19","modified_gmt":"2023-11-04T12:54:19","slug":"milli-q%c9%99hr%c9%99man-22-ild%c9%99n-sonra-az%c9%99rbaycana-qayitdi-foto","status":"publish","type":"post","link":"https:\/\/arantv.az\/?p=653040","title":{"rendered":"Milli Q\u0259hr\u0259man 22 ild\u0259n sonra Az\u0259rbaycana qay\u0131td\u0131 &#8211; FOTO"},"content":{"rendered":"<p>2001-ci ild\u0259 Az\u0259rbaycan\u0131 t\u0259rk ed\u0259r\u0259k \u0130sve\u00e7\u0259 k\u00f6\u00e7\u0259n Milli Q\u0259hr\u0259man \u015eahin Ta\u011f\u0131yev 22 ild\u0259n sonra V\u0259t\u0259n\u0259 qay\u0131d\u0131b.<\/p>\n<p>V\u0259t\u0259nd\u0259 olan Milli Q\u0259hr\u0259man d\u00fcn\u0259n &#8211; noyabr\u0131n 3-d\u0259 \u015eu\u015faya gedib, \u015f\u0259h\u0259ri ziyar\u0259t edib. O, sosial \u015f\u0259b\u0259k\u0259d\u0259 \u015eu\u015fadak\u0131 Vaqif m\u0259qb\u0259r\u0259sinin yan\u0131nda \u00e7\u0259kdirdiyi \u015f\u0259klini d\u0259 payla\u015f\u0131b.<\/p>\n<p>Qeyd ed\u0259k ki, Az\u0259rbaycan\u0131n 218 Milli Q\u0259hr\u0259man\u0131ndan haz\u0131rda 16-s\u0131 sa\u011fd\u0131r.<\/p>\n<p>\u018fsl\u0259n \u015eu\u015fadan olan \u015eahin Tal\u0131b o\u011flu Ta\u011f\u0131yev 1949-cu il fevral\u0131n 3-d\u0259 T\u0259rt\u0259r \u015f\u0259h\u0259rind\u0259 do\u011fulub.<\/p>\n<p>Ki\u00e7ik ya\u015flar\u0131ndan Bak\u0131ya k\u00f6\u00e7\u00fcb, u\u015faql\u0131q ill\u0259ri Bak\u0131n\u0131n B\u00fclb\u00fcl\u0259 q\u0259s\u0259b\u0259sind\u0259 ke\u00e7ib, burada b\u00f6y\u00fcy\u00fcb. B\u00fclb\u00fcl\u0259 q\u0259s\u0259b\u0259sind\u0259ki 208 sayl\u0131 m\u0259kt\u0259b\u0259 gedib v\u0259 be\u015finci sinf\u0259 q\u0259d\u0259r burada t\u0259hsil al\u0131b. Yar\u0131m\u00e7\u0131q qalm\u0131\u015f t\u0259hsilini 12 sayl\u0131 internat m\u0259kt\u0259bind\u0259 davam etdirib. Daha sonra Energetika texnikumuna daxil olub. 1969-cu ild\u0259 texnikumu bitirib v\u0259 t\u0259yinatla Rusiyaya &#8211; Udmurt vilay\u0259tin\u0259 g\u00f6nd\u0259rilib.<\/p>\n<p>G\u0259nc ya\u015flar\u0131nda Rusiya v\u0259 Az\u0259rbaycanda \u0259vv\u0259lc\u0259 energetika, sonra ticar\u0259t sah\u0259l\u0259rind\u0259 i\u015fl\u0259yib. 1988-ci ild\u0259n milli azadl\u0131q h\u0259r\u0259kat\u0131n\u0131n f\u0259al i\u015ftirak\u00e7\u0131s\u0131 olub. 1991-ci ild\u0259 k\u00f6n\u00fcll\u00fc olaraq Qaraba\u011f m\u00fcharib\u0259sin\u0259 gedib, leytenant r\u00fctb\u0259sind\u0259 b\u00f6l\u00fck komandiri kimi d\u00f6y\u00fc\u015fl\u0259r\u0259 at\u0131l\u0131b.<\/p>\n<p>1992-ci ild\u0259 h\u0259min b\u00f6l\u00fcy\u00fcn bazas\u0131nda yarad\u0131lan \u201cQurtulu\u015f\u201d batalyonunun komandiri olub. \u00d6z\u00fc v\u0259 r\u0259hb\u0259rlik etdiyi batalyon bir s\u0131ra d\u00f6y\u00fc\u015fl\u0259rd\u0259, o c\u00fcml\u0259d\u0259n A\u011fd\u0259r\u0259 istiqam\u0259tind\u0259 d\u00fc\u015fm\u0259n c\u0259bh\u0259sinin yar\u0131lmas\u0131nda x\u00fcsusi q\u0259hr\u0259manl\u0131q g\u00f6st\u0259rib.<\/p>\n<p>T\u0259rt\u0259r, Seysulan, Yar\u0131mca, Levonarx d\u00f6y\u00fc\u015fl\u0259rind\u0259 i\u015ftirak edib.<\/p>\n<p>Az\u0259rbaycan Respublikas\u0131 Prezidentinin 23 iyun 1992-ci il tarixli f\u0259rman\u0131 il\u0259 Milli Q\u0259hr\u0259man ad\u0131na layiq g\u00f6r\u00fcl\u00fcb.<\/p>\n<p>O, Az\u0259rbaycan\u0131n Milli Q\u0259hr\u0259man\u0131 ad\u0131na layiq g\u00f6r\u00fcl\u0259n ilk d\u00f6rd n\u0259f\u0259rd\u0259n biridir.<\/p>\n<p>1993-c\u00fc ilin mart\u0131nda d\u00f6y\u00fc\u015fl\u0259rin birind\u0259 a\u011f\u0131r yaralan\u0131b, hospitalda uzunm\u00fcdd\u0259tli m\u00fcalic\u0259d\u0259n sonra polkovnik-leytenant r\u00fctb\u0259sind\u0259 Ordudan t\u0259rxis olunub.<\/p>\n<p>\u015eahin Ta\u011f\u0131yev at\u0259\u015fk\u0259s d\u00f6vr\u00fcnd\u0259 d\u0259 Qaraba\u011f\u0131n azadl\u0131\u011f\u0131 namin\u0259 f\u0259aliyy\u0259tini davam etdirib. 1998-ci ild\u0259 Qaraba\u011f Koordinasiya \u015euras\u0131n\u0131n i\u015find\u0259 f\u0259al i\u015ftirak edib. Qaraba\u011f Azadl\u0131q T\u0259\u015fkilat\u0131n\u0131n yarad\u0131c\u0131lar\u0131ndan olub, 2000-ci ild\u0259 Qaraba\u011f Azadl\u0131q T\u0259\u015fkilat\u0131n\u0131n b\u0259rpa qurultay\u0131nda Ali M\u0259clis \u00fczv\u00fc, s\u0259dr m\u00fcavini se\u00e7ilib.<\/p>\n<p>2001-ci ild\u0259n Avropaya m\u00fchacir\u0259t edib.<\/p>\n<p>\u015e.Ta\u011f\u0131yev ail\u0259si il\u0259 birg\u0259 haz\u0131rda \u0130sve\u00e7d\u0259 ya\u015fay\u0131r. Bir o\u011flu, bir q\u0131z\u0131, n\u0259v\u0259l\u0259ri var.<\/p>\n<p>Milli Q\u0259hr\u0259man t\u0259qa\u00fcd\u00e7\u00fcd\u00fcr.<\/p>\n<p>2020-ci il sentyabr\u0131n 27-d\u0259 \u0130kinci Qaraba\u011f m\u00fcharib\u0259si ba\u015flayark\u0259n \u015eahin Ta\u011f\u0131yev s\u0259hh\u0259ti il\u0259 \u0259laq\u0259dar Az\u0259rbaycana g\u0259l\u0259 bilm\u0259yib, oktyabr ay\u0131nda V\u0259t\u0259n m\u00fcharib\u0259sin\u0259 d\u0259st\u0259k m\u0259qs\u0259dil\u0259 Silahl\u0131 Q\u00fcvv\u0259l\u0259r\u0259 Yard\u0131m Fonduna 1 500 manat m\u0259bl\u0259\u011find\u0259 v\u0259sait k\u00f6\u00e7\u00fcr\u00fcb.<\/p>\n<p>Milli Q\u0259hr\u0259man\u0131n \u0259n b\u00f6y\u00fck arzusu \u015eu\u015fadak\u0131 ata yurdunu ziyar\u0259t etm\u0259k idi. O, n\u0259hay\u0259t bu arzusuna qovu\u015fub.<\/p>\n<p>Xat\u0131rladaq ki, Az\u0259rbaycanda sonuncu d\u0259f\u0259 \u201cMilli Q\u0259hr\u0259man\u201d ad\u0131 Prezidentin 9 noyabr 2020-ci il tarixli s\u0259r\u0259ncam\u0131 il\u0259 \u0259razi b\u00fct\u00f6vl\u00fcy\u00fcn\u00fcn b\u0259rpa edilm\u0259sind\u0259 x\u00fcsusi xidm\u0259tl\u0259rin\u0259 v\u0259 d\u00f6y\u00fc\u015f tap\u015f\u0131r\u0131qlar\u0131n\u0131 yerin\u0259 yetir\u0259rk\u0259n g\u00f6st\u0259rdiyi igidliy\u0259 g\u00f6r\u0259 \u00fc\u00e7 n\u0259f\u0259r\u0259 verilib. Bunlar general-mayor Polad H\u0259\u015fimov (\u00f6l\u00fcm\u00fcnd\u0259n sonra), polkovnik \u0130lqar Mirz\u0259yev (\u00f6l\u00fcm\u00fcnd\u0259n sonra) v\u0259 ehtiyatda olan ba\u015f \u00e7avu\u015f \u0130bad H\u00fcseynovdur.<\/p>\n<p>&nbsp;<\/p>\n<div class=\"gallery\">\n<div class=\"gallery-i\"><img src=\"https:\/\/cdn.oxu.az\/uploads\/W1siZiIsIjIwMjMvMTEvMDQvMTMvNTIvNTcvNjg4Y2I3YjctNmVjOC00NTAzLWIwYjQtMWU5YmY5Yjc4YTNiLzE2OTkwOTAyNDVfMzk5MjgzOTQ4XzY3MzI3OTI2MDY3Njk1MjhfNDUzMDQxMzQyMzczODE1NjE5M19uLmpwZyJdLFsicCIsImVuY29kZSIsImpwZyIsIi1xdWFsaXR5IDgwIl0sWyJwIiwidGh1bWIiLCI1OTB4NTkwXHUwMDNlIl1d?sha=c6a8880d03e18b88\" alt=\"\" \/><\/div>\n<\/div>\n","protected":false},"excerpt":{"rendered":"<p>2001-ci ild\u0259 Az\u0259rbaycan\u0131 t\u0259rk ed\u0259r\u0259k \u0130sve\u00e7\u0259 k\u00f6\u00e7\u0259n Milli Q\u0259hr\u0259man \u015eahin Ta\u011f\u0131yev 22 ild\u0259n sonra V\u0259t\u0259n\u0259 qay\u0131d\u0131b. V\u0259t\u0259nd\u0259 olan Milli Q\u0259hr\u0259man d\u00fcn\u0259n &#8211; noyabr\u0131n 3-d\u0259 \u015eu\u015faya gedib, \u015f\u0259h\u0259ri ziyar\u0259t edib. O, sosial \u015f\u0259b\u0259k\u0259d\u0259 \u015eu\u015fadak\u0131 Vaqif m\u0259qb\u0259r\u0259sinin yan\u0131nda \u00e7\u0259kdirdiyi \u015f\u0259klini d\u0259 payla\u015f\u0131b. Qeyd ed\u0259k ki, Az\u0259rbaycan\u0131n 218 Milli Q\u0259hr\u0259man\u0131ndan haz\u0131rda 16-s\u0131 sa\u011fd\u0131r. \u018fsl\u0259n \u015eu\u015fadan olan \u015eahin Tal\u0131b o\u011flu Ta\u011f\u0131yev 1949-cu il fevral\u0131n 3-d\u0259 T\u0259rt\u0259r \u015f\u0259h\u0259rind\u0259 do\u011fulub. Ki\u00e7ik ya\u015flar\u0131ndan Bak\u0131ya k\u00f6\u00e7\u00fcb, u\u015faql\u0131q ill\u0259ri Bak\u0131n\u0131n B\u00fclb\u00fcl\u0259 q\u0259s\u0259b\u0259sind\u0259 ke\u00e7ib, burada b\u00f6y\u00fcy\u00fcb. B\u00fclb\u00fcl\u0259 q\u0259s\u0259b\u0259sind\u0259ki 208 sayl\u0131 m\u0259kt\u0259b\u0259 gedib v\u0259 be\u015finci sinf\u0259 q\u0259d\u0259r burada t\u0259hsil al\u0131b. Yar\u0131m\u00e7\u0131q&hellip;<\/p>\n","protected":false},"author":2,"featured_media":653044,"comment_status":"closed","ping_status":"closed","sticky":false,"template":"","format":"standard","meta":{"om_disable_all_campaigns":false,"_monsterinsights_skip_tracking":false,"_monsterinsights_sitenote_active":false,"_monsterinsights_sitenote_note":"","_monsterinsights_sitenote_category":0},"categories":[19],"tags":[],"aioseo_notices":[],"gutentor_comment":0,"rttpg_featured_image_url":{"full":["https:\/\/arantv.az\/wp-content\/uploads\/2023\/11\/FotoJet-2-4.jpg",620,413,false],"landscape":["https:\/\/arantv.az\/wp-content\/uploads\/2023\/11\/FotoJet-2-4.jpg",620,413,false],"portraits":["https:\/\/arantv.az\/wp-content\/uploads\/2023\/11\/FotoJet-2-4.jpg",620,413,false],"thumbnail":["https:\/\/arantv.az\/wp-content\/uploads\/2023\/11\/FotoJet-2-4-500x280.jpg",500,280,true],"medium":["https:\/\/arantv.az\/wp-content\/uploads\/2023\/11\/FotoJet-2-4-548x365.jpg",548,365,true],"large":["https:\/\/arantv.az\/wp-content\/uploads\/2023\/11\/FotoJet-2-4.jpg",620,413,false],"1536x1536":["https:\/\/arantv.az\/wp-content\/uploads\/2023\/11\/FotoJet-2-4.jpg",620,413,false],"2048x2048":["https:\/\/arantv.az\/wp-content\/uploads\/2023\/11\/FotoJet-2-4.jpg",620,413,false],"post-thumbnail":["https:\/\/arantv.az\/wp-content\/uploads\/2023\/11\/FotoJet-2-4-240x172.jpg",240,172,true],"advps-thumb-one":["https:\/\/arantv.az\/wp-content\/uploads\/2023\/11\/FotoJet-2-4.jpg",620,413,false]},"rttpg_author":{"display_name":"V\u00fcsal Rafiqo\u011flu","author_link":"https:\/\/arantv.az\/?author=2"},"rttpg_comment":0,"rttpg_category":"<a href=\"https:\/\/arantv.az\/?cat=19\" rel=\"category\">G\u00fcnd\u0259m<\/a>","rttpg_excerpt":"2001-ci ild\u0259 Az\u0259rbaycan\u0131 t\u0259rk ed\u0259r\u0259k \u0130sve\u00e7\u0259 k\u00f6\u00e7\u0259n Milli Q\u0259hr\u0259man \u015eahin Ta\u011f\u0131yev 22 ild\u0259n sonra V\u0259t\u0259n\u0259 qay\u0131d\u0131b. V\u0259t\u0259nd\u0259 olan Milli Q\u0259hr\u0259man d\u00fcn\u0259n &#8211; noyabr\u0131n 3-d\u0259 \u015eu\u015faya gedib, \u015f\u0259h\u0259ri ziyar\u0259t edib. O, sosial \u015f\u0259b\u0259k\u0259d\u0259 \u015eu\u015fadak\u0131 Vaqif m\u0259qb\u0259r\u0259sinin yan\u0131nda \u00e7\u0259kdirdiyi \u015f\u0259klini d\u0259 payla\u015f\u0131b. Qeyd ed\u0259k ki, Az\u0259rbaycan\u0131n 218 Milli Q\u0259hr\u0259man\u0131ndan haz\u0131rda 16-s\u0131 sa\u011fd\u0131r. \u018fsl\u0259n \u015eu\u015fadan olan \u015eahin Tal\u0131b&hellip;","_links":{"self":[{"href":"https:\/\/arantv.az\/index.php?rest_route=\/wp\/v2\/posts\/653040"}],"collection":[{"href":"https:\/\/arantv.az\/index.php?rest_route=\/wp\/v2\/posts"}],"about":[{"href":"https:\/\/arantv.az\/index.php?rest_route=\/wp\/v2\/types\/post"}],"author":[{"embeddable":true,"href":"https:\/\/arantv.az\/index.php?rest_route=\/wp\/v2\/users\/2"}],"replies":[{"embeddable":true,"href":"https:\/\/arantv.az\/index.php?rest_route=%2Fwp%2Fv2%2Fcomments&post=653040"}],"version-history":[{"count":0,"href":"https:\/\/arantv.az\/index.php?rest_route=\/wp\/v2\/posts\/653040\/revisions"}],"wp:featuredmedia":[{"embeddable":true,"href":"https:\/\/arantv.az\/index.php?rest_route=\/wp\/v2\/media\/653044"}],"wp:attachment":[{"href":"https:\/\/arantv.az\/index.php?rest_route=%2Fwp%2Fv2%2Fmedia&parent=653040"}],"wp:term":[{"taxonomy":"category","embeddable":true,"href":"https:\/\/arantv.az\/index.php?rest_route=%2Fwp%2Fv2%2Fcategories&post=653040"},{"taxonomy":"post_tag","embeddable":true,"href":"https:\/\/arantv.az\/index.php?rest_route=%2Fwp%2Fv2%2Ftags&post=653040"}],"curies":[{"name":"wp","href":"https:\/\/api.w.org\/{rel}","templated":true}]}}