{"id":653055,"date":"2023-11-04T17:03:38","date_gmt":"2023-11-04T13:03:38","guid":{"rendered":"https:\/\/arantv.az\/?p=653055"},"modified":"2023-11-04T17:03:38","modified_gmt":"2023-11-04T13:03:38","slug":"erm%c9%99nistan-fransaya-gor%c9%99-evtanaziya-edir-yegan%c9%99-cixis-yolu-kaspinin-t%c9%99hlili","status":"publish","type":"post","link":"https:\/\/arantv.az\/?p=653055","title":{"rendered":"Erm\u0259nistan Fransaya g\u00f6r\u0259 evtanaziya edir: Yegan\u0259 \u00e7\u0131x\u0131\u015f yolu&#8230; &#8211; \u201cKaspi\u201dnin T\u018fHL\u0130L\u0130"},"content":{"rendered":"<p>Fransan\u0131n Erm\u0259nistana ciddi \u015f\u0259kild\u0259 n\u00fcfuz etm\u0259si \u0130r\u0259vanda Nikol Pa\u015finyan h\u00f6kum\u0259tinin n\u00f6vb\u0259ti u\u011furu kimi t\u0259qdim edils\u0259 d\u0259, art\u0131q bu m\u00fcnasib\u0259tin ciddi f\u0259sadlar\u0131 \u00fcz\u0259 \u00e7\u0131xma\u011fa ba\u015flay\u0131b. R\u0259smi Parisin ekspansionist siyas\u0259ti Erm\u0259nistan\u0131 regionda t\u0259crid v\u0259ziyy\u0259tin\u0259 salmaq \u00fczr\u0259dir.<\/p>\n<p>M\u00f6vzuyla ba\u011fl\u0131\u00a0<a href=\"https:\/\/kaspi.az\/ermenistan-fransaya-gore-tepiklenir?fbclid=IwAR18slvlOCqZlYWUcUbXc9vGSTgpZkA48KprZeD1JDKx2dJnzr37o7SHdjY\" target=\"_blank\" rel=\"noopener\"><strong>\u201cKaspi\u201d<\/strong><\/a>\u00a0q\u0259zetinin m\u0259qal\u0259sini t\u0259qdim edirik.<\/p>\n<p>Fransa uzun m\u00fcdd\u0259tdir Rusiyan\u0131 C\u0259nubi Qafqazda regiondan s\u0131x\u0131\u015fd\u0131r\u0131b \u00e7\u0131xarmaq ist\u0259yini Erm\u0259nistanla \u201cdost, m\u00fctt\u0259fiq\u201d p\u0259rd\u0259si arxas\u0131nda gizl\u0259dir. \u0130st\u0259r Erm\u0259nistan-Az\u0259rbaycan s\u00fclh dan\u0131\u015f\u0131qlar\u0131n\u0131 sabotaj etm\u0259k, silah alveri, ist\u0259rs\u0259 d\u0259 Avropa \u0130ttifaq\u0131 m\u00fc\u015fahid\u0259 missiyas\u0131nda dikt\u0259edici rola sahib olmaq c\u0259hdi n\u0259 Rusiya il\u0259 \u0130ran\u0131n, n\u0259 d\u0259 Az\u0259rbaycanla T\u00fcrkiy\u0259nin n\u0259z\u0259rind\u0259n yay\u0131n\u0131r. M\u0259s\u0259l\u0259 buras\u0131ndad\u0131r ki, Q\u0259rbin b\u00fct\u00fcn planlar\u0131na h\u0259v\u0259sl\u0259 \u201ch\u0259\u201d dey\u0259n Pa\u015finyan \u00e7ana\u011f\u0131n Erm\u0259nistan\u0131n ba\u015f\u0131nda \u00e7atlamas\u0131ndan bix\u0259b\u0259r kimi g\u00f6r\u00fcn\u00fcr.<\/p>\n<p><strong>Fransa \u00f6z maraqlar\u0131 \u00fc\u00e7\u00fcn s\u00fclh dan\u0131\u015f\u0131qlar\u0131n\u0131 sabotaj edir<\/strong><\/p>\n<p>Fransa Q\u0259rb platformas\u0131nda ke\u00e7iril\u0259n dan\u0131\u015f\u0131qlarda t\u0259r\u0259fsizliyini qoruya bilm\u0259diyi \u00fc\u00e7\u00fcn Az\u0259rbaycan\u0131n s\u0259rt m\u00f6vqeyi il\u0259 \u00fczl\u0259\u015fib. Vasit\u0259\u00e7i kimi neytrall\u0131\u011f\u0131n\u0131 qorumal\u0131 olan Paris t\u0259r\u0259fke\u015flik edir, Erm\u0259nistan\u0131 q\u0131z\u0131\u015fd\u0131raraq diplomatik qalmaqala s\u0259b\u0259b olur. S\u0131rf bu s\u0259b\u0259bd\u0259n Az\u0259rbaycan t\u0259r\u0259fi Qranada g\u00f6r\u00fc\u015f\u00fcnd\u0259n imtina edib. Br\u00fcssel g\u00f6r\u00fc\u015f\u00fc d\u0259 al\u0131nmay\u0131b. Q\u0131sacas\u0131, Fransan\u0131n dan\u0131\u015f\u0131qlarda t\u0259r\u0259fke\u015fliyi v\u0259 erm\u0259ni havadarl\u0131\u011f\u0131 Az\u0259rbaycan\u0131n s\u0259bir kasas\u0131n\u0131 doldurub v\u0259 Bak\u0131 Q\u0259rb platformas\u0131n\u0131n art\u0131q effektiv olmad\u0131\u011f\u0131na i\u015far\u0259 edir. T\u0259sad\u00fcfi deyil ki, Az\u0259rbaycan Prezidenti \u0130lham \u018fliyev art\u0131q t\u0259r\u0259fl\u0259r aras\u0131nda ikit\u0259r\u0259fli g\u00f6r\u00fc\u015fl\u0259rin daha effektiv olaca\u011f\u0131n\u0131 vur\u011fulay\u0131b. Dan\u0131\u015f\u0131qlar\u0131n Fransa t\u0259r\u0259find\u0259n sabotaj edilm\u0259si h\u0259m Rusiyan\u0131n q\u0259z\u0259bl\u0259nm\u0259sin\u0259, h\u0259m s\u00fclh m\u00fcqavil\u0259sinin imzalanmas\u0131na, h\u0259m d\u0259 regionun inki\u015faf\u0131na m\u0259nfi t\u0259sir g\u00f6st\u0259rir. \u0130qtisadiyyat\u0131 can \u00fcst\u00fcnd\u0259 olan Erm\u0259nistana is\u0259 q\u0131sa m\u00fcdd\u0259t\u0259 s\u00fclh m\u00fcqavil\u0259sini imzalamaq, regiondak\u0131 n\u0259qliyyat kommunikasiyalar\u0131n\u0131n blokdan \u00e7\u0131xar\u0131lmas\u0131na k\u00f6m\u0259k etm\u0259k, T\u00fcrkiy\u0259 v\u0259 Az\u0259rbaycanla m\u00fcnasib\u0259tl\u0259ri normalla\u015fd\u0131rmaq hava v\u0259 su kimi vacibdir.<\/p>\n<p><strong>\u201c\u0130r\u0259van silahlar\u0131n pulunu nec\u0259 \u00f6d\u0259y\u0259c\u0259k?\u201d<\/strong><\/p>\n<p>Fransa Erm\u0259nistana h\u0259rbi sah\u0259d\u0259 d\u0259st\u0259k g\u00f6st\u0259rm\u0259yi d\u0259 \u00f6hd\u0259sin\u0259 g\u00f6t\u00fcr\u00fcb. Bu yax\u0131nlarda Erm\u0259nistan\u0131n m\u00fcdafi\u0259 naziri Suren Papikyan\u0131n Paris\u0259 s\u0259f\u0259ri t\u0259r\u0259fl\u0259r aras\u0131nda m\u00fcqavil\u0259 imzalanmas\u0131 il\u0259 ba\u015fa \u00e7at\u0131b. M\u00fcqavil\u0259y\u0259 \u0259sas\u0259n, Fransa Erm\u0259nistana 3 \u0259d\u0259d \u201cGM200\u201d radar\u0131 v\u0259 \u201cZPK Mistral\u201d sistemi satmaqla yana\u015f\u0131, x\u00fcsusi t\u0259yinatl\u0131lar\u0131n haz\u0131rlanmas\u0131nda pe\u015f\u0259kar k\u00f6m\u0259k ed\u0259c\u0259yini d\u0259 boynuna g\u00f6t\u00fcr\u00fcb. M\u00fcqavil\u0259d\u0259n d\u0259 g\u00f6r\u00fcn\u00fcr ki, irih\u0259cmli silah alverind\u0259n s\u00f6hb\u0259t getmir v\u0259 m\u0259s\u0259l\u0259 r\u0259smi Paris t\u0259r\u0259find\u0259n siyasil\u0259\u015fdirilib. M\u00fcqavil\u0259nin alt\u0131nda is\u0259 Rusiyan\u0131 regiondan qovmaq, \u00f6z silahlar\u0131n\u0131 b\u00f6lg\u0259 \u00f6lk\u0259l\u0259rin\u0259 tan\u0131tmaq m\u0259qs\u0259di gizl\u0259nib. Makronun Erm\u0259nistan\u0131 laz\u0131m olan silah-sursatla t\u0259min etm\u0259y\u0259c\u0259yi g\u00fcn kimi ayd\u0131nd\u0131r. \u00c7\u00fcnki h\u0259l\u0259 Suren Papikyan Parisd\u0259 olanda \u201cLe Monde\u201d q\u0259zetind\u0259 \u201c\u0130r\u0259van silahlar\u0131n pulunu nec\u0259 \u00f6d\u0259y\u0259c\u0259k?\u201d ba\u015fl\u0131ql\u0131 m\u0259qal\u0259 d\u0259rc edilmi\u015fdi.<\/p>\n<p><strong>Rusiya Erm\u0259nistan\u0131 regional layih\u0259l\u0259rd\u0259n \u00e7\u0131xar\u0131r<\/strong><\/p>\n<p>T\u0259bii ki, Erm\u0259nistan\u0131n yuxar\u0131da sadalanan v\u0259 h\u0259r biri \u0259sas\u0259n Rusiyaya qar\u015f\u0131 hesablanm\u0131\u015f add\u0131mlar\u0131na Kreml seyr\u00e7i qala bilm\u0259zdi. Suren Papikyan\u0131n Parisd\u0259 imzalad\u0131\u011f\u0131 m\u00fcqavil\u0259nin m\u00fcr\u0259kk\u0259bi qurumam\u0131\u015f Moskvadan Erm\u0259nistan\u0131n arzular\u0131na etiraz ifad\u0259 olunub. Rusiya ba\u015f nazirinin m\u00fcavini Aleksey Over\u00e7uk bildirib ki, Erm\u0259nistan haz\u0131rda \u015eimal-C\u0259nub d\u0259hlizinin bir hiss\u0259si deyil. R\u0259smi \u0130r\u0259van Me\u011frid\u0259n ke\u00e7\u0259n yolun tikintisi il\u0259 ba\u011fl\u0131 d\u0259qiq cavab verm\u0259yib v\u0259 Az\u0259rbaycanla \u0130ran Erm\u0259nistandan yan ke\u00e7m\u0259kl\u0259 Araz \u00e7ay\u0131n\u0131n c\u0259nub sahili boyunca uzanacaq avtomobil yolunun tikintisin\u0259 ba\u015flay\u0131blar. Eyni istiqam\u0259td\u0259 d\u0259mir yolunun da tikintisi planla\u015fd\u0131r\u0131l\u0131r. Over\u00e7ukun a\u00e7\u0131qlamas\u0131 bir ne\u00e7\u0259 ildir h\u0259r f\u00fcrs\u0259td\u0259 \u015eimal-C\u0259nub d\u0259hlizi layih\u0259sind\u0259n dan\u0131\u015fan Pa\u015finyan\u0131n planlar\u0131n\u0131 suya sal\u0131b. G\u00f6r\u00fcn\u0259n odur ki, 30 il \u0259vv\u0259l oldu\u011fu kimi, bu d\u0259f\u0259 d\u0259 Erm\u0259nistan regiondak\u0131 beyn\u0259lxalq layih\u0259l\u0259rd\u0259n uzaq qalmaq t\u0259hl\u00fck\u0259sil\u0259 \u00fcz-\u00fcz\u0259dir.<\/p>\n<p><strong>Kremlin siyah\u0131s\u0131nda Erm\u0259nistan\u0131n ad\u0131 yoxdur<\/strong><\/p>\n<p>Fransa il\u0259 qol-boyun olma\u011f\u0131n f\u0259sadlar\u0131 bununla da bitmir. Bir ne\u00e7\u0259 g\u00fcn \u0259vv\u0259l Rusiya Federasiyas\u0131 Federal G\u00f6mr\u00fck Xidm\u0259tinin r\u0259hb\u0259ri v\u0259zif\u0259sini icra ed\u0259n Ruslan Dav\u0131dov maraql\u0131 a\u00e7\u0131qlama verib. Rusiyal\u0131 r\u0259smi qeyd edib ki, Az\u0259rbaycanla \u201cSad\u0259l\u0259\u015fdirilmi\u015f G\u00f6mr\u00fck D\u0259hlizi\u201d layih\u0259si h\u0259yata ke\u00e7iril\u0259c\u0259k. S\u00f6z\u00fcged\u0259n layih\u0259 Az\u0259rbaycandan ba\u015fqa \u0130ran, Suriya, \u00d6zb\u0259kistan, T\u00fcrkiy\u0259 v\u0259 \u00c7inl\u0259 realla\u015fd\u0131r\u0131lacaq. Bu siyah\u0131da Erm\u0259nistan\u0131n ad\u0131 yoxdur. Rusiyan\u0131n dost \u00f6lk\u0259l\u0259rl\u0259 ba\u011flanm\u0131\u015f beyn\u0259lxalq m\u00fcqavil\u0259l\u0259r \u00e7\u0259r\u00e7iv\u0259sind\u0259 y\u00fckl\u0259rin da\u015f\u0131nmas\u0131n\u0131n s\u00fcr\u0259tl\u0259ndirilm\u0259si \u00fc\u00e7\u00fcn n\u0259z\u0259rd\u0259 tutulan \u0259n perspektivli layih\u0259l\u0259r s\u0131ras\u0131nda \u201cSad\u0259l\u0259\u015fdirilmi\u015f G\u00f6mr\u00fck D\u0259hlizi\u201d layih\u0259si x\u00fcsusi yer tutur.<\/p>\n<p>G\u00f6r\u00fcnd\u00fcy\u00fc kimi, Fransan\u0131n quca\u011f\u0131nda oturmaqla Erm\u0259nistan \u0259slind\u0259 \u00f6z quyusunu qaz\u0131r. Yuxar\u0131da sadalananlar h\u0259l\u0259 ki, Rusiyan\u0131n ilk cavab t\u0259dbirl\u0259ridir. R\u0259smi Moskvan\u0131n Erm\u0259nistanla ba\u011fl\u0131 ba\u015fqa planlar\u0131n\u0131n da olaca\u011f\u0131 \u015f\u00fcbh\u0259sizdir. Erm\u0259nistan\u0131n bu m\u0259ng\u0259n\u0259d\u0259n qurtulmaq \u00fc\u00e7\u00fcn yegan\u0259 \u00e7\u0131x\u0131\u015f yolu Az\u0259rbaycan v\u0259 T\u00fcrkiy\u0259 il\u0259 m\u00fcnasib\u0259tl\u0259ri normalla\u015fd\u0131rmaqd\u0131r.<\/p>\n","protected":false},"excerpt":{"rendered":"<p>Fransan\u0131n Erm\u0259nistana ciddi \u015f\u0259kild\u0259 n\u00fcfuz etm\u0259si \u0130r\u0259vanda Nikol Pa\u015finyan h\u00f6kum\u0259tinin n\u00f6vb\u0259ti u\u011furu kimi t\u0259qdim edils\u0259 d\u0259, art\u0131q bu m\u00fcnasib\u0259tin ciddi f\u0259sadlar\u0131 \u00fcz\u0259 \u00e7\u0131xma\u011fa ba\u015flay\u0131b. R\u0259smi Parisin ekspansionist siyas\u0259ti Erm\u0259nistan\u0131 regionda t\u0259crid v\u0259ziyy\u0259tin\u0259 salmaq \u00fczr\u0259dir. M\u00f6vzuyla ba\u011fl\u0131\u00a0\u201cKaspi\u201d\u00a0q\u0259zetinin m\u0259qal\u0259sini t\u0259qdim edirik. Fransa uzun m\u00fcdd\u0259tdir Rusiyan\u0131 C\u0259nubi Qafqazda regiondan s\u0131x\u0131\u015fd\u0131r\u0131b \u00e7\u0131xarmaq ist\u0259yini Erm\u0259nistanla \u201cdost, m\u00fctt\u0259fiq\u201d p\u0259rd\u0259si arxas\u0131nda gizl\u0259dir. \u0130st\u0259r Erm\u0259nistan-Az\u0259rbaycan s\u00fclh dan\u0131\u015f\u0131qlar\u0131n\u0131 sabotaj etm\u0259k, silah alveri, ist\u0259rs\u0259 d\u0259 Avropa \u0130ttifaq\u0131 m\u00fc\u015fahid\u0259 missiyas\u0131nda dikt\u0259edici rola sahib olmaq c\u0259hdi n\u0259 Rusiya il\u0259 \u0130ran\u0131n, n\u0259 d\u0259 Az\u0259rbaycanla T\u00fcrkiy\u0259nin n\u0259z\u0259rind\u0259n yay\u0131n\u0131r. M\u0259s\u0259l\u0259 buras\u0131ndad\u0131r ki, Q\u0259rbin b\u00fct\u00fcn planlar\u0131na&hellip;<\/p>\n","protected":false},"author":2,"featured_media":653056,"comment_status":"closed","ping_status":"closed","sticky":false,"template":"","format":"standard","meta":{"om_disable_all_campaigns":false,"_monsterinsights_skip_tracking":false,"_monsterinsights_sitenote_active":false,"_monsterinsights_sitenote_note":"","_monsterinsights_sitenote_category":0},"categories":[4],"tags":[],"aioseo_notices":[],"gutentor_comment":0,"rttpg_featured_image_url":{"full":["https:\/\/arantv.az\/wp-content\/uploads\/2023\/11\/j5mrugYyDpCh9B80F6IhYrMhX7X3h7ByboZ79GFc.jpg",620,413,false],"landscape":["https:\/\/arantv.az\/wp-content\/uploads\/2023\/11\/j5mrugYyDpCh9B80F6IhYrMhX7X3h7ByboZ79GFc.jpg",620,413,false],"portraits":["https:\/\/arantv.az\/wp-content\/uploads\/2023\/11\/j5mrugYyDpCh9B80F6IhYrMhX7X3h7ByboZ79GFc.jpg",620,413,false],"thumbnail":["https:\/\/arantv.az\/wp-content\/uploads\/2023\/11\/j5mrugYyDpCh9B80F6IhYrMhX7X3h7ByboZ79GFc-500x280.jpg",500,280,true],"medium":["https:\/\/arantv.az\/wp-content\/uploads\/2023\/11\/j5mrugYyDpCh9B80F6IhYrMhX7X3h7ByboZ79GFc-548x365.jpg",548,365,true],"large":["https:\/\/arantv.az\/wp-content\/uploads\/2023\/11\/j5mrugYyDpCh9B80F6IhYrMhX7X3h7ByboZ79GFc.jpg",620,413,false],"1536x1536":["https:\/\/arantv.az\/wp-content\/uploads\/2023\/11\/j5mrugYyDpCh9B80F6IhYrMhX7X3h7ByboZ79GFc.jpg",620,413,false],"2048x2048":["https:\/\/arantv.az\/wp-content\/uploads\/2023\/11\/j5mrugYyDpCh9B80F6IhYrMhX7X3h7ByboZ79GFc.jpg",620,413,false],"post-thumbnail":["https:\/\/arantv.az\/wp-content\/uploads\/2023\/11\/j5mrugYyDpCh9B80F6IhYrMhX7X3h7ByboZ79GFc-240x172.jpg",240,172,true],"advps-thumb-one":["https:\/\/arantv.az\/wp-content\/uploads\/2023\/11\/j5mrugYyDpCh9B80F6IhYrMhX7X3h7ByboZ79GFc.jpg",620,413,false]},"rttpg_author":{"display_name":"V\u00fcsal Rafiqo\u011flu","author_link":"https:\/\/arantv.az\/?author=2"},"rttpg_comment":0,"rttpg_category":"<a href=\"https:\/\/arantv.az\/?cat=4\" rel=\"category\">Siyas\u0259t<\/a>","rttpg_excerpt":"Fransan\u0131n Erm\u0259nistana ciddi \u015f\u0259kild\u0259 n\u00fcfuz etm\u0259si \u0130r\u0259vanda Nikol Pa\u015finyan h\u00f6kum\u0259tinin n\u00f6vb\u0259ti u\u011furu kimi t\u0259qdim edils\u0259 d\u0259, art\u0131q bu m\u00fcnasib\u0259tin ciddi f\u0259sadlar\u0131 \u00fcz\u0259 \u00e7\u0131xma\u011fa ba\u015flay\u0131b. R\u0259smi Parisin ekspansionist siyas\u0259ti Erm\u0259nistan\u0131 regionda t\u0259crid v\u0259ziyy\u0259tin\u0259 salmaq \u00fczr\u0259dir. M\u00f6vzuyla ba\u011fl\u0131\u00a0\u201cKaspi\u201d\u00a0q\u0259zetinin m\u0259qal\u0259sini t\u0259qdim edirik. Fransa uzun m\u00fcdd\u0259tdir Rusiyan\u0131 C\u0259nubi Qafqazda regiondan s\u0131x\u0131\u015fd\u0131r\u0131b \u00e7\u0131xarmaq ist\u0259yini Erm\u0259nistanla \u201cdost, m\u00fctt\u0259fiq\u201d p\u0259rd\u0259si arxas\u0131nda gizl\u0259dir.&hellip;","_links":{"self":[{"href":"https:\/\/arantv.az\/index.php?rest_route=\/wp\/v2\/posts\/653055"}],"collection":[{"href":"https:\/\/arantv.az\/index.php?rest_route=\/wp\/v2\/posts"}],"about":[{"href":"https:\/\/arantv.az\/index.php?rest_route=\/wp\/v2\/types\/post"}],"author":[{"embeddable":true,"href":"https:\/\/arantv.az\/index.php?rest_route=\/wp\/v2\/users\/2"}],"replies":[{"embeddable":true,"href":"https:\/\/arantv.az\/index.php?rest_route=%2Fwp%2Fv2%2Fcomments&post=653055"}],"version-history":[{"count":0,"href":"https:\/\/arantv.az\/index.php?rest_route=\/wp\/v2\/posts\/653055\/revisions"}],"wp:featuredmedia":[{"embeddable":true,"href":"https:\/\/arantv.az\/index.php?rest_route=\/wp\/v2\/media\/653056"}],"wp:attachment":[{"href":"https:\/\/arantv.az\/index.php?rest_route=%2Fwp%2Fv2%2Fmedia&parent=653055"}],"wp:term":[{"taxonomy":"category","embeddable":true,"href":"https:\/\/arantv.az\/index.php?rest_route=%2Fwp%2Fv2%2Fcategories&post=653055"},{"taxonomy":"post_tag","embeddable":true,"href":"https:\/\/arantv.az\/index.php?rest_route=%2Fwp%2Fv2%2Ftags&post=653055"}],"curies":[{"name":"wp","href":"https:\/\/api.w.org\/{rel}","templated":true}]}}