{"id":653082,"date":"2023-11-04T17:16:30","date_gmt":"2023-11-04T13:16:30","guid":{"rendered":"https:\/\/arantv.az\/?p=653082"},"modified":"2023-11-04T17:16:30","modified_gmt":"2023-11-04T13:16:30","slug":"%c9%99rdogan-qarabag-dunyaya-h%c9%99mr%c9%99yliyin-%c9%99n-boyuk-subutu-oldu","status":"publish","type":"post","link":"https:\/\/arantv.az\/?p=653082","title":{"rendered":"\u018frdo\u011fan: \u201cQaraba\u011f d\u00fcnyaya h\u0259mr\u0259yliyin \u0259n b\u00f6y\u00fck s\u00fcbutu oldu\u201d"},"content":{"rendered":"<p>\u201cT\u00fcrkiy\u0259 Qaraba\u011f m\u00fcharib\u0259si zaman\u0131 Az\u0259rbaycanla tam h\u0259mr\u0259ylik n\u00fcmayi\u015f etdirib\u201d.<\/p>\n<p>Bu bar\u0259d\u0259 T\u00fcrkiy\u0259 Prezidenti R\u0259c\u0259b Tayyib \u018frdo\u011fan b\u0259yan edib.<\/p>\n<p>O, uzun zamand\u0131r d\u00fcnyada silsil\u0259 b\u00f6hranlar oldu\u011funu, bu s\u0259b\u0259bd\u0259n t\u00fcrk d\u00f6vl\u0259tl\u0259ri aras\u0131nda siyasi, h\u0259rbi, iqtisadi v\u0259 ticari sah\u0259l\u0259rd\u0259 g\u00fcc birliyi olmas\u0131 \u00fc\u00e7\u00fcn add\u0131mlar bar\u0259d\u0259 d\u00fc\u015f\u00fcn\u00fcld\u00fcy\u00fcn\u00fc deyib.<\/p>\n<p>\u201cQ\u0259rara g\u0259ldik ki, ancaq m\u00f6vcud t\u00fcrk d\u00f6vl\u0259tl\u0259ri bir araya g\u0259l\u0259rs\u0259, bu\u00a0m\u00fcmk\u00fcnd\u00fcr, sonra da bu istiqam\u0259td\u0259 add\u0131mlar at\u0131ld\u0131\u201d, &#8211; dey\u0259 d\u00f6vl\u0259t ba\u015f\u00e7\u0131s\u0131 \u0259lav\u0259 edib.<\/p>\n<p>R.T.\u018frdo\u011fan t\u00fcrk d\u00f6vl\u0259tl\u0259ri aras\u0131nda h\u0259mr\u0259ylik v\u0259 birliyin b\u00fct\u00fcn sah\u0259l\u0259rd\u0259 inki\u015faf etm\u0259y\u0259 ba\u015flad\u0131\u011f\u0131n\u0131 vur\u011fulay\u0131b:<\/p>\n<p>\u201cAllaha \u015f\u00fck\u00fcr, haz\u0131rda siyasi birliyimiz var. H\u0259rbi sah\u0259d\u0259 \u0259n m\u00fch\u00fcm h\u0259mr\u0259yliyi art\u0131q Qaraba\u011fda n\u00fcmayi\u015f etdirmi\u015fik. Qaraba\u011f d\u00fcnyaya bunun \u0259n b\u00f6y\u00fck s\u00fcbutu oldu. Y\u0259ni d\u00f6vl\u0259t v\u0259 xalq bu h\u0259mr\u0259yliyi hiss ed\u0259rs\u0259, n\u0259tic\u0259 \u0259ld\u0259 ed\u0259 bil\u0259r mesaj\u0131 verildi. Qaraba\u011fda da o n\u0259tic\u0259 \u0259ld\u0259 olundu\u201d.<\/p>\n<p>M\u0259nb\u0259:\u00a0\u201cAnadolu\u201d Agentliyi<\/p>\n","protected":false},"excerpt":{"rendered":"<p>\u201cT\u00fcrkiy\u0259 Qaraba\u011f m\u00fcharib\u0259si zaman\u0131 Az\u0259rbaycanla tam h\u0259mr\u0259ylik n\u00fcmayi\u015f etdirib\u201d. Bu bar\u0259d\u0259 T\u00fcrkiy\u0259 Prezidenti R\u0259c\u0259b Tayyib \u018frdo\u011fan b\u0259yan edib. O, uzun zamand\u0131r d\u00fcnyada silsil\u0259 b\u00f6hranlar oldu\u011funu, bu s\u0259b\u0259bd\u0259n t\u00fcrk d\u00f6vl\u0259tl\u0259ri aras\u0131nda siyasi, h\u0259rbi, iqtisadi v\u0259 ticari sah\u0259l\u0259rd\u0259 g\u00fcc birliyi olmas\u0131 \u00fc\u00e7\u00fcn add\u0131mlar bar\u0259d\u0259 d\u00fc\u015f\u00fcn\u00fcld\u00fcy\u00fcn\u00fc deyib. \u201cQ\u0259rara g\u0259ldik ki, ancaq m\u00f6vcud t\u00fcrk d\u00f6vl\u0259tl\u0259ri bir araya g\u0259l\u0259rs\u0259, bu\u00a0m\u00fcmk\u00fcnd\u00fcr, sonra da bu istiqam\u0259td\u0259 add\u0131mlar at\u0131ld\u0131\u201d, &#8211; dey\u0259 d\u00f6vl\u0259t ba\u015f\u00e7\u0131s\u0131 \u0259lav\u0259 edib. R.T.\u018frdo\u011fan t\u00fcrk d\u00f6vl\u0259tl\u0259ri aras\u0131nda h\u0259mr\u0259ylik v\u0259 birliyin b\u00fct\u00fcn sah\u0259l\u0259rd\u0259 inki\u015faf etm\u0259y\u0259 ba\u015flad\u0131\u011f\u0131n\u0131 vur\u011fulay\u0131b: \u201cAllaha \u015f\u00fck\u00fcr, haz\u0131rda siyasi birliyimiz var. H\u0259rbi sah\u0259d\u0259 \u0259n m\u00fch\u00fcm&hellip;<\/p>\n","protected":false},"author":2,"featured_media":653085,"comment_status":"closed","ping_status":"closed","sticky":false,"template":"","format":"standard","meta":{"om_disable_all_campaigns":false,"_monsterinsights_skip_tracking":false,"_monsterinsights_sitenote_active":false,"_monsterinsights_sitenote_note":"","_monsterinsights_sitenote_category":0},"categories":[4],"tags":[],"aioseo_notices":[],"gutentor_comment":0,"rttpg_featured_image_url":{"full":["https:\/\/arantv.az\/wp-content\/uploads\/2023\/11\/FotoJet-2023-10-29T195453.487.jpg",620,413,false],"landscape":["https:\/\/arantv.az\/wp-content\/uploads\/2023\/11\/FotoJet-2023-10-29T195453.487.jpg",620,413,false],"portraits":["https:\/\/arantv.az\/wp-content\/uploads\/2023\/11\/FotoJet-2023-10-29T195453.487.jpg",620,413,false],"thumbnail":["https:\/\/arantv.az\/wp-content\/uploads\/2023\/11\/FotoJet-2023-10-29T195453.487-500x280.jpg",500,280,true],"medium":["https:\/\/arantv.az\/wp-content\/uploads\/2023\/11\/FotoJet-2023-10-29T195453.487-548x365.jpg",548,365,true],"large":["https:\/\/arantv.az\/wp-content\/uploads\/2023\/11\/FotoJet-2023-10-29T195453.487.jpg",620,413,false],"1536x1536":["https:\/\/arantv.az\/wp-content\/uploads\/2023\/11\/FotoJet-2023-10-29T195453.487.jpg",620,413,false],"2048x2048":["https:\/\/arantv.az\/wp-content\/uploads\/2023\/11\/FotoJet-2023-10-29T195453.487.jpg",620,413,false],"post-thumbnail":["https:\/\/arantv.az\/wp-content\/uploads\/2023\/11\/FotoJet-2023-10-29T195453.487-240x172.jpg",240,172,true],"advps-thumb-one":["https:\/\/arantv.az\/wp-content\/uploads\/2023\/11\/FotoJet-2023-10-29T195453.487.jpg",620,413,false]},"rttpg_author":{"display_name":"V\u00fcsal Rafiqo\u011flu","author_link":"https:\/\/arantv.az\/?author=2"},"rttpg_comment":0,"rttpg_category":"<a href=\"https:\/\/arantv.az\/?cat=4\" rel=\"category\">Siyas\u0259t<\/a>","rttpg_excerpt":"\u201cT\u00fcrkiy\u0259 Qaraba\u011f m\u00fcharib\u0259si zaman\u0131 Az\u0259rbaycanla tam h\u0259mr\u0259ylik n\u00fcmayi\u015f etdirib\u201d. Bu bar\u0259d\u0259 T\u00fcrkiy\u0259 Prezidenti R\u0259c\u0259b Tayyib \u018frdo\u011fan b\u0259yan edib. O, uzun zamand\u0131r d\u00fcnyada silsil\u0259 b\u00f6hranlar oldu\u011funu, bu s\u0259b\u0259bd\u0259n t\u00fcrk d\u00f6vl\u0259tl\u0259ri aras\u0131nda siyasi, h\u0259rbi, iqtisadi v\u0259 ticari sah\u0259l\u0259rd\u0259 g\u00fcc birliyi olmas\u0131 \u00fc\u00e7\u00fcn add\u0131mlar bar\u0259d\u0259 d\u00fc\u015f\u00fcn\u00fcld\u00fcy\u00fcn\u00fc deyib. \u201cQ\u0259rara g\u0259ldik ki, ancaq m\u00f6vcud t\u00fcrk d\u00f6vl\u0259tl\u0259ri bir araya g\u0259l\u0259rs\u0259, bu\u00a0m\u00fcmk\u00fcnd\u00fcr,&hellip;","_links":{"self":[{"href":"https:\/\/arantv.az\/index.php?rest_route=\/wp\/v2\/posts\/653082"}],"collection":[{"href":"https:\/\/arantv.az\/index.php?rest_route=\/wp\/v2\/posts"}],"about":[{"href":"https:\/\/arantv.az\/index.php?rest_route=\/wp\/v2\/types\/post"}],"author":[{"embeddable":true,"href":"https:\/\/arantv.az\/index.php?rest_route=\/wp\/v2\/users\/2"}],"replies":[{"embeddable":true,"href":"https:\/\/arantv.az\/index.php?rest_route=%2Fwp%2Fv2%2Fcomments&post=653082"}],"version-history":[{"count":0,"href":"https:\/\/arantv.az\/index.php?rest_route=\/wp\/v2\/posts\/653082\/revisions"}],"wp:featuredmedia":[{"embeddable":true,"href":"https:\/\/arantv.az\/index.php?rest_route=\/wp\/v2\/media\/653085"}],"wp:attachment":[{"href":"https:\/\/arantv.az\/index.php?rest_route=%2Fwp%2Fv2%2Fmedia&parent=653082"}],"wp:term":[{"taxonomy":"category","embeddable":true,"href":"https:\/\/arantv.az\/index.php?rest_route=%2Fwp%2Fv2%2Fcategories&post=653082"},{"taxonomy":"post_tag","embeddable":true,"href":"https:\/\/arantv.az\/index.php?rest_route=%2Fwp%2Fv2%2Ftags&post=653082"}],"curies":[{"name":"wp","href":"https:\/\/api.w.org\/{rel}","templated":true}]}}