{"id":653093,"date":"2023-11-04T18:59:47","date_gmt":"2023-11-04T14:59:47","guid":{"rendered":"https:\/\/arantv.az\/?p=653093"},"modified":"2023-11-04T18:59:47","modified_gmt":"2023-11-04T14:59:47","slug":"tarixci-alim-erm%c9%99nistanin-havadarlari-anladilar-ki-geri-c%c9%99kilm%c9%99kd%c9%99n-basqa-yol-yoxdur-foto","status":"publish","type":"post","link":"https:\/\/arantv.az\/?p=653093","title":{"rendered":"Tarix\u00e7i alim: \u201cErm\u0259nistan\u0131n havadarlar\u0131 anlad\u0131lar ki, geri \u00e7\u0259kilm\u0259kd\u0259n ba\u015fqa yol yoxdur\u201d &#8211; FOTO"},"content":{"rendered":"<p>\u201c2020-ci ilin Z\u0259f\u0259r G\u00fcn\u00fc Az\u0259rbaycan xalq\u0131n\u0131n taleyind\u0259 v\u0259 tarixind\u0259 \u0259n \u015f\u0259r\u0259fli bir g\u00fcnd\u00fcr. Z\u0259f\u0259r G\u00fcn\u00fc xalq\u0131m\u0131z\u0131n, Ordumuzun taleyin\u0259, Az\u0259rbaycan\u0131 ist\u0259y\u0259n q\u00fcvv\u0259l\u0259rin tarixin\u0259 q\u0131z\u0131l h\u0259rfl\u0259 yaz\u0131l\u0131b\u201d.<\/p>\n<p>Bu s\u00f6zl\u0259ri\u00a0<strong>Oxu.Az<\/strong>-a a\u00e7\u0131qlamas\u0131nda Milli M\u0259clisin deputat\u0131, tarix elml\u0259ri doktoru\u00a0<strong>Anar \u0130sg\u0259nd\u0259rov<\/strong>\u00a0Z\u0259f\u0259r G\u00fcn\u00fc il\u0259 ba\u011fl\u0131 dan\u0131\u015fark\u0259n deyib.<\/p>\n<p><img src=\"https:\/\/cdn.oxu.az\/uploads\/W1siZiIsIjIwMjMvMTEvMDIvMTcvNTMvMTAvYjI0YTE1NzAtNjM0MS00OWQyLWE2M2ItOWYyZWRmNWJiYTFiL2FuYWdhYWEuanBnIl0sWyJwIiwiZW5jb2RlIiwianBnIiwiLXF1YWxpdHkgODAiXSxbInAiLCJ0aHVtYiIsIjU5MHg1OTBcdTAwM2UiXV0?sha=83b8c99eb0e48564\" alt=\"\" \/><\/p>\n<p>Deputat qeyd edib ki, 44 g\u00fcnl\u00fck V\u0259t\u0259n m\u00fcharib\u0259sind\u0259 Ordumuz Erm\u0259nistan\u0131 m\u00fcdafi\u0259 ed\u0259n Q\u0259rb d\u00f6vl\u0259tl\u0259rinin niyy\u0259tl\u0259rini d\u0259 darmada\u011f\u0131n edib:<\/p>\n<p>\u201c44 g\u00fcnl\u00fck V\u0259t\u0259n m\u00fcharib\u0259sind\u0259 Erm\u0259nistan\u0131 h\u0259r zaman m\u00fcdafi\u0259 ed\u0259n, ona h\u0259r c\u00fcr yard\u0131m g\u00f6st\u0259r\u0259n Q\u0259rb d\u00f6vl\u0259tl\u0259ri v\u0259 onlar\u0131n r\u0259hb\u0259rl\u0259ri Az\u0259rbaycan\u0131n d\u00f6vl\u0259t ba\u015f\u00e7\u0131s\u0131, Ali Ba\u015f Komandan\u00a0<strong>\u0130lham \u018fliyevl\u0259<\/strong>\u00a0h\u0259r c\u00fcr dan\u0131\u015f\u0131qlar apard\u0131lar ki, Ordumuzu dayand\u0131rs\u0131nlar. Lakin onlar anlam\u0131rd\u0131lar ki, \u00f6z q\u0259tiyy\u0259ti, g\u00fcc\u00fc v\u0259 V\u0259t\u0259n\u0259 olan m\u0259h\u0259bb\u0259ti il\u0259 \u0130lham \u018fliyev ham\u0131dan se\u00e7ilir. O, siyasi q\u0259rar\u0131 q\u0259bul ed\u0259rk\u0259n h\u0259r \u015feyi hesablay\u0131b.<\/p>\n<p>Tarixi torpaqlar\u0131m\u0131z 30 il d\u00fc\u015fm\u0259n tapda\u011f\u0131 alt\u0131nda qald\u0131. Ancaq bu daha davam ed\u0259 bilm\u0259zdi. Ali Ba\u015f Komandan \u00f6z xalq\u0131na verdiyi s\u00f6z\u00fc tutdu, onun s\u0259rk\u0259rd\u0259liyi il\u0259 torpaqlar\u0131m\u0131z i\u015f\u011faldan azad olundu. \u0130ndi m\u00fcq\u0259dd\u0259s \u00fc\u00e7r\u0259ngli bayra\u011f\u0131m\u0131z i\u015f\u011faldan azad edil\u0259n torpaqlar\u0131m\u0131zda dal\u011falan\u0131r\u201d.<\/p>\n<p>A.\u0130sg\u0259nd\u0259rov bildirib ki, \u0130kinci Qaraba\u011f m\u00fcharib\u0259si Az\u0259rbaycan\u0131n h\u0259rbi v\u0259 siyasi g\u00fcc\u00fcn\u00fc ortaya qoydu, Erm\u0259nistan\u0131n havadarlar\u0131 anlad\u0131lar ki, d\u00fc\u015fm\u0259nin bizim \u0259sg\u0259rin g\u00fcc\u00fc, Ali Ba\u015f Komandan\u0131n siyasi q\u0259rar\u0131n\u0131n qar\u015f\u0131s\u0131nda geri \u00e7\u0259kilm\u0259kd\u0259n ba\u015fqa yolu yoxdur:<\/p>\n<p>\u201cAz\u0259rbaycan\u0131n d\u00f6vl\u0259t ba\u015f\u00e7\u0131s\u0131 44 g\u00fcnl\u00fck V\u0259t\u0259n m\u00fcharib\u0259sind\u0259n sonra b\u0259yan etdi ki, art\u0131q Qaraba\u011f problemi yoxdur. 30 il \u0259rzind\u0259 \u00fcz\u0259rin\u0259 g\u00f6t\u00fcrd\u00fcy\u00fc missiyan\u0131 yerin\u0259 yetirm\u0259yi bacarmayan, ya da sad\u0259c\u0259, ist\u0259m\u0259y\u0259n AT\u018fT-in ke\u00e7mi\u015f Minsk qrupu da n\u0259 q\u0259d\u0259r \u00e7abalasa da, n\u0259tic\u0259y\u0259 m\u00fcdaxil\u0259 etm\u0259k s\u0259yl\u0259ri pu\u00e7 oldu.<\/p>\n<p>Art\u0131q bunlar arxiv\u0259 qovu\u015fdu. Az\u0259rbaycan V\u0259t\u0259n m\u00fcharib\u0259sind\u0259n sonra i\u015f\u011faldan azad edil\u0259n \u0259razil\u0259rind\u0259 quruculuq i\u015fl\u0259rin\u0259 ba\u015flad\u0131. Ancaq erm\u0259nil\u0259rin \u0259razil\u0259rimizd\u0259 minalar\u0131 kartof kimi \u201c\u0259km\u0259si\u201d, Erm\u0259nistan silahl\u0131 q\u00fcvv\u0259l\u0259rinin Qaraba\u011fda qalan t\u00f6r-t\u00f6k\u00fcnt\u00fcl\u0259ri, separat\u00e7\u0131lar b\u00f6lg\u0259d\u0259 \u00e7ox b\u00f6y\u00fck t\u0259hl\u00fck\u0259 olaraq qalmaqda idi\u201d.<\/p>\n<p>Deputat qeyd edib ki, b\u00fct\u00fcn bunlar Az\u0259rbaycan\u0131 q\u0259tiyy\u0259tli add\u0131mlar atma\u011fa m\u0259cbur etdi, 2023-c\u00fc ilin sentyabr\u0131n 19-20-d\u0259 ger\u00e7\u0259kl\u0259\u015fdiril\u0259n lokal antiterror t\u0259dbirl\u0259ri il\u0259 \u0259razil\u0259rimizd\u0259 suverenliyimiz tam b\u0259rpa olundu:<\/p>\n<p>\u201cArt\u0131q Az\u0259rbaycan\u0131n he\u00e7 bir yerind\u0259 separat\u00e7\u0131 q\u00fcvv\u0259 yoxdur. Biz d\u00fcnyan\u0131n bir \u00e7ox \u00f6lk\u0259l\u0259rini i\u00e7d\u0259n yey\u0259n, s\u00fclh\u0259 h\u0259r zaman t\u0259hdid olan separat\u00e7\u0131l\u0131\u011f\u0131n k\u00f6k\u00fcn\u00fc k\u0259sdik. \u0130ndi Z\u0259f\u0259r G\u00fcn\u00fcn\u00fc \u015eu\u015fa il\u0259 yana\u015f\u0131, Xank\u0259ndid\u0259, Xocal\u0131da da qeyd ed\u0259c\u0259yik. Bir daha deyir\u0259m, bu, \u015f\u0259r\u0259f tariximizdir. Bu g\u00fcn h\u0259r bir az\u0259rbaycanl\u0131 &#8211; m\u0259kt\u0259bli d\u0259, t\u0259l\u0259b\u0259 d\u0259, jurnalist d\u0259, parlament \u00fczv\u00fc d\u0259, h\u00f6kum\u0259t \u00fczv\u00fc d\u0259 bu bayramla f\u0259xr edir.<\/p>\n<p>Bu, xalq\u0131m\u0131z\u0131n, d\u00f6vl\u0259timizin q\u0259l\u0259b\u0259sidir. Bu, \u00fcmummilli lider Heyd\u0259r \u018fliyevin arzusu idi v\u0259 Ali Ba\u015f Komandan \u0130lham \u018fliyev d\u0259 bu arzunu realla\u015fd\u0131rd\u0131. Az\u0259rbaycan qalib d\u00f6vl\u0259tl\u0259rin s\u0131ras\u0131na qo\u015fuldu. Onun \u0259sg\u0259ri bu g\u00fcn d\u00fcnyan\u0131n \u0259n g\u00fccl\u00fc \u0259sg\u0259rl\u0259rind\u0259n biridir. Qalib Az\u0259rbaycan \u00f6z u\u011furlar\u0131n\u0131 d\u00fcnyaya b\u0259yan edir. Eyni zamanda, regionda s\u00fclh\u0259 t\u0259hdidl\u0259r\u0259 qar\u015f\u0131 m\u00fcbariz\u0259sini d\u0259 davam etdirir. V\u0259 art\u0131q d\u00fc\u015fm\u0259nl\u0259rimiz d\u0259 agahd\u0131rlar ki, Az\u0259rbaycanla zarafat etm\u0259k olmaz: n\u00f6vb\u0259ti m\u00fcmk\u00fcn t\u0259xribat\u0131n \u201cd\u0259mir yumru\u011fu\u201d daha a\u011f\u0131r olacaq\u201d.<\/p>\n","protected":false},"excerpt":{"rendered":"<p>\u201c2020-ci ilin Z\u0259f\u0259r G\u00fcn\u00fc Az\u0259rbaycan xalq\u0131n\u0131n taleyind\u0259 v\u0259 tarixind\u0259 \u0259n \u015f\u0259r\u0259fli bir g\u00fcnd\u00fcr. Z\u0259f\u0259r G\u00fcn\u00fc xalq\u0131m\u0131z\u0131n, Ordumuzun taleyin\u0259, Az\u0259rbaycan\u0131 ist\u0259y\u0259n q\u00fcvv\u0259l\u0259rin tarixin\u0259 q\u0131z\u0131l h\u0259rfl\u0259 yaz\u0131l\u0131b\u201d. Bu s\u00f6zl\u0259ri\u00a0Oxu.Az-a a\u00e7\u0131qlamas\u0131nda Milli M\u0259clisin deputat\u0131, tarix elml\u0259ri doktoru\u00a0Anar \u0130sg\u0259nd\u0259rov\u00a0Z\u0259f\u0259r G\u00fcn\u00fc il\u0259 ba\u011fl\u0131 dan\u0131\u015fark\u0259n deyib. Deputat qeyd edib ki, 44 g\u00fcnl\u00fck V\u0259t\u0259n m\u00fcharib\u0259sind\u0259 Ordumuz Erm\u0259nistan\u0131 m\u00fcdafi\u0259 ed\u0259n Q\u0259rb d\u00f6vl\u0259tl\u0259rinin niyy\u0259tl\u0259rini d\u0259 darmada\u011f\u0131n edib: \u201c44 g\u00fcnl\u00fck V\u0259t\u0259n m\u00fcharib\u0259sind\u0259 Erm\u0259nistan\u0131 h\u0259r zaman m\u00fcdafi\u0259 ed\u0259n, ona h\u0259r c\u00fcr yard\u0131m g\u00f6st\u0259r\u0259n Q\u0259rb d\u00f6vl\u0259tl\u0259ri v\u0259 onlar\u0131n r\u0259hb\u0259rl\u0259ri Az\u0259rbaycan\u0131n d\u00f6vl\u0259t ba\u015f\u00e7\u0131s\u0131, Ali Ba\u015f Komandan\u00a0\u0130lham \u018fliyevl\u0259\u00a0h\u0259r c\u00fcr dan\u0131\u015f\u0131qlar apard\u0131lar ki, Ordumuzu dayand\u0131rs\u0131nlar.&hellip;<\/p>\n","protected":false},"author":2,"featured_media":653096,"comment_status":"closed","ping_status":"closed","sticky":false,"template":"","format":"standard","meta":{"om_disable_all_campaigns":false,"_monsterinsights_skip_tracking":false,"_monsterinsights_sitenote_active":false,"_monsterinsights_sitenote_note":"","_monsterinsights_sitenote_category":0},"categories":[4],"tags":[],"aioseo_notices":[],"gutentor_comment":0,"rttpg_featured_image_url":{"full":["https:\/\/arantv.az\/wp-content\/uploads\/2023\/11\/5159_1667884031.jpg",620,413,false],"landscape":["https:\/\/arantv.az\/wp-content\/uploads\/2023\/11\/5159_1667884031.jpg",620,413,false],"portraits":["https:\/\/arantv.az\/wp-content\/uploads\/2023\/11\/5159_1667884031.jpg",620,413,false],"thumbnail":["https:\/\/arantv.az\/wp-content\/uploads\/2023\/11\/5159_1667884031-500x280.jpg",500,280,true],"medium":["https:\/\/arantv.az\/wp-content\/uploads\/2023\/11\/5159_1667884031-548x365.jpg",548,365,true],"large":["https:\/\/arantv.az\/wp-content\/uploads\/2023\/11\/5159_1667884031.jpg",620,413,false],"1536x1536":["https:\/\/arantv.az\/wp-content\/uploads\/2023\/11\/5159_1667884031.jpg",620,413,false],"2048x2048":["https:\/\/arantv.az\/wp-content\/uploads\/2023\/11\/5159_1667884031.jpg",620,413,false],"post-thumbnail":["https:\/\/arantv.az\/wp-content\/uploads\/2023\/11\/5159_1667884031-240x172.jpg",240,172,true],"advps-thumb-one":["https:\/\/arantv.az\/wp-content\/uploads\/2023\/11\/5159_1667884031.jpg",620,413,false]},"rttpg_author":{"display_name":"V\u00fcsal Rafiqo\u011flu","author_link":"https:\/\/arantv.az\/?author=2"},"rttpg_comment":0,"rttpg_category":"<a href=\"https:\/\/arantv.az\/?cat=4\" rel=\"category\">Siyas\u0259t<\/a>","rttpg_excerpt":"\u201c2020-ci ilin Z\u0259f\u0259r G\u00fcn\u00fc Az\u0259rbaycan xalq\u0131n\u0131n taleyind\u0259 v\u0259 tarixind\u0259 \u0259n \u015f\u0259r\u0259fli bir g\u00fcnd\u00fcr. Z\u0259f\u0259r G\u00fcn\u00fc xalq\u0131m\u0131z\u0131n, Ordumuzun taleyin\u0259, Az\u0259rbaycan\u0131 ist\u0259y\u0259n q\u00fcvv\u0259l\u0259rin tarixin\u0259 q\u0131z\u0131l h\u0259rfl\u0259 yaz\u0131l\u0131b\u201d. Bu s\u00f6zl\u0259ri\u00a0Oxu.Az-a a\u00e7\u0131qlamas\u0131nda Milli M\u0259clisin deputat\u0131, tarix elml\u0259ri doktoru\u00a0Anar \u0130sg\u0259nd\u0259rov\u00a0Z\u0259f\u0259r G\u00fcn\u00fc il\u0259 ba\u011fl\u0131 dan\u0131\u015fark\u0259n deyib. Deputat qeyd edib ki, 44 g\u00fcnl\u00fck V\u0259t\u0259n m\u00fcharib\u0259sind\u0259 Ordumuz Erm\u0259nistan\u0131 m\u00fcdafi\u0259 ed\u0259n Q\u0259rb d\u00f6vl\u0259tl\u0259rinin niyy\u0259tl\u0259rini&hellip;","_links":{"self":[{"href":"https:\/\/arantv.az\/index.php?rest_route=\/wp\/v2\/posts\/653093"}],"collection":[{"href":"https:\/\/arantv.az\/index.php?rest_route=\/wp\/v2\/posts"}],"about":[{"href":"https:\/\/arantv.az\/index.php?rest_route=\/wp\/v2\/types\/post"}],"author":[{"embeddable":true,"href":"https:\/\/arantv.az\/index.php?rest_route=\/wp\/v2\/users\/2"}],"replies":[{"embeddable":true,"href":"https:\/\/arantv.az\/index.php?rest_route=%2Fwp%2Fv2%2Fcomments&post=653093"}],"version-history":[{"count":0,"href":"https:\/\/arantv.az\/index.php?rest_route=\/wp\/v2\/posts\/653093\/revisions"}],"wp:featuredmedia":[{"embeddable":true,"href":"https:\/\/arantv.az\/index.php?rest_route=\/wp\/v2\/media\/653096"}],"wp:attachment":[{"href":"https:\/\/arantv.az\/index.php?rest_route=%2Fwp%2Fv2%2Fmedia&parent=653093"}],"wp:term":[{"taxonomy":"category","embeddable":true,"href":"https:\/\/arantv.az\/index.php?rest_route=%2Fwp%2Fv2%2Fcategories&post=653093"},{"taxonomy":"post_tag","embeddable":true,"href":"https:\/\/arantv.az\/index.php?rest_route=%2Fwp%2Fv2%2Ftags&post=653093"}],"curies":[{"name":"wp","href":"https:\/\/api.w.org\/{rel}","templated":true}]}}