{"id":653100,"date":"2023-11-04T19:00:34","date_gmt":"2023-11-04T15:00:34","guid":{"rendered":"https:\/\/arantv.az\/?p=653100"},"modified":"2023-11-04T19:00:34","modified_gmt":"2023-11-04T15:00:34","slug":"suni-intellekt-maraqli-siyahi-hazirladi-ataturk-sag-olsaydi-bu-gun-hansi-mahnilari-b%c9%99y%c9%99n%c9%99rdi","status":"publish","type":"post","link":"https:\/\/arantv.az\/?p=653100","title":{"rendered":"S\u00fcni intellekt maraql\u0131 siyah\u0131 haz\u0131rlad\u0131: Atat\u00fcrk sa\u011f olsayd\u0131, bu g\u00fcn hans\u0131 mahn\u0131lar\u0131 b\u0259y\u0259n\u0259rdi?"},"content":{"rendered":"<p>T\u00fcrkiy\u0259d\u0259 \u201c\u015ei\u015fecam\u201d \u015firk\u0259ti c\u00fcmhuriyy\u0259tin 100-c\u00fc ild\u00f6n\u00fcm\u00fcnd\u0259 Mustafa Kamal Atat\u00fcrkl\u0259 ba\u011fl\u0131 x\u00fcsusi bir layih\u0259y\u0259 imza at\u0131b.<\/p>\n<p>\u015eirk\u0259t s\u00fcni intellekt vasit\u0259sil\u0259 \u201cAtat\u00fcrk\u00fcn \u0259n \u00e7ox b\u0259y\u0259n\u0259c\u0259yi mahn\u0131lar\u201d siyah\u0131s\u0131n\u0131 haz\u0131rlay\u0131b.<\/p>\n<p>Bununla ba\u011fl\u0131 \u015firk\u0259td\u0259n m\u0259lumat verilib.<\/p>\n<p>M\u0259lumata g\u00f6r\u0259, \u015firk\u0259t s\u00fcni intellekt layih\u0259si \u00fc\u00e7\u00fcn musiqi t\u0259dqiqat\u00e7\u0131s\u0131 Serhan Bali, Bo\u011fazi\u00e7i Universitetinin professoru Cem Say, yarad\u0131c\u0131 texnoloq Zeynep Nal Sezer, s\u00fcni intellekt r\u0259ssam\u0131 Bager Akbaydan ibar\u0259t x\u00fcsusi qrupla \u00e7al\u0131\u015f\u0131b.<\/p>\n<p>Layih\u0259 \u00e7\u0259r\u00e7iv\u0259sind\u0259 ilk olaraq b\u00fct\u00fcn m\u0259nb\u0259l\u0259rd\u0259 Atat\u00fcrk\u00fcn sevdiyi mahn\u0131lar kimi tan\u0131nan \u0259s\u0259rl\u0259r s\u00fcni intellekt\u0259 tan\u0131d\u0131l\u0131b. Daha sonra s\u00fcni intellekt bu mahn\u0131lar\u0131 not, diapazon, t\u0259rz, s\u00f6z, temp, tezlik v\u0259 s. bax\u0131m\u0131ndan t\u0259hlil edib.<\/p>\n<p>Layih\u0259nin ikinci m\u0259rh\u0259l\u0259sind\u0259 Atat\u00fcrk\u00fcn \u201c\u018fn \u00e7ox b\u0259y\u0259n\u0259c\u0259yi\u201d mahn\u0131lar\u0131n\u0131 tapmaq \u00fc\u00e7\u00fcn yen\u0259 s\u00fcni intellekt t\u0259r\u0259find\u0259n minl\u0259rl\u0259 g\u00f6z\u0259l mahn\u0131 ara\u015fd\u0131r\u0131l\u0131b v\u0259 onun sevdiyi mahn\u0131lara b\u0259nz\u0259y\u0259nl\u0259r s\u0131ralan\u0131b.<\/p>\n<p>\u201c\u015ei\u015fecam\u201d \u015firk\u0259ti bu layih\u0259nin T\u00fcrkiy\u0259 C\u00fcmhuriyy\u0259tinin m\u00fcst\u0259qillik v\u0259 modernl\u0259\u015fm\u0259 m\u00fcbariz\u0259sinin lideri Atat\u00fcrk\u00fcn musiqi z\u00f6vq\u00fcn\u00fcn d\u0259rk edilm\u0259sin\u0259 t\u00f6hf\u0259 verdiyin\u0259 inan\u0131r.<\/p>\n<p>S\u00fcni intellektin haz\u0131rlad\u0131\u011f\u0131 siyah\u0131da \u015eebnem Ferah, Teoman, Zeki M\u00fcren, Semiha Yank\u0131, Mo\u011follar, Melike \u015eahin kimi T\u00fcrkiy\u0259nin tan\u0131nm\u0131\u015f s\u0259n\u0259t\u00e7il\u0259rinin s\u00fcrpriz mahn\u0131lar\u0131 yer al\u0131b.<\/p>\n<p>M\u0259nb\u0259: Haber Global<\/p>\n","protected":false},"excerpt":{"rendered":"<p>T\u00fcrkiy\u0259d\u0259 \u201c\u015ei\u015fecam\u201d \u015firk\u0259ti c\u00fcmhuriyy\u0259tin 100-c\u00fc ild\u00f6n\u00fcm\u00fcnd\u0259 Mustafa Kamal Atat\u00fcrkl\u0259 ba\u011fl\u0131 x\u00fcsusi bir layih\u0259y\u0259 imza at\u0131b. \u015eirk\u0259t s\u00fcni intellekt vasit\u0259sil\u0259 \u201cAtat\u00fcrk\u00fcn \u0259n \u00e7ox b\u0259y\u0259n\u0259c\u0259yi mahn\u0131lar\u201d siyah\u0131s\u0131n\u0131 haz\u0131rlay\u0131b. Bununla ba\u011fl\u0131 \u015firk\u0259td\u0259n m\u0259lumat verilib. M\u0259lumata g\u00f6r\u0259, \u015firk\u0259t s\u00fcni intellekt layih\u0259si \u00fc\u00e7\u00fcn musiqi t\u0259dqiqat\u00e7\u0131s\u0131 Serhan Bali, Bo\u011fazi\u00e7i Universitetinin professoru Cem Say, yarad\u0131c\u0131 texnoloq Zeynep Nal Sezer, s\u00fcni intellekt r\u0259ssam\u0131 Bager Akbaydan ibar\u0259t x\u00fcsusi qrupla \u00e7al\u0131\u015f\u0131b. Layih\u0259 \u00e7\u0259r\u00e7iv\u0259sind\u0259 ilk olaraq b\u00fct\u00fcn m\u0259nb\u0259l\u0259rd\u0259 Atat\u00fcrk\u00fcn sevdiyi mahn\u0131lar kimi tan\u0131nan \u0259s\u0259rl\u0259r s\u00fcni intellekt\u0259 tan\u0131d\u0131l\u0131b. Daha sonra s\u00fcni intellekt bu mahn\u0131lar\u0131 not, diapazon, t\u0259rz, s\u00f6z, temp, tezlik v\u0259 s.&hellip;<\/p>\n","protected":false},"author":2,"featured_media":653102,"comment_status":"closed","ping_status":"closed","sticky":false,"template":"","format":"standard","meta":{"om_disable_all_campaigns":false,"_monsterinsights_skip_tracking":false,"_monsterinsights_sitenote_active":false,"_monsterinsights_sitenote_note":"","_monsterinsights_sitenote_category":0},"categories":[7],"tags":[],"aioseo_notices":[],"gutentor_comment":0,"rttpg_featured_image_url":{"full":["https:\/\/arantv.az\/wp-content\/uploads\/2023\/11\/FotoJet-2023-11-04T140028.032.jpg",620,413,false],"landscape":["https:\/\/arantv.az\/wp-content\/uploads\/2023\/11\/FotoJet-2023-11-04T140028.032.jpg",620,413,false],"portraits":["https:\/\/arantv.az\/wp-content\/uploads\/2023\/11\/FotoJet-2023-11-04T140028.032.jpg",620,413,false],"thumbnail":["https:\/\/arantv.az\/wp-content\/uploads\/2023\/11\/FotoJet-2023-11-04T140028.032-500x280.jpg",500,280,true],"medium":["https:\/\/arantv.az\/wp-content\/uploads\/2023\/11\/FotoJet-2023-11-04T140028.032-548x365.jpg",548,365,true],"large":["https:\/\/arantv.az\/wp-content\/uploads\/2023\/11\/FotoJet-2023-11-04T140028.032.jpg",620,413,false],"1536x1536":["https:\/\/arantv.az\/wp-content\/uploads\/2023\/11\/FotoJet-2023-11-04T140028.032.jpg",620,413,false],"2048x2048":["https:\/\/arantv.az\/wp-content\/uploads\/2023\/11\/FotoJet-2023-11-04T140028.032.jpg",620,413,false],"post-thumbnail":["https:\/\/arantv.az\/wp-content\/uploads\/2023\/11\/FotoJet-2023-11-04T140028.032-240x172.jpg",240,172,true],"advps-thumb-one":["https:\/\/arantv.az\/wp-content\/uploads\/2023\/11\/FotoJet-2023-11-04T140028.032.jpg",620,413,false]},"rttpg_author":{"display_name":"V\u00fcsal Rafiqo\u011flu","author_link":"https:\/\/arantv.az\/?author=2"},"rttpg_comment":0,"rttpg_category":"<a href=\"https:\/\/arantv.az\/?cat=7\" rel=\"category\">D\u00fcnya<\/a>","rttpg_excerpt":"T\u00fcrkiy\u0259d\u0259 \u201c\u015ei\u015fecam\u201d \u015firk\u0259ti c\u00fcmhuriyy\u0259tin 100-c\u00fc ild\u00f6n\u00fcm\u00fcnd\u0259 Mustafa Kamal Atat\u00fcrkl\u0259 ba\u011fl\u0131 x\u00fcsusi bir layih\u0259y\u0259 imza at\u0131b. \u015eirk\u0259t s\u00fcni intellekt vasit\u0259sil\u0259 \u201cAtat\u00fcrk\u00fcn \u0259n \u00e7ox b\u0259y\u0259n\u0259c\u0259yi mahn\u0131lar\u201d siyah\u0131s\u0131n\u0131 haz\u0131rlay\u0131b. Bununla ba\u011fl\u0131 \u015firk\u0259td\u0259n m\u0259lumat verilib. M\u0259lumata g\u00f6r\u0259, \u015firk\u0259t s\u00fcni intellekt layih\u0259si \u00fc\u00e7\u00fcn musiqi t\u0259dqiqat\u00e7\u0131s\u0131 Serhan Bali, Bo\u011fazi\u00e7i Universitetinin professoru Cem Say, yarad\u0131c\u0131 texnoloq Zeynep Nal Sezer, s\u00fcni intellekt r\u0259ssam\u0131&hellip;","_links":{"self":[{"href":"https:\/\/arantv.az\/index.php?rest_route=\/wp\/v2\/posts\/653100"}],"collection":[{"href":"https:\/\/arantv.az\/index.php?rest_route=\/wp\/v2\/posts"}],"about":[{"href":"https:\/\/arantv.az\/index.php?rest_route=\/wp\/v2\/types\/post"}],"author":[{"embeddable":true,"href":"https:\/\/arantv.az\/index.php?rest_route=\/wp\/v2\/users\/2"}],"replies":[{"embeddable":true,"href":"https:\/\/arantv.az\/index.php?rest_route=%2Fwp%2Fv2%2Fcomments&post=653100"}],"version-history":[{"count":0,"href":"https:\/\/arantv.az\/index.php?rest_route=\/wp\/v2\/posts\/653100\/revisions"}],"wp:featuredmedia":[{"embeddable":true,"href":"https:\/\/arantv.az\/index.php?rest_route=\/wp\/v2\/media\/653102"}],"wp:attachment":[{"href":"https:\/\/arantv.az\/index.php?rest_route=%2Fwp%2Fv2%2Fmedia&parent=653100"}],"wp:term":[{"taxonomy":"category","embeddable":true,"href":"https:\/\/arantv.az\/index.php?rest_route=%2Fwp%2Fv2%2Fcategories&post=653100"},{"taxonomy":"post_tag","embeddable":true,"href":"https:\/\/arantv.az\/index.php?rest_route=%2Fwp%2Fv2%2Ftags&post=653100"}],"curies":[{"name":"wp","href":"https:\/\/api.w.org\/{rel}","templated":true}]}}