{"id":653114,"date":"2023-11-04T19:04:14","date_gmt":"2023-11-04T15:04:14","guid":{"rendered":"https:\/\/arantv.az\/?p=653114"},"modified":"2023-11-04T19:04:14","modified_gmt":"2023-11-04T15:04:14","slug":"elcin-%c9%99mirb%c9%99yov-italiyali-nazir-muavini-il%c9%99-regional-m%c9%99s%c9%99l%c9%99l%c9%99ri-muzakir%c9%99-edib-yenil%c9%99nib-foto","status":"publish","type":"post","link":"https:\/\/arantv.az\/?p=653114","title":{"rendered":"El\u00e7in \u018fmirb\u0259yov italiyal\u0131 nazir m\u00fcavini il\u0259 regional m\u0259s\u0259l\u0259l\u0259ri m\u00fczakir\u0259 edib &#8211; YEN\u0130L\u018fN\u0130B + FOTO"},"content":{"rendered":"<p>Az\u0259rbaycan Prezidentinin x\u00fcsusi tap\u015f\u0131r\u0131qlar \u00fczr\u0259 n\u00fcmay\u0259nd\u0259si El\u00e7in \u018fmirb\u0259yovla \u0130taliya xarici i\u015fl\u0259r nazirinin m\u00fcavini Edmondo Siriellinin g\u00f6r\u00fc\u015f\u00fcn\u00fcn b\u0259zi t\u0259f\u0259rr\u00fcat\u0131 a\u00e7\u0131qlan\u0131b.<\/p>\n<p>\u0130taliya m\u0259tbuat\u0131n\u0131n m\u0259lumat\u0131na g\u00f6r\u0259, Farnezina iqam\u0259tgah\u0131nda ke\u00e7iril\u0259n g\u00f6r\u00fc\u015fd\u0259 t\u0259r\u0259fl\u0259r C\u0259nubi Qafqazdak\u0131 v\u0259ziyy\u0259ti, Erm\u0259nistanla Az\u0259rbaycan aras\u0131nda dan\u0131\u015f\u0131qlar\u0131n perspektivl\u0259rini m\u00fczakir\u0259 edibl\u0259r.<\/p>\n<p>Sirielli \u0130taliyan\u0131n h\u0259r iki \u00f6lk\u0259nin \u0259razi b\u00fct\u00f6vl\u00fcy\u00fcn\u00fc d\u0259st\u0259kl\u0259diyini vur\u011fulayaraq, dayan\u0131ql\u0131 s\u00fclh \u00fc\u00e7\u00fcn praqmatik dialoqa ehtiyac\u0131n oldu\u011funu deyib.<\/p>\n<p>Roma il\u0259 Bak\u0131 aras\u0131nda q\u00fcvv\u0259d\u0259 olan strateji t\u0259r\u0259fda\u015fl\u0131q v\u0259 s\u0131x s\u0259f\u0259r m\u00fcbadil\u0259si il\u0259 t\u0259sdiql\u0259n\u0259n ikit\u0259r\u0259fli m\u00fcnasib\u0259tl\u0259rin m\u00fck\u0259mm\u0259l s\u0259viyy\u0259sind\u0259n m\u0259mnunlu\u011funu ifad\u0259 ed\u0259n nazir m\u00fcavini Az\u0259rbaycan v\u0259 Erm\u0259nistan\u0131n qar\u015f\u0131l\u0131ql\u0131 maraqlar\u0131na uy\u011fun olaraq s\u00fclh yolu il\u0259 ir\u0259lil\u0259m\u0259y\u0259 \u00f6lk\u0259sinin d\u0259st\u0259k verdiyini ifad\u0259 edib.<\/p>\n<p><strong>13:02<\/strong><\/p>\n<p>Az\u0259rbaycan Prezidentinin x\u00fcsusi tap\u015f\u0131r\u0131qlar \u00fczr\u0259 n\u00fcmay\u0259nd\u0259si El\u00e7in \u018fmirb\u0259yov \u0130taliya xarici i\u015fl\u0259r nazirinin m\u00fcavini Edmondo Sirielli il\u0259 g\u00f6r\u00fc\u015f\u00fcb.<\/p>\n<p>Bu bar\u0259d\u0259 \u0130taliya Xarici \u0130\u015fl\u0259r Nazirliyinin (X\u0130N) \u201cX\u201d hesab\u0131nda payla\u015f\u0131m edilib.<\/p>\n<p>Qeyd olunub ki, g\u00f6r\u00fc\u015fd\u0259 b\u00fct\u00fcn sah\u0259l\u0259rd\u0259 ikit\u0259r\u0259fli strateji t\u0259r\u0259fda\u015fl\u0131\u011f\u0131n m\u00f6hk\u0259ml\u0259ndirilm\u0259sinin vacibliyi vur\u011fulan\u0131b.<\/p>\n<p>\u0130taliyan\u0131n regionda prosesl\u0259ri diqq\u0259tl\u0259 izl\u0259diyi v\u0259 dialoqu d\u0259st\u0259kl\u0259diyi vur\u011fulan\u0131b.<\/p>\n<div>\n<div class=\"twitter-tweet twitter-tweet-rendered\"><iframe id=\"twitter-widget-0\" class=\"\" title=\"Twitter Tweet\" src=\"https:\/\/platform.twitter.com\/embed\/Tweet.html?creatorScreenName=oxuaz&amp;dnt=false&amp;embedId=twitter-widget-0&amp;features=eyJ0ZndfdGltZWxpbmVfbGlzdCI6eyJidWNrZXQiOltdLCJ2ZXJzaW9uIjpudWxsfSwidGZ3X2ZvbGxvd2VyX2NvdW50X3N1bnNldCI6eyJidWNrZXQiOnRydWUsInZlcnNpb24iOm51bGx9LCJ0ZndfdHdlZXRfZWRpdF9iYWNrZW5kIjp7ImJ1Y2tldCI6Im9uIiwidmVyc2lvbiI6bnVsbH0sInRmd19yZWZzcmNfc2Vzc2lvbiI6eyJidWNrZXQiOiJvbiIsInZlcnNpb24iOm51bGx9LCJ0ZndfZm9zbnJfc29mdF9pbnRlcnZlbnRpb25zX2VuYWJsZWQiOnsiYnVja2V0Ijoib24iLCJ2ZXJzaW9uIjpudWxsfSwidGZ3X21peGVkX21lZGlhXzE1ODk3Ijp7ImJ1Y2tldCI6InRyZWF0bWVudCIsInZlcnNpb24iOm51bGx9LCJ0ZndfZXhwZXJpbWVudHNfY29va2llX2V4cGlyYXRpb24iOnsiYnVja2V0IjoxMjA5NjAwLCJ2ZXJzaW9uIjpudWxsfSwidGZ3X3Nob3dfYmlyZHdhdGNoX3Bpdm90c19lbmFibGVkIjp7ImJ1Y2tldCI6Im9uIiwidmVyc2lvbiI6bnVsbH0sInRmd19kdXBsaWNhdGVfc2NyaWJlc190b19zZXR0aW5ncyI6eyJidWNrZXQiOiJvbiIsInZlcnNpb24iOm51bGx9LCJ0ZndfdXNlX3Byb2ZpbGVfaW1hZ2Vfc2hhcGVfZW5hYmxlZCI6eyJidWNrZXQiOiJvbiIsInZlcnNpb24iOm51bGx9LCJ0ZndfdmlkZW9faGxzX2R5bmFtaWNfbWFuaWZlc3RzXzE1MDgyIjp7ImJ1Y2tldCI6InRydWVfYml0cmF0ZSIsInZlcnNpb24iOm51bGx9LCJ0ZndfbGVnYWN5X3RpbWVsaW5lX3N1bnNldCI6eyJidWNrZXQiOnRydWUsInZlcnNpb24iOm51bGx9LCJ0ZndfdHdlZXRfZWRpdF9mcm9udGVuZCI6eyJidWNrZXQiOiJvbiIsInZlcnNpb24iOm51bGx9fQ%3D%3D&amp;frame=false&amp;hideCard=false&amp;hideThread=false&amp;id=1720504987111862412&amp;lang=en&amp;origin=https%3A%2F%2Foxu.az%2Fpolitics%2F799153&amp;sessionId=1dc795dc64440b2394938f189b1cd928edf4d8be&amp;siteScreenName=oxuaz&amp;theme=light&amp;widgetsVersion=01917f4d1d4cb%3A1696883169554&amp;width=550px\" frameborder=\"0\" scrolling=\"no\" allowfullscreen=\"allowfullscreen\" data-tweet-id=\"1720504987111862412\" data-mce-fragment=\"1\"><\/iframe><\/div>\n<\/div>\n<p>&nbsp;<\/p>\n","protected":false},"excerpt":{"rendered":"<p>Az\u0259rbaycan Prezidentinin x\u00fcsusi tap\u015f\u0131r\u0131qlar \u00fczr\u0259 n\u00fcmay\u0259nd\u0259si El\u00e7in \u018fmirb\u0259yovla \u0130taliya xarici i\u015fl\u0259r nazirinin m\u00fcavini Edmondo Siriellinin g\u00f6r\u00fc\u015f\u00fcn\u00fcn b\u0259zi t\u0259f\u0259rr\u00fcat\u0131 a\u00e7\u0131qlan\u0131b. \u0130taliya m\u0259tbuat\u0131n\u0131n m\u0259lumat\u0131na g\u00f6r\u0259, Farnezina iqam\u0259tgah\u0131nda ke\u00e7iril\u0259n g\u00f6r\u00fc\u015fd\u0259 t\u0259r\u0259fl\u0259r C\u0259nubi Qafqazdak\u0131 v\u0259ziyy\u0259ti, Erm\u0259nistanla Az\u0259rbaycan aras\u0131nda dan\u0131\u015f\u0131qlar\u0131n perspektivl\u0259rini m\u00fczakir\u0259 edibl\u0259r. Sirielli \u0130taliyan\u0131n h\u0259r iki \u00f6lk\u0259nin \u0259razi b\u00fct\u00f6vl\u00fcy\u00fcn\u00fc d\u0259st\u0259kl\u0259diyini vur\u011fulayaraq, dayan\u0131ql\u0131 s\u00fclh \u00fc\u00e7\u00fcn praqmatik dialoqa ehtiyac\u0131n oldu\u011funu deyib. Roma il\u0259 Bak\u0131 aras\u0131nda q\u00fcvv\u0259d\u0259 olan strateji t\u0259r\u0259fda\u015fl\u0131q v\u0259 s\u0131x s\u0259f\u0259r m\u00fcbadil\u0259si il\u0259 t\u0259sdiql\u0259n\u0259n ikit\u0259r\u0259fli m\u00fcnasib\u0259tl\u0259rin m\u00fck\u0259mm\u0259l s\u0259viyy\u0259sind\u0259n m\u0259mnunlu\u011funu ifad\u0259 ed\u0259n nazir m\u00fcavini Az\u0259rbaycan v\u0259 Erm\u0259nistan\u0131n qar\u015f\u0131l\u0131ql\u0131 maraqlar\u0131na uy\u011fun olaraq s\u00fclh yolu il\u0259 ir\u0259lil\u0259m\u0259y\u0259 \u00f6lk\u0259sinin&hellip;<\/p>\n","protected":false},"author":2,"featured_media":653116,"comment_status":"closed","ping_status":"closed","sticky":false,"template":"","format":"standard","meta":{"om_disable_all_campaigns":false,"_monsterinsights_skip_tracking":false,"_monsterinsights_sitenote_active":false,"_monsterinsights_sitenote_note":"","_monsterinsights_sitenote_category":0},"categories":[4],"tags":[],"aioseo_notices":[],"gutentor_comment":0,"rttpg_featured_image_url":{"full":["https:\/\/arantv.az\/wp-content\/uploads\/2023\/11\/F-B1YXwXUAAohPD.jpg",620,413,false],"landscape":["https:\/\/arantv.az\/wp-content\/uploads\/2023\/11\/F-B1YXwXUAAohPD.jpg",620,413,false],"portraits":["https:\/\/arantv.az\/wp-content\/uploads\/2023\/11\/F-B1YXwXUAAohPD.jpg",620,413,false],"thumbnail":["https:\/\/arantv.az\/wp-content\/uploads\/2023\/11\/F-B1YXwXUAAohPD-500x280.jpg",500,280,true],"medium":["https:\/\/arantv.az\/wp-content\/uploads\/2023\/11\/F-B1YXwXUAAohPD-548x365.jpg",548,365,true],"large":["https:\/\/arantv.az\/wp-content\/uploads\/2023\/11\/F-B1YXwXUAAohPD.jpg",620,413,false],"1536x1536":["https:\/\/arantv.az\/wp-content\/uploads\/2023\/11\/F-B1YXwXUAAohPD.jpg",620,413,false],"2048x2048":["https:\/\/arantv.az\/wp-content\/uploads\/2023\/11\/F-B1YXwXUAAohPD.jpg",620,413,false],"post-thumbnail":["https:\/\/arantv.az\/wp-content\/uploads\/2023\/11\/F-B1YXwXUAAohPD-240x172.jpg",240,172,true],"advps-thumb-one":["https:\/\/arantv.az\/wp-content\/uploads\/2023\/11\/F-B1YXwXUAAohPD.jpg",620,413,false]},"rttpg_author":{"display_name":"V\u00fcsal Rafiqo\u011flu","author_link":"https:\/\/arantv.az\/?author=2"},"rttpg_comment":0,"rttpg_category":"<a href=\"https:\/\/arantv.az\/?cat=4\" rel=\"category\">Siyas\u0259t<\/a>","rttpg_excerpt":"Az\u0259rbaycan Prezidentinin x\u00fcsusi tap\u015f\u0131r\u0131qlar \u00fczr\u0259 n\u00fcmay\u0259nd\u0259si El\u00e7in \u018fmirb\u0259yovla \u0130taliya xarici i\u015fl\u0259r nazirinin m\u00fcavini Edmondo Siriellinin g\u00f6r\u00fc\u015f\u00fcn\u00fcn b\u0259zi t\u0259f\u0259rr\u00fcat\u0131 a\u00e7\u0131qlan\u0131b. \u0130taliya m\u0259tbuat\u0131n\u0131n m\u0259lumat\u0131na g\u00f6r\u0259, Farnezina iqam\u0259tgah\u0131nda ke\u00e7iril\u0259n g\u00f6r\u00fc\u015fd\u0259 t\u0259r\u0259fl\u0259r C\u0259nubi Qafqazdak\u0131 v\u0259ziyy\u0259ti, Erm\u0259nistanla Az\u0259rbaycan aras\u0131nda dan\u0131\u015f\u0131qlar\u0131n perspektivl\u0259rini m\u00fczakir\u0259 edibl\u0259r. Sirielli \u0130taliyan\u0131n h\u0259r iki \u00f6lk\u0259nin \u0259razi b\u00fct\u00f6vl\u00fcy\u00fcn\u00fc d\u0259st\u0259kl\u0259diyini vur\u011fulayaraq, dayan\u0131ql\u0131 s\u00fclh \u00fc\u00e7\u00fcn praqmatik dialoqa ehtiyac\u0131n oldu\u011funu deyib.&hellip;","_links":{"self":[{"href":"https:\/\/arantv.az\/index.php?rest_route=\/wp\/v2\/posts\/653114"}],"collection":[{"href":"https:\/\/arantv.az\/index.php?rest_route=\/wp\/v2\/posts"}],"about":[{"href":"https:\/\/arantv.az\/index.php?rest_route=\/wp\/v2\/types\/post"}],"author":[{"embeddable":true,"href":"https:\/\/arantv.az\/index.php?rest_route=\/wp\/v2\/users\/2"}],"replies":[{"embeddable":true,"href":"https:\/\/arantv.az\/index.php?rest_route=%2Fwp%2Fv2%2Fcomments&post=653114"}],"version-history":[{"count":0,"href":"https:\/\/arantv.az\/index.php?rest_route=\/wp\/v2\/posts\/653114\/revisions"}],"wp:featuredmedia":[{"embeddable":true,"href":"https:\/\/arantv.az\/index.php?rest_route=\/wp\/v2\/media\/653116"}],"wp:attachment":[{"href":"https:\/\/arantv.az\/index.php?rest_route=%2Fwp%2Fv2%2Fmedia&parent=653114"}],"wp:term":[{"taxonomy":"category","embeddable":true,"href":"https:\/\/arantv.az\/index.php?rest_route=%2Fwp%2Fv2%2Fcategories&post=653114"},{"taxonomy":"post_tag","embeddable":true,"href":"https:\/\/arantv.az\/index.php?rest_route=%2Fwp%2Fv2%2Ftags&post=653114"}],"curies":[{"name":"wp","href":"https:\/\/api.w.org\/{rel}","templated":true}]}}