{"id":653144,"date":"2023-11-04T20:07:57","date_gmt":"2023-11-04T16:07:57","guid":{"rendered":"https:\/\/arantv.az\/?p=653144"},"modified":"2023-11-04T20:07:57","modified_gmt":"2023-11-04T16:07:57","slug":"bakida-az%c9%99rbaycan-v%c9%99-almaniya-xin-bascilarinin-genis-t%c9%99rkibd%c9%99-gorus-kecirilib-yenil%c9%99nib-foto","status":"publish","type":"post","link":"https:\/\/arantv.az\/?p=653144","title":{"rendered":"Bak\u0131da Az\u0259rbaycan v\u0259 Almaniya X\u0130N ba\u015f\u00e7\u0131lar\u0131n\u0131n geni\u015f t\u0259rkibd\u0259 g\u00f6r\u00fc\u015f ke\u00e7irilib &#8211; YEN\u0130L\u018fN\u0130B + FOTO"},"content":{"rendered":"<p>Az\u0259rbaycan\u0131n xarici i\u015fl\u0259r naziri Ceyhun Bayramov v\u0259 Almaniyan\u0131n xarici i\u015fl\u0259r naziri Annalena Berboku aras\u0131nda geni\u015f t\u0259rkibd\u0259 g\u00f6r\u00fc\u015f ke\u00e7irilib.<\/p>\n<p>G\u00f6r\u00fc\u015fd\u0259 ikit\u0259r\u0259fli v\u0259 \u00e7oxt\u0259r\u0259fli m\u00fcnasib\u0259tl\u0259ri v\u0259 m\u00fcnaqi\u015f\u0259d\u0259n sonrak\u0131 regional v\u0259ziyy\u0259t m\u00fczakir\u0259 olunub.<\/p>\n<p><strong>19:48<\/strong><\/p>\n<p>Bak\u0131da Az\u0259rbaycan\u0131n xarici i\u015fl\u0259r naziri Ceyhun Bayramov v\u0259 Almaniyan\u0131n xarici i\u015fl\u0259r naziri Annalena Berboku aras\u0131nda g\u00f6r\u00fc\u015f ba\u015flay\u0131b.<\/p>\n<p>Bu bar\u0259d\u0259 Az\u0259rbaycan Xarici \u0130\u015fl\u0259r Nazirliyi (X\u0130N) m\u0259lumat yay\u0131b.<\/p>\n<p><img src=\"https:\/\/cdn.oxu.az\/uploads\/W1siZiIsIjIwMjMvMTEvMDQvMjAvMDQvMTkvNmI3M2Q5MGMtNGUwNS00YThlLTkxNGMtYjVhMGVhZDEzZDE5LzEuanBnIl0sWyJwIiwiZW5jb2RlIiwianBnIiwiLXF1YWxpdHkgODAiXSxbInAiLCJ0aHVtYiIsIjU5MHg1OTBcdTAwM2UiXV0?sha=728878564c876c12\" alt=\"\" \/><\/p>\n","protected":false},"excerpt":{"rendered":"<p>Az\u0259rbaycan\u0131n xarici i\u015fl\u0259r naziri Ceyhun Bayramov v\u0259 Almaniyan\u0131n xarici i\u015fl\u0259r naziri Annalena Berboku aras\u0131nda geni\u015f t\u0259rkibd\u0259 g\u00f6r\u00fc\u015f ke\u00e7irilib. G\u00f6r\u00fc\u015fd\u0259 ikit\u0259r\u0259fli v\u0259 \u00e7oxt\u0259r\u0259fli m\u00fcnasib\u0259tl\u0259ri v\u0259 m\u00fcnaqi\u015f\u0259d\u0259n sonrak\u0131 regional v\u0259ziyy\u0259t m\u00fczakir\u0259 olunub. 19:48 Bak\u0131da Az\u0259rbaycan\u0131n xarici i\u015fl\u0259r naziri Ceyhun Bayramov v\u0259 Almaniyan\u0131n xarici i\u015fl\u0259r naziri Annalena Berboku aras\u0131nda g\u00f6r\u00fc\u015f ba\u015flay\u0131b. Bu bar\u0259d\u0259 Az\u0259rbaycan Xarici \u0130\u015fl\u0259r Nazirliyi (X\u0130N) m\u0259lumat yay\u0131b.<\/p>\n","protected":false},"author":2,"featured_media":653145,"comment_status":"closed","ping_status":"closed","sticky":false,"template":"","format":"standard","meta":{"om_disable_all_campaigns":false,"_monsterinsights_skip_tracking":false,"_monsterinsights_sitenote_active":false,"_monsterinsights_sitenote_note":"","_monsterinsights_sitenote_category":0},"categories":[19],"tags":[],"aioseo_notices":[],"gutentor_comment":0,"rttpg_featured_image_url":{"full":["https:\/\/arantv.az\/wp-content\/uploads\/2023\/11\/2.jpg",620,413,false],"landscape":["https:\/\/arantv.az\/wp-content\/uploads\/2023\/11\/2.jpg",620,413,false],"portraits":["https:\/\/arantv.az\/wp-content\/uploads\/2023\/11\/2.jpg",620,413,false],"thumbnail":["https:\/\/arantv.az\/wp-content\/uploads\/2023\/11\/2-500x280.jpg",500,280,true],"medium":["https:\/\/arantv.az\/wp-content\/uploads\/2023\/11\/2-548x365.jpg",548,365,true],"large":["https:\/\/arantv.az\/wp-content\/uploads\/2023\/11\/2.jpg",620,413,false],"1536x1536":["https:\/\/arantv.az\/wp-content\/uploads\/2023\/11\/2.jpg",620,413,false],"2048x2048":["https:\/\/arantv.az\/wp-content\/uploads\/2023\/11\/2.jpg",620,413,false],"post-thumbnail":["https:\/\/arantv.az\/wp-content\/uploads\/2023\/11\/2-240x172.jpg",240,172,true],"advps-thumb-one":["https:\/\/arantv.az\/wp-content\/uploads\/2023\/11\/2.jpg",620,413,false]},"rttpg_author":{"display_name":"V\u00fcsal Rafiqo\u011flu","author_link":"https:\/\/arantv.az\/?author=2"},"rttpg_comment":0,"rttpg_category":"<a href=\"https:\/\/arantv.az\/?cat=19\" rel=\"category\">G\u00fcnd\u0259m<\/a>","rttpg_excerpt":"Az\u0259rbaycan\u0131n xarici i\u015fl\u0259r naziri Ceyhun Bayramov v\u0259 Almaniyan\u0131n xarici i\u015fl\u0259r naziri Annalena Berboku aras\u0131nda geni\u015f t\u0259rkibd\u0259 g\u00f6r\u00fc\u015f ke\u00e7irilib. G\u00f6r\u00fc\u015fd\u0259 ikit\u0259r\u0259fli v\u0259 \u00e7oxt\u0259r\u0259fli m\u00fcnasib\u0259tl\u0259ri v\u0259 m\u00fcnaqi\u015f\u0259d\u0259n sonrak\u0131 regional v\u0259ziyy\u0259t m\u00fczakir\u0259 olunub. 19:48 Bak\u0131da Az\u0259rbaycan\u0131n xarici i\u015fl\u0259r naziri Ceyhun Bayramov v\u0259 Almaniyan\u0131n xarici i\u015fl\u0259r naziri Annalena Berboku aras\u0131nda g\u00f6r\u00fc\u015f ba\u015flay\u0131b. Bu bar\u0259d\u0259 Az\u0259rbaycan Xarici \u0130\u015fl\u0259r Nazirliyi (X\u0130N)&hellip;","_links":{"self":[{"href":"https:\/\/arantv.az\/index.php?rest_route=\/wp\/v2\/posts\/653144"}],"collection":[{"href":"https:\/\/arantv.az\/index.php?rest_route=\/wp\/v2\/posts"}],"about":[{"href":"https:\/\/arantv.az\/index.php?rest_route=\/wp\/v2\/types\/post"}],"author":[{"embeddable":true,"href":"https:\/\/arantv.az\/index.php?rest_route=\/wp\/v2\/users\/2"}],"replies":[{"embeddable":true,"href":"https:\/\/arantv.az\/index.php?rest_route=%2Fwp%2Fv2%2Fcomments&post=653144"}],"version-history":[{"count":0,"href":"https:\/\/arantv.az\/index.php?rest_route=\/wp\/v2\/posts\/653144\/revisions"}],"wp:featuredmedia":[{"embeddable":true,"href":"https:\/\/arantv.az\/index.php?rest_route=\/wp\/v2\/media\/653145"}],"wp:attachment":[{"href":"https:\/\/arantv.az\/index.php?rest_route=%2Fwp%2Fv2%2Fmedia&parent=653144"}],"wp:term":[{"taxonomy":"category","embeddable":true,"href":"https:\/\/arantv.az\/index.php?rest_route=%2Fwp%2Fv2%2Fcategories&post=653144"},{"taxonomy":"post_tag","embeddable":true,"href":"https:\/\/arantv.az\/index.php?rest_route=%2Fwp%2Fv2%2Ftags&post=653144"}],"curies":[{"name":"wp","href":"https:\/\/api.w.org\/{rel}","templated":true}]}}