{"id":653166,"date":"2023-11-04T20:22:29","date_gmt":"2023-11-04T16:22:29","guid":{"rendered":"https:\/\/arantv.az\/?p=653166"},"modified":"2023-11-04T20:22:29","modified_gmt":"2023-11-04T16:22:29","slug":"ali-m%c9%99hk%c9%99m%c9%99nin-plenumu-vahid-m%c9%99hk%c9%99m%c9%99-t%c9%99crub%c9%99sin%c9%99-%c9%99lcatanligi-t%c9%99min-ed%c9%99c%c9%99k-yeni-qaydalar-q%c9%99bul-edib","status":"publish","type":"post","link":"https:\/\/arantv.az\/?p=653166","title":{"rendered":"Ali M\u0259hk\u0259m\u0259nin Plenumu vahid m\u0259hk\u0259m\u0259 t\u0259cr\u00fcb\u0259sin\u0259 \u0259l\u00e7atanl\u0131\u011f\u0131 t\u0259min ed\u0259c\u0259k yeni qaydalar q\u0259bul edib"},"content":{"rendered":"<p>Noyabr\u0131n 4-d\u0259 Az\u0259rbaycan Respublikas\u0131 Ali M\u0259hk\u0259m\u0259si Plenumunun n\u00f6vb\u0259ti iclas\u0131 ke\u00e7irilib.<\/p>\n<p>Ali M\u0259hk\u0259m\u0259nin M\u0259tbuat Xidm\u0259tind\u0259n veril\u0259n m\u0259lumata g\u00f6r\u0259, iclasda \u201cVahid m\u0259hk\u0259m\u0259 t\u0259cr\u00fcb\u0259si bax\u0131m\u0131ndan \u0259h\u0259miyy\u0259tli olan m\u0259hk\u0259m\u0259 aktlar\u0131n\u0131n indeksl\u0259\u015fdirilm\u0259si Qaydalar\u0131n\u0131n t\u0259sdiq edilm\u0259si haqq\u0131nda\u201d q\u0259rar layih\u0259si m\u00fczakir\u0259y\u0259 \u00e7\u0131xar\u0131l\u0131b.<\/p>\n<p>Bildirilib ki, layih\u0259 Az\u0259rbaycan Respublikas\u0131nda vahid m\u0259hk\u0259m\u0259 t\u0259cr\u00fcb\u0259sinin formala\u015fd\u0131r\u0131lmas\u0131, o c\u00fcml\u0259d\u0259n m\u0259hk\u0259m\u0259l\u0259r t\u0259r\u0259find\u0259n \u0259dal\u0259t m\u00fchakim\u0259sinin h\u0259yata ke\u00e7irilm\u0259si zaman\u0131 h\u00fcquqi m\u0259s\u0259l\u0259l\u0259rin h\u0259llind\u0259 yana\u015fman\u0131n sabitliyinin, maddi v\u0259 prosessual h\u00fcquq normalar\u0131n\u0131n t\u0259tbiqi il\u0259 ba\u011fl\u0131 h\u00fcquqi m\u00f6vqel\u0259rin proqnozla\u015fd\u0131r\u0131lan olmas\u0131n\u0131n, el\u0259c\u0259 d\u0259 bu h\u00fcquqi m\u00f6vqel\u0259ri \u00f6z\u00fcnd\u0259 \u0259ks etdir\u0259n m\u0259hk\u0259m\u0259 aktlar\u0131na \u0259l\u00e7atanl\u0131\u011f\u0131n t\u0259min edilm\u0259si m\u0259qs\u0259dil\u0259 haz\u0131rlan\u0131b.<\/p>\n<p>M\u00fczakir\u0259l\u0259rd\u0259n sonra \u201cVahid m\u0259hk\u0259m\u0259 t\u0259cr\u00fcb\u0259si bax\u0131m\u0131ndan \u0259h\u0259miyy\u0259tli olan m\u0259hk\u0259m\u0259 aktlar\u0131n\u0131n indeksl\u0259\u015fdirilm\u0259si\u201d Qaydalar\u0131 s\u0259sverm\u0259y\u0259 \u00e7\u0131xar\u0131laraq t\u0259sdiq edilib.<\/p>\n","protected":false},"excerpt":{"rendered":"<p>Noyabr\u0131n 4-d\u0259 Az\u0259rbaycan Respublikas\u0131 Ali M\u0259hk\u0259m\u0259si Plenumunun n\u00f6vb\u0259ti iclas\u0131 ke\u00e7irilib. Ali M\u0259hk\u0259m\u0259nin M\u0259tbuat Xidm\u0259tind\u0259n veril\u0259n m\u0259lumata g\u00f6r\u0259, iclasda \u201cVahid m\u0259hk\u0259m\u0259 t\u0259cr\u00fcb\u0259si bax\u0131m\u0131ndan \u0259h\u0259miyy\u0259tli olan m\u0259hk\u0259m\u0259 aktlar\u0131n\u0131n indeksl\u0259\u015fdirilm\u0259si Qaydalar\u0131n\u0131n t\u0259sdiq edilm\u0259si haqq\u0131nda\u201d q\u0259rar layih\u0259si m\u00fczakir\u0259y\u0259 \u00e7\u0131xar\u0131l\u0131b. Bildirilib ki, layih\u0259 Az\u0259rbaycan Respublikas\u0131nda vahid m\u0259hk\u0259m\u0259 t\u0259cr\u00fcb\u0259sinin formala\u015fd\u0131r\u0131lmas\u0131, o c\u00fcml\u0259d\u0259n m\u0259hk\u0259m\u0259l\u0259r t\u0259r\u0259find\u0259n \u0259dal\u0259t m\u00fchakim\u0259sinin h\u0259yata ke\u00e7irilm\u0259si zaman\u0131 h\u00fcquqi m\u0259s\u0259l\u0259l\u0259rin h\u0259llind\u0259 yana\u015fman\u0131n sabitliyinin, maddi v\u0259 prosessual h\u00fcquq normalar\u0131n\u0131n t\u0259tbiqi il\u0259 ba\u011fl\u0131 h\u00fcquqi m\u00f6vqel\u0259rin proqnozla\u015fd\u0131r\u0131lan olmas\u0131n\u0131n, el\u0259c\u0259 d\u0259 bu h\u00fcquqi m\u00f6vqel\u0259ri \u00f6z\u00fcnd\u0259 \u0259ks etdir\u0259n m\u0259hk\u0259m\u0259 aktlar\u0131na \u0259l\u00e7atanl\u0131\u011f\u0131n t\u0259min edilm\u0259si m\u0259qs\u0259dil\u0259 haz\u0131rlan\u0131b. M\u00fczakir\u0259l\u0259rd\u0259n sonra \u201cVahid m\u0259hk\u0259m\u0259 t\u0259cr\u00fcb\u0259si&hellip;<\/p>\n","protected":false},"author":2,"featured_media":653168,"comment_status":"closed","ping_status":"closed","sticky":false,"template":"","format":"standard","meta":{"om_disable_all_campaigns":false,"_monsterinsights_skip_tracking":false,"_monsterinsights_sitenote_active":false,"_monsterinsights_sitenote_note":"","_monsterinsights_sitenote_category":0},"categories":[1],"tags":[],"aioseo_notices":[],"gutentor_comment":0,"rttpg_featured_image_url":{"full":["https:\/\/arantv.az\/wp-content\/uploads\/2023\/11\/FotoJet-1-9.jpg",620,413,false],"landscape":["https:\/\/arantv.az\/wp-content\/uploads\/2023\/11\/FotoJet-1-9.jpg",620,413,false],"portraits":["https:\/\/arantv.az\/wp-content\/uploads\/2023\/11\/FotoJet-1-9.jpg",620,413,false],"thumbnail":["https:\/\/arantv.az\/wp-content\/uploads\/2023\/11\/FotoJet-1-9-500x280.jpg",500,280,true],"medium":["https:\/\/arantv.az\/wp-content\/uploads\/2023\/11\/FotoJet-1-9-548x365.jpg",548,365,true],"large":["https:\/\/arantv.az\/wp-content\/uploads\/2023\/11\/FotoJet-1-9.jpg",620,413,false],"1536x1536":["https:\/\/arantv.az\/wp-content\/uploads\/2023\/11\/FotoJet-1-9.jpg",620,413,false],"2048x2048":["https:\/\/arantv.az\/wp-content\/uploads\/2023\/11\/FotoJet-1-9.jpg",620,413,false],"post-thumbnail":["https:\/\/arantv.az\/wp-content\/uploads\/2023\/11\/FotoJet-1-9-240x172.jpg",240,172,true],"advps-thumb-one":["https:\/\/arantv.az\/wp-content\/uploads\/2023\/11\/FotoJet-1-9.jpg",620,413,false]},"rttpg_author":{"display_name":"V\u00fcsal Rafiqo\u011flu","author_link":"https:\/\/arantv.az\/?author=2"},"rttpg_comment":0,"rttpg_category":"<a href=\"https:\/\/arantv.az\/?cat=1\" rel=\"category\">C\u0259miyy\u0259t<\/a>","rttpg_excerpt":"Noyabr\u0131n 4-d\u0259 Az\u0259rbaycan Respublikas\u0131 Ali M\u0259hk\u0259m\u0259si Plenumunun n\u00f6vb\u0259ti iclas\u0131 ke\u00e7irilib. Ali M\u0259hk\u0259m\u0259nin M\u0259tbuat Xidm\u0259tind\u0259n veril\u0259n m\u0259lumata g\u00f6r\u0259, iclasda \u201cVahid m\u0259hk\u0259m\u0259 t\u0259cr\u00fcb\u0259si bax\u0131m\u0131ndan \u0259h\u0259miyy\u0259tli olan m\u0259hk\u0259m\u0259 aktlar\u0131n\u0131n indeksl\u0259\u015fdirilm\u0259si Qaydalar\u0131n\u0131n t\u0259sdiq edilm\u0259si haqq\u0131nda\u201d q\u0259rar layih\u0259si m\u00fczakir\u0259y\u0259 \u00e7\u0131xar\u0131l\u0131b. Bildirilib ki, layih\u0259 Az\u0259rbaycan Respublikas\u0131nda vahid m\u0259hk\u0259m\u0259 t\u0259cr\u00fcb\u0259sinin formala\u015fd\u0131r\u0131lmas\u0131, o c\u00fcml\u0259d\u0259n m\u0259hk\u0259m\u0259l\u0259r t\u0259r\u0259find\u0259n \u0259dal\u0259t m\u00fchakim\u0259sinin h\u0259yata ke\u00e7irilm\u0259si zaman\u0131 h\u00fcquqi m\u0259s\u0259l\u0259l\u0259rin&hellip;","_links":{"self":[{"href":"https:\/\/arantv.az\/index.php?rest_route=\/wp\/v2\/posts\/653166"}],"collection":[{"href":"https:\/\/arantv.az\/index.php?rest_route=\/wp\/v2\/posts"}],"about":[{"href":"https:\/\/arantv.az\/index.php?rest_route=\/wp\/v2\/types\/post"}],"author":[{"embeddable":true,"href":"https:\/\/arantv.az\/index.php?rest_route=\/wp\/v2\/users\/2"}],"replies":[{"embeddable":true,"href":"https:\/\/arantv.az\/index.php?rest_route=%2Fwp%2Fv2%2Fcomments&post=653166"}],"version-history":[{"count":0,"href":"https:\/\/arantv.az\/index.php?rest_route=\/wp\/v2\/posts\/653166\/revisions"}],"wp:featuredmedia":[{"embeddable":true,"href":"https:\/\/arantv.az\/index.php?rest_route=\/wp\/v2\/media\/653168"}],"wp:attachment":[{"href":"https:\/\/arantv.az\/index.php?rest_route=%2Fwp%2Fv2%2Fmedia&parent=653166"}],"wp:term":[{"taxonomy":"category","embeddable":true,"href":"https:\/\/arantv.az\/index.php?rest_route=%2Fwp%2Fv2%2Fcategories&post=653166"},{"taxonomy":"post_tag","embeddable":true,"href":"https:\/\/arantv.az\/index.php?rest_route=%2Fwp%2Fv2%2Ftags&post=653166"}],"curies":[{"name":"wp","href":"https:\/\/api.w.org\/{rel}","templated":true}]}}