{"id":653187,"date":"2023-11-05T09:36:50","date_gmt":"2023-11-05T05:36:50","guid":{"rendered":"https:\/\/arantv.az\/?p=653187"},"modified":"2023-11-05T09:36:50","modified_gmt":"2023-11-05T05:36:50","slug":"oglunun-ildonumu-gunu-atasi-v%c9%99fat-etdi-foto","status":"publish","type":"post","link":"https:\/\/arantv.az\/?p=653187","title":{"rendered":"O\u011flunun ild\u00f6n\u00fcm\u00fc g\u00fcn\u00fc atas\u0131 v\u0259fat etdi &#8211; FOTO"},"content":{"rendered":"<p>V\u0259t\u0259n m\u00fcharib\u0259sind\u0259 \u015f\u0259hid olan polkovnik-leytenant Q\u0259rib Bax\u015f\u0259liyevin atas\u0131 \u0130nqilab Bax\u015f\u0259liyev v\u0259fat edib.<\/p>\n<p>\u201cQafqazinfo\u201dnun m\u0259lumat\u0131na g\u00f6r\u0259, \u015f\u0259hid atas\u0131 noyabr\u0131n 3-d\u0259 o\u011flunun \u00fc\u00e7\u00fcnc\u00fc ild\u00f6n\u00fcm\u00fc g\u00fcn\u00fcnd\u0259 d\u00fcnyas\u0131n\u0131 d\u0259yi\u015fib.<\/p>\n<p>Qeyd ed\u0259k ki, \u0259sl\u0259n La\u00e7\u0131ndan olan Q\u0259rib Bax\u015f\u0259liyev 1977-ci il may ay\u0131n\u0131n 22-d\u0259 Bak\u0131 \u015f\u0259h\u0259rind\u0259 anadan olub, ail\u0259nin yegan\u0259 o\u011ful \u00f6vlad\u0131 idi.<\/p>\n<p>O, V\u0259t\u0259n m\u00fcharib\u0259si zaman\u0131 bir ne\u00e7\u0259 rayonun azad olunmas\u0131 u\u011frunda d\u00f6y\u00fc\u015fl\u0259rd\u0259 i\u015ftirak edib. Noyabr\u0131n 3-d\u0259 Z\u0259ngilan istiqam\u0259tind\u0259 d\u00f6y\u00fc\u015fl\u0259rd\u0259 \u015f\u0259hidlik zirv\u0259sin\u0259 ucal\u0131b. \u00d6l\u00fcm\u00fcnd\u0259n sonra \u201cV\u0259t\u0259n u\u011frunda\u201d medal\u0131 il\u0259 t\u0259ltif edilib.<\/p>\n<p>&nbsp;<\/p>\n<div class=\"gallery\">\n<div class=\"gallery-i\"><img src=\"https:\/\/cdn.oxu.az\/uploads\/W1siZiIsIjIwMjMvMTEvMDUvMDAvMzcvMjYvMDY0ZjBmMTktYTJmMy00ZTY5LWEwN2MtOWIxMGMyMzNmMzg0L0ExLmpwZyJdLFsicCIsImVuY29kZSIsImpwZyIsIi1xdWFsaXR5IDgwIl0sWyJwIiwidGh1bWIiLCI1OTB4NTkwXHUwMDNlIl1d?sha=9b14a9bad7e85131\" alt=\"\" \/><\/p>\n<div class=\"gallery-i-caption\"><\/div>\n<\/div>\n<div class=\"gallery-i\"><img src=\"https:\/\/cdn.oxu.az\/uploads\/W1siZiIsIjIwMjMvMTEvMDUvMDAvMzcvMjYvYWJmYjUzZTEtMmYzMi00MDI5LWFlYzQtNzM1ZTg2YTY3YTBhL0EyLmpwZyJdLFsicCIsImVuY29kZSIsImpwZyIsIi1xdWFsaXR5IDgwIl0sWyJwIiwidGh1bWIiLCI1OTB4NTkwXHUwMDNlIl1d?sha=9940bb6151e39d97\" alt=\"\" \/><\/div>\n<\/div>\n","protected":false},"excerpt":{"rendered":"<p>V\u0259t\u0259n m\u00fcharib\u0259sind\u0259 \u015f\u0259hid olan polkovnik-leytenant Q\u0259rib Bax\u015f\u0259liyevin atas\u0131 \u0130nqilab Bax\u015f\u0259liyev v\u0259fat edib. \u201cQafqazinfo\u201dnun m\u0259lumat\u0131na g\u00f6r\u0259, \u015f\u0259hid atas\u0131 noyabr\u0131n 3-d\u0259 o\u011flunun \u00fc\u00e7\u00fcnc\u00fc ild\u00f6n\u00fcm\u00fc g\u00fcn\u00fcnd\u0259 d\u00fcnyas\u0131n\u0131 d\u0259yi\u015fib. Qeyd ed\u0259k ki, \u0259sl\u0259n La\u00e7\u0131ndan olan Q\u0259rib Bax\u015f\u0259liyev 1977-ci il may ay\u0131n\u0131n 22-d\u0259 Bak\u0131 \u015f\u0259h\u0259rind\u0259 anadan olub, ail\u0259nin yegan\u0259 o\u011ful \u00f6vlad\u0131 idi. O, V\u0259t\u0259n m\u00fcharib\u0259si zaman\u0131 bir ne\u00e7\u0259 rayonun azad olunmas\u0131 u\u011frunda d\u00f6y\u00fc\u015fl\u0259rd\u0259 i\u015ftirak edib. Noyabr\u0131n 3-d\u0259 Z\u0259ngilan istiqam\u0259tind\u0259 d\u00f6y\u00fc\u015fl\u0259rd\u0259 \u015f\u0259hidlik zirv\u0259sin\u0259 ucal\u0131b. \u00d6l\u00fcm\u00fcnd\u0259n sonra \u201cV\u0259t\u0259n u\u011frunda\u201d medal\u0131 il\u0259 t\u0259ltif edilib. &nbsp;<\/p>\n","protected":false},"author":2,"featured_media":653189,"comment_status":"closed","ping_status":"closed","sticky":false,"template":"","format":"standard","meta":{"om_disable_all_campaigns":false,"_monsterinsights_skip_tracking":false,"_monsterinsights_sitenote_active":false,"_monsterinsights_sitenote_note":"","_monsterinsights_sitenote_category":0},"categories":[1],"tags":[],"aioseo_notices":[],"gutentor_comment":0,"rttpg_featured_image_url":{"full":["https:\/\/arantv.az\/wp-content\/uploads\/2023\/11\/FotoJet-2-6.jpg",620,413,false],"landscape":["https:\/\/arantv.az\/wp-content\/uploads\/2023\/11\/FotoJet-2-6.jpg",620,413,false],"portraits":["https:\/\/arantv.az\/wp-content\/uploads\/2023\/11\/FotoJet-2-6.jpg",620,413,false],"thumbnail":["https:\/\/arantv.az\/wp-content\/uploads\/2023\/11\/FotoJet-2-6-500x280.jpg",500,280,true],"medium":["https:\/\/arantv.az\/wp-content\/uploads\/2023\/11\/FotoJet-2-6-548x365.jpg",548,365,true],"large":["https:\/\/arantv.az\/wp-content\/uploads\/2023\/11\/FotoJet-2-6.jpg",620,413,false],"1536x1536":["https:\/\/arantv.az\/wp-content\/uploads\/2023\/11\/FotoJet-2-6.jpg",620,413,false],"2048x2048":["https:\/\/arantv.az\/wp-content\/uploads\/2023\/11\/FotoJet-2-6.jpg",620,413,false],"post-thumbnail":["https:\/\/arantv.az\/wp-content\/uploads\/2023\/11\/FotoJet-2-6-240x172.jpg",240,172,true],"advps-thumb-one":["https:\/\/arantv.az\/wp-content\/uploads\/2023\/11\/FotoJet-2-6.jpg",620,413,false]},"rttpg_author":{"display_name":"V\u00fcsal Rafiqo\u011flu","author_link":"https:\/\/arantv.az\/?author=2"},"rttpg_comment":0,"rttpg_category":"<a href=\"https:\/\/arantv.az\/?cat=1\" rel=\"category\">C\u0259miyy\u0259t<\/a>","rttpg_excerpt":"V\u0259t\u0259n m\u00fcharib\u0259sind\u0259 \u015f\u0259hid olan polkovnik-leytenant Q\u0259rib Bax\u015f\u0259liyevin atas\u0131 \u0130nqilab Bax\u015f\u0259liyev v\u0259fat edib. \u201cQafqazinfo\u201dnun m\u0259lumat\u0131na g\u00f6r\u0259, \u015f\u0259hid atas\u0131 noyabr\u0131n 3-d\u0259 o\u011flunun \u00fc\u00e7\u00fcnc\u00fc ild\u00f6n\u00fcm\u00fc g\u00fcn\u00fcnd\u0259 d\u00fcnyas\u0131n\u0131 d\u0259yi\u015fib. Qeyd ed\u0259k ki, \u0259sl\u0259n La\u00e7\u0131ndan olan Q\u0259rib Bax\u015f\u0259liyev 1977-ci il may ay\u0131n\u0131n 22-d\u0259 Bak\u0131 \u015f\u0259h\u0259rind\u0259 anadan olub, ail\u0259nin yegan\u0259 o\u011ful \u00f6vlad\u0131 idi. O, V\u0259t\u0259n m\u00fcharib\u0259si zaman\u0131 bir ne\u00e7\u0259 rayonun azad&hellip;","_links":{"self":[{"href":"https:\/\/arantv.az\/index.php?rest_route=\/wp\/v2\/posts\/653187"}],"collection":[{"href":"https:\/\/arantv.az\/index.php?rest_route=\/wp\/v2\/posts"}],"about":[{"href":"https:\/\/arantv.az\/index.php?rest_route=\/wp\/v2\/types\/post"}],"author":[{"embeddable":true,"href":"https:\/\/arantv.az\/index.php?rest_route=\/wp\/v2\/users\/2"}],"replies":[{"embeddable":true,"href":"https:\/\/arantv.az\/index.php?rest_route=%2Fwp%2Fv2%2Fcomments&post=653187"}],"version-history":[{"count":0,"href":"https:\/\/arantv.az\/index.php?rest_route=\/wp\/v2\/posts\/653187\/revisions"}],"wp:featuredmedia":[{"embeddable":true,"href":"https:\/\/arantv.az\/index.php?rest_route=\/wp\/v2\/media\/653189"}],"wp:attachment":[{"href":"https:\/\/arantv.az\/index.php?rest_route=%2Fwp%2Fv2%2Fmedia&parent=653187"}],"wp:term":[{"taxonomy":"category","embeddable":true,"href":"https:\/\/arantv.az\/index.php?rest_route=%2Fwp%2Fv2%2Fcategories&post=653187"},{"taxonomy":"post_tag","embeddable":true,"href":"https:\/\/arantv.az\/index.php?rest_route=%2Fwp%2Fv2%2Ftags&post=653187"}],"curies":[{"name":"wp","href":"https:\/\/api.w.org\/{rel}","templated":true}]}}