{"id":653211,"date":"2023-11-05T09:43:05","date_gmt":"2023-11-05T05:43:05","guid":{"rendered":"https:\/\/arantv.az\/?p=653211"},"modified":"2023-11-05T09:43:05","modified_gmt":"2023-11-05T05:43:05","slug":"goz%c9%99l-s%c9%99m%c9%99rq%c9%99nd-dovl%c9%99tl%c9%99r-paytaxt-olmus-s%c9%99h%c9%99r-m%c9%99d%c9%99niyy%c9%99t-paytaxtina-cevrilir","status":"publish","type":"post","link":"https:\/\/arantv.az\/?p=653211","title":{"rendered":"G\u00f6z\u0259l S\u0259m\u0259rq\u0259nd \u2013 D\u00f6vl\u0259tl\u0259r paytaxt olmu\u015f \u015f\u0259h\u0259r m\u0259d\u0259niyy\u0259t paytaxt\u0131na \u00e7evrilir"},"content":{"rendered":"<div class=\"text-content\" data-id=\"\" data-url=\"\">\n<p><strong>Biz S\u0259m\u0259rq\u0259nd torpa\u011f\u0131na ayaq basanda s\u0259h\u0259r saat 5 idi. Qaranl\u0131qd\u0131. Amma s\u0259h\u0259rin bu erk\u0259n \u00e7a\u011f\u0131nda \u015f\u0259h\u0259rin yollar\u0131nda, k\u00fc\u00e7\u0259l\u0259rind\u0259 bu q\u0259d\u0259r \u00e7ox avtomobill\u0259rin olmas\u0131, insanlar\u0131n ora-bura h\u0259r\u0259k\u0259t etm\u0259si ondan x\u0259b\u0259r verirdi ki, S\u0259m\u0259rq\u0259nd h\u0259r hans\u0131 ucqar \u0259yal\u0259t \u015f\u0259h\u0259ri deyil, \u0259m\u0259lli-ba\u015fl\u0131 b\u00f6y\u00fck \u015f\u0259h\u0259rdir v\u0259 burada 7\\24 h\u0259yat qaynay\u0131r.<\/strong><\/p>\n<p>Zarafat deyil, \u015f\u0259h\u0259r\u0259traf\u0131 q\u0259s\u0259b\u0259l\u0259ri il\u0259 birlikd\u0259 S\u0259m\u0259rq\u0259ndd\u0259 1 milyon insan ya\u015fay\u0131r, \u015f\u0259h\u0259rin \u00f6z\u00fcn\u00fcn is\u0259 600 min\u0259 yax\u0131n sakini var. Ancaq S\u0259m\u0259rq\u0259nd \u0259halisinin say\u0131na g\u00f6r\u0259 paytaxt Da\u015fk\u0259ndd\u0259n sonra \u00d6zb\u0259kistan\u0131n ikinci \u015f\u0259h\u0259ri deyil, \u00fc\u00e7\u00fcnc\u00fcd\u00fcr. \u0130kinci yerd\u0259 ad\u0131 \u00f6lk\u0259d\u0259n k\u0259narda \u00e7ox da b\u0259lli olmayan Namanqan \u015f\u0259h\u0259ridir.<\/p>\n<p>\u00dc\u00e7\u00fcnc\u00fc olmas\u0131na baxmayaraq, S\u0259m\u0259rq\u0259ndi \u00d6zb\u0259kistan\u0131n \u0259n q\u0259dim (bizim eradan \u0259vv\u0259l 8-ci \u0259srd\u0259 in\u015fa olundu\u011fu ehtimal edilir) v\u0259 \u0259n m\u0259\u015fhur \u015f\u0259h\u0259ri saymaq olar. Bu \u015f\u0259h\u0259r \u0259srl\u0259r boyunca bir \u00e7ox d\u00f6vl\u0259tl\u0259rin, o c\u00fcml\u0259d\u0259n 14-c\u00fc \u0259srd\u0259 Teymuril\u0259r imperiyas\u0131n\u0131n paytaxt\u0131 olub. Sonuncu d\u0259f\u0259 S\u0259m\u0259rq\u0259nd 1925-30-cu ill\u0259rd\u0259 sovet \u00d6zb\u0259kistan\u0131n paytaxt\u0131 statusunu da\u015f\u0131y\u0131b. Onun ad\u0131 \u0259ks\u0259r tarixi m\u0259x\u0259zl\u0259rd\u0259 \u00e7\u0259kilir.<\/p>\n<p>Ad demi\u015fk\u0259n, S\u0259m\u0259rq\u0259ndinin ad\u0131n\u0131n haradan g\u00f6t\u00fcr\u00fclm\u0259si il\u0259 ba\u011fl\u0131 az\u0131 5 versiya var. \u00dcmumi fikir ondan ibar\u0259tdir ki, \u015f\u0259h\u0259rin ad\u0131n\u0131n sonundak\u0131 heca \u201cq\u0259nd\u201d (k\u0259nd, kand) bizim anlad\u0131\u011f\u0131m\u0131z \u201ck\u0259nd-\u015f\u0259h\u0259r\u201d m\u0259nas\u0131ndad\u0131r, \u201cS\u0259m\u0259r\u201d hiss\u0259si is\u0259 varl\u0131l\u0131\u011fa, z\u0259nginliy\u0259 i\u015far\u0259 ed\u0259n \u201cSemiz\u201d s\u00f6z\u00fcnd\u0259n \u0259m\u0259l\u0259 g\u0259lib. Bir versiya da odur ki, S\u0259m\u0259rq\u0259nd \u015f\u0259h\u0259ri vaxtil\u0259 S\u0259m\u0259r adl\u0131 xan t\u0259r\u0259find\u0259n sal\u0131n\u0131b, ona g\u00f6r\u0259 \u201cS\u0259m\u0259r k\u0259ndi\u201d adland\u0131r\u0131l\u0131b.<\/p>\n<p>\u018flb\u0259tt\u0259, bir \u015f\u0259h\u0259rin, \u00f6lk\u0259nin, el\u0259c\u0259 d\u0259 xalq\u0131n tarixinin n\u0259d\u0259n ibar\u0259t olmas\u0131 maraql\u0131d\u0131r, onu \u00f6yr\u0259nm\u0259k vacibdir, amma daha \u00f6n\u0259mli olan bu g\u00fcn\u00fc v\u0259 g\u0259l\u0259c\u0259yidir. M\u00fcasir s\u0259m\u0259rq\u0259ndlil\u0259r he\u00e7 d\u0259 \u015f\u0259h\u0259rin \u015fanl\u0131 tarixind\u0259 ili\u015fib qalmay\u0131blar, onun m\u0259d\u0259niyy\u0259t abid\u0259l\u0259rini, \u00fcmumi atmosferini qoruyub saxlasalar da, ona ehtiramla yana\u015fsalar da, S\u0259m\u0259rq\u0259ndin bu g\u00fcn\u00fc v\u0259 g\u0259l\u0259c\u0259yi il\u0259 ba\u011fl\u0131 \u00f6n\u0259mli i\u015fl\u0259r g\u00f6r\u00fcrl\u0259r. 2022-ci ild\u0259 \u015f\u0259h\u0259rin \u0259razisinin geni\u015fl\u0259ndirilm\u0259si v\u0259 \u015f\u0259h\u0259r\u0259traf\u0131 \u0259razil\u0259r hesab\u0131na \u0259halisinin art\u0131r\u0131lmas\u0131 planla\u015fd\u0131r\u0131l\u0131b. H\u0259min ilin sonunda \u00d6zb\u0259kistan prezidenti S\u0259m\u0259rq\u0259nd \u015f\u0259h\u0259rinin S\u0259m\u0259rq\u0259nd vilay\u0259tind\u0259n ayr\u0131laca\u011f\u0131n\u0131, respublika tabeliyind\u0259 olan \u015f\u0259h\u0259r statusu alaca\u011f\u0131n\u0131 elan edib. \u018fvv\u0259ll\u0259r bel\u0259 status yaln\u0131z \u00d6zb\u0259kistan\u0131n paytaxt\u0131 Da\u015fk\u0259ndd\u0259 m\u0259xsus olub.<\/p>\n<p><img loading=\"lazy\" src=\"https:\/\/cdn.musavat.com\/news\/thumbnails\/cdbebc5b177aa714285965c51781890b.jpg\" alt=\"66655.JPG (37 KB)\" width=\"765\" height=\"553\" \/><\/p>\n<p>D\u0259niz s\u0259viyy\u0259sind\u0259n 720 metr y\u00fcks\u0259klikd\u0259 yerl\u0259\u015f\u0259n \u015f\u0259h\u0259rin geni\u015fl\u0259nm\u0259si \u00fc\u00e7\u00fcn t\u0259bii imkanlar var. \u015e\u0259h\u0259r n\u0259 da\u011fa s\u00f6yk\u0259nir, n\u0259 d\u0259 d\u0259niz sahilind\u0259dir, ona g\u00f6r\u0259 d\u0259 o d\u00f6rd bir t\u0259r\u0259f\u0259 geni\u015fl\u0259n\u0259 bil\u0259r. \u015e\u0259h\u0259r k\u0259nar\u0131ndak\u0131 boz, \u0259kin-bi\u00e7in\u0259 yaramayan t\u0259p\u0259l\u0259ri hamarlay\u0131b, ya\u015fay\u0131\u015f massivl\u0259rin\u0259 \u00e7evirm\u0259k, ya\u015f\u0131lla\u015fd\u0131rmaq m\u00fcasir insanlar\u0131n \u0259lind\u0259 \u00e7\u0259tin i\u015f deyil. S\u0259m\u0259rq\u0259ndd\u0259 ya\u015f\u0131lla\u015fd\u0131rmaya \u00e7ox fikir verirl\u0259r, bir \u00e7ox yerl\u0259rd\u0259 yeni parklar sal\u0131n\u0131b, a\u011faclar \u0259kilib, s\u00fcni \u00e7\u0259m\u0259nlikl\u0259r d\u00fcz\u0259ldilib v\u0259 onlara g\u00fcn \u0259rzind\u0259 su \u00e7il\u0259nir.<\/p>\n<p>\u015e\u0259h\u0259rin m\u0259rk\u0259zi Registan meydan\u0131 v\u0259 onun ansambl\u0131 qorunub saxlan\u0131l\u0131r, bir \u00e7ox ba\u015fqa \u015f\u0259h\u0259rl\u0259rd\u0259ki kimi metr-metr n\u0259s\u0259 tikm\u0259k ist\u0259y\u0259nl\u0259r\u0259 sat\u0131lm\u0131r, ancaq \u015f\u0259h\u0259rin k\u0259narlar\u0131nda be\u015f ulduzlu otell\u0259r v\u0259 ba\u015fqa tikilil\u0259r in\u015fa edilir.<\/p>\n<p>2001-ci ild\u0259 \u015f\u0259h\u0259r v\u0259 onun tarixi memarl\u0131q v\u0259 arxeoloji abid\u0259l\u0259ri \u201cS\u0259m\u0259rq\u0259nd &#8211; m\u0259d\u0259niyy\u0259tl\u0259rin qov\u015fa\u011f\u0131\u201d ad\u0131 il\u0259 YUNESKO-nun \u00dcmumd\u00fcnya \u0130rs Siyah\u0131s\u0131na daxil edilib. Bizim qat\u0131ld\u0131\u011f\u0131m\u0131z beyn\u0259lxalq konqres \u00fcmumilikd\u0259 \u00d6zb\u0259kistan\u0131n m\u0259d\u0259niyy\u0259t irsin\u0259 h\u0259sr olunsa da, t\u0259dbirin S\u0259m\u0259rq\u0259ndd\u0259 ke\u00e7irilm\u0259si ondan x\u0259b\u0259r verir ki, bu \u015f\u0259h\u0259r \u00f6zb\u0259k tarixinin v\u0259 m\u0259d\u0259niyy\u0259tinin \u015fanl\u0131 salnam\u0259sidir.<\/p>\n<p><img loading=\"lazy\" src=\"https:\/\/cdn.musavat.com\/news\/thumbnails\/beff958f19c496e2cacc72ecffc821ab.jpg\" alt=\"\u0422\u0438\u043c\u0443\u0440\u0438\u0434\u044b.png (31 KB)\" width=\"719\" height=\"496\" \/><\/p>\n<p>2 minillikd\u0259n \u00e7ox m\u00fcdd\u0259t \u0259rzind\u0259 bu \u015f\u0259h\u0259r \u00c7in v\u0259 Avropa aras\u0131nda B\u00f6y\u00fck \u0130p\u0259k Yolunun \u0259sas n\u00f6qt\u0259si olub, orta \u0259srl\u0259r \u015e\u0259rqinin \u0259sas elm m\u0259rk\u0259zl\u0259rind\u0259n birin\u0259 \u00e7evrilib. \u00d6zb\u0259kl\u0259rin haql\u0131 olaraq f\u0259xr etdiyi Teymuril\u0259r d\u00f6vr\u00fc S\u0259m\u0259rq\u0259ndl\u0259 ba\u011fl\u0131d\u0131r. \u018fmir Teymur bu \u015f\u0259h\u0259rd\u0259n \u00e7\u0131xaraq m\u00fcasir T\u00fcrkiy\u0259, \u0130raq, \u0130ran, Az\u0259rbaycan, Erm\u0259nistan, \u018ffqan\u0131stan, Qazaxstan, T\u00fcrkm\u0259nistan, G\u00fcrc\u00fcstan, el\u0259c\u0259 d\u0259 Rusiya v\u0259 Pakistan kimi d\u00f6vl\u0259tl\u0259rin \u0259razisinin bir hiss\u0259sini tutub, b\u00f6y\u00fck imperiya yarad\u0131b v\u0259 onu \u00f6z\u00fc v\u0259 varisl\u0259ri 137 il boyunca idar\u0259 edibl\u0259r.<\/p>\n<p>Bununla bel\u0259, S\u0259m\u0259rq\u0259nd \u00f6z\u00fc d\u0259 \u0259ld\u0259n-\u0259l\u0259 ke\u00e7ib, d\u0259f\u0259l\u0259rl\u0259 yadelli i\u015f\u011fal\u00e7\u0131lar\u0131n basq\u0131n\u0131na, i\u015f\u011fal\u0131na m\u0259ruz qalb. M\u0259s\u0259l\u0259n, 712-ci ild\u0259 S\u0259m\u0259rq\u0259nd Quteyb\u0259 ibn M\u00fcsl\u00fcm\u00fcn ba\u015f\u00e7\u0131l\u0131q etdiyi \u0259r\u0259b i\u015f\u011fa\u00e7\u0131lar t\u0259r\u0259find\u0259n tutulub. 875-ci ild\u0259 \u015f\u0259h\u0259r farsdilli Samanil\u0259r s\u00fclal\u0259sinin idar\u0259si alt\u0131na ke\u00e7ib, onun paytaxt\u0131 olub.<\/p>\n<p>Sonra \u015f\u0259h\u0259r Qaraxanl\u0131lar d\u00f6vl\u0259tin\u0259 s\u0259r\u0259ncam\u0131na ke\u00e7ib, onun paytaxt\u0131na \u00e7evrilib.<\/p>\n<p>Daha sonra S\u0259m\u0259rq\u0259nd Xor\u0259zm\u015fahlar d\u00f6vl\u0259tinin t\u0259rkibind\u0259 olub. 1221-ci ild\u0259 \u015f\u0259h\u0259ri \u00c7ingiz xan\u0131n ba\u015f\u00e7\u0131l\u0131q etdiyi monqollar tutub.<\/p>\n<p>Bir s\u00f6zl\u0259, d\u00fcnyan\u0131n \u0259ks\u0259r q\u0259dim \u015f\u0259h\u0259rl\u0259ri kimi S\u0259m\u0259rq\u0259ndin \u00fcz\u00fc d\u0259 \u00fczl\u0259r, yadellil\u0259r, \u00e7oxlu h\u00f6kmdarlar g\u00f6r\u00fcb, ne\u00e7\u0259 d\u0259f\u0259 da\u011f\u0131d\u0131l\u0131b, tarix boyunca istila edilib, ax\u0131r, g\u0259lib bu g\u00fcnl\u0259r\u0259 \u00e7\u0131x\u0131b.<\/p>\n<p><img loading=\"lazy\" src=\"https:\/\/cdn.musavat.com\/news\/thumbnails\/0ccfa64ab9be3fcdda4d6d921832683d.jpg\" alt=\"saamruk.JPG (50 KB)\" width=\"733\" height=\"418\" \/><\/p>\n<p>Bel\u0259 g\u00f6t\u00fcr\u0259nd\u0259 32 il \u00f6nc\u0259y\u0259 q\u0259d\u0259r S\u0259m\u0259rq\u0259nd sovet-rus imperiyas\u0131n\u0131n \u015f\u0259h\u0259ri idi. Haz\u0131rda is\u0259 m\u00fcst\u0259qil \u00d6zb\u0259kistan\u0131n \u015f\u0259h\u0259ridir.<\/p>\n<p>\u0130ndi \u00f6zb\u0259kl\u0259r o \u0259zmd\u0259dirl\u0259r ki, \u00f6z d\u00f6vl\u0259tl\u0259rinin m\u00fcst\u0259qilliyini \u0259b\u0259di qorusunlar, S\u0259m\u0259rq\u0259ndi d\u0259 d\u00fcnyan\u0131n \u0259n g\u00f6z\u0259l, q\u0259dimliyi v\u0259 m\u00fcasirliyi bir arada tutan turizm m\u0259rk\u0259zin\u0259, meqapolis\u0259 \u00e7evirsinl\u0259r.<\/p>\n<p><strong>Xalid Kaz\u0131ml\u0131, Musavat.com<\/strong><\/p>\n<p><strong>S\u0259m\u0259rq\u0259nd, \u00d6zb\u0259kistan<\/strong><\/p>\n<\/div>\n<div><\/div>\n<div>\n<div class=\"banner banner-6cdd60ea0045eb7a6ec44c54d29ed402\" data-banner=\"MTg0\"><\/div>\n<\/div>\n","protected":false},"excerpt":{"rendered":"<p>Biz S\u0259m\u0259rq\u0259nd torpa\u011f\u0131na ayaq basanda s\u0259h\u0259r saat 5 idi. Qaranl\u0131qd\u0131. Amma s\u0259h\u0259rin bu erk\u0259n \u00e7a\u011f\u0131nda \u015f\u0259h\u0259rin yollar\u0131nda, k\u00fc\u00e7\u0259l\u0259rind\u0259 bu q\u0259d\u0259r \u00e7ox avtomobill\u0259rin olmas\u0131, insanlar\u0131n ora-bura h\u0259r\u0259k\u0259t etm\u0259si ondan x\u0259b\u0259r verirdi ki, S\u0259m\u0259rq\u0259nd h\u0259r hans\u0131 ucqar \u0259yal\u0259t \u015f\u0259h\u0259ri deyil, \u0259m\u0259lli-ba\u015fl\u0131 b\u00f6y\u00fck \u015f\u0259h\u0259rdir v\u0259 burada 7\\24 h\u0259yat qaynay\u0131r. Zarafat deyil, \u015f\u0259h\u0259r\u0259traf\u0131 q\u0259s\u0259b\u0259l\u0259ri il\u0259 birlikd\u0259 S\u0259m\u0259rq\u0259ndd\u0259 1 milyon insan ya\u015fay\u0131r, \u015f\u0259h\u0259rin \u00f6z\u00fcn\u00fcn is\u0259 600 min\u0259 yax\u0131n sakini var. Ancaq S\u0259m\u0259rq\u0259nd \u0259halisinin say\u0131na g\u00f6r\u0259 paytaxt Da\u015fk\u0259ndd\u0259n sonra \u00d6zb\u0259kistan\u0131n ikinci \u015f\u0259h\u0259ri deyil, \u00fc\u00e7\u00fcnc\u00fcd\u00fcr. \u0130kinci yerd\u0259 ad\u0131 \u00f6lk\u0259d\u0259n k\u0259narda \u00e7ox da b\u0259lli olmayan Namanqan \u015f\u0259h\u0259ridir. \u00dc\u00e7\u00fcnc\u00fc&hellip;<\/p>\n","protected":false},"author":2,"featured_media":653216,"comment_status":"closed","ping_status":"closed","sticky":false,"template":"","format":"standard","meta":{"om_disable_all_campaigns":false,"_monsterinsights_skip_tracking":false,"_monsterinsights_sitenote_active":false,"_monsterinsights_sitenote_note":"","_monsterinsights_sitenote_category":0},"categories":[1],"tags":[],"aioseo_notices":[],"gutentor_comment":0,"rttpg_featured_image_url":{"full":["https:\/\/arantv.az\/wp-content\/uploads\/2023\/11\/d79d0f993663190f2300834463b981f5.jpg",290,174,false],"landscape":["https:\/\/arantv.az\/wp-content\/uploads\/2023\/11\/d79d0f993663190f2300834463b981f5.jpg",290,174,false],"portraits":["https:\/\/arantv.az\/wp-content\/uploads\/2023\/11\/d79d0f993663190f2300834463b981f5.jpg",290,174,false],"thumbnail":["https:\/\/arantv.az\/wp-content\/uploads\/2023\/11\/d79d0f993663190f2300834463b981f5.jpg",290,174,false],"medium":["https:\/\/arantv.az\/wp-content\/uploads\/2023\/11\/d79d0f993663190f2300834463b981f5.jpg",290,174,false],"large":["https:\/\/arantv.az\/wp-content\/uploads\/2023\/11\/d79d0f993663190f2300834463b981f5.jpg",290,174,false],"1536x1536":["https:\/\/arantv.az\/wp-content\/uploads\/2023\/11\/d79d0f993663190f2300834463b981f5.jpg",290,174,false],"2048x2048":["https:\/\/arantv.az\/wp-content\/uploads\/2023\/11\/d79d0f993663190f2300834463b981f5.jpg",290,174,false],"post-thumbnail":["https:\/\/arantv.az\/wp-content\/uploads\/2023\/11\/d79d0f993663190f2300834463b981f5-240x172.jpg",240,172,true],"advps-thumb-one":["https:\/\/arantv.az\/wp-content\/uploads\/2023\/11\/d79d0f993663190f2300834463b981f5.jpg",290,174,false]},"rttpg_author":{"display_name":"V\u00fcsal Rafiqo\u011flu","author_link":"https:\/\/arantv.az\/?author=2"},"rttpg_comment":0,"rttpg_category":"<a href=\"https:\/\/arantv.az\/?cat=1\" rel=\"category\">C\u0259miyy\u0259t<\/a>","rttpg_excerpt":"Biz S\u0259m\u0259rq\u0259nd torpa\u011f\u0131na ayaq basanda s\u0259h\u0259r saat 5 idi. Qaranl\u0131qd\u0131. Amma s\u0259h\u0259rin bu erk\u0259n \u00e7a\u011f\u0131nda \u015f\u0259h\u0259rin yollar\u0131nda, k\u00fc\u00e7\u0259l\u0259rind\u0259 bu q\u0259d\u0259r \u00e7ox avtomobill\u0259rin olmas\u0131, insanlar\u0131n ora-bura h\u0259r\u0259k\u0259t etm\u0259si ondan x\u0259b\u0259r verirdi ki, S\u0259m\u0259rq\u0259nd h\u0259r hans\u0131 ucqar \u0259yal\u0259t \u015f\u0259h\u0259ri deyil, \u0259m\u0259lli-ba\u015fl\u0131 b\u00f6y\u00fck \u015f\u0259h\u0259rdir v\u0259 burada 7\\24 h\u0259yat qaynay\u0131r. Zarafat deyil, \u015f\u0259h\u0259r\u0259traf\u0131 q\u0259s\u0259b\u0259l\u0259ri il\u0259 birlikd\u0259 S\u0259m\u0259rq\u0259ndd\u0259 1 milyon&hellip;","_links":{"self":[{"href":"https:\/\/arantv.az\/index.php?rest_route=\/wp\/v2\/posts\/653211"}],"collection":[{"href":"https:\/\/arantv.az\/index.php?rest_route=\/wp\/v2\/posts"}],"about":[{"href":"https:\/\/arantv.az\/index.php?rest_route=\/wp\/v2\/types\/post"}],"author":[{"embeddable":true,"href":"https:\/\/arantv.az\/index.php?rest_route=\/wp\/v2\/users\/2"}],"replies":[{"embeddable":true,"href":"https:\/\/arantv.az\/index.php?rest_route=%2Fwp%2Fv2%2Fcomments&post=653211"}],"version-history":[{"count":0,"href":"https:\/\/arantv.az\/index.php?rest_route=\/wp\/v2\/posts\/653211\/revisions"}],"wp:featuredmedia":[{"embeddable":true,"href":"https:\/\/arantv.az\/index.php?rest_route=\/wp\/v2\/media\/653216"}],"wp:attachment":[{"href":"https:\/\/arantv.az\/index.php?rest_route=%2Fwp%2Fv2%2Fmedia&parent=653211"}],"wp:term":[{"taxonomy":"category","embeddable":true,"href":"https:\/\/arantv.az\/index.php?rest_route=%2Fwp%2Fv2%2Fcategories&post=653211"},{"taxonomy":"post_tag","embeddable":true,"href":"https:\/\/arantv.az\/index.php?rest_route=%2Fwp%2Fv2%2Ftags&post=653211"}],"curies":[{"name":"wp","href":"https:\/\/api.w.org\/{rel}","templated":true}]}}