{"id":653256,"date":"2023-11-05T11:00:06","date_gmt":"2023-11-05T07:00:06","guid":{"rendered":"https:\/\/arantv.az\/?p=653256"},"modified":"2023-11-05T11:00:06","modified_gmt":"2023-11-05T07:00:06","slug":"icma-berbok-az%c9%99rbaycan-%c9%99razisind%c9%99-olan-yerl%c9%99rin-x%c9%99yali-adlarini-isl%c9%99tm%c9%99kl%c9%99-beyn%c9%99lxalq-huququ-pozub","status":"publish","type":"post","link":"https:\/\/arantv.az\/?p=653256","title":{"rendered":"\u0130cma: \u201cBerbok Az\u0259rbaycan \u0259razisind\u0259 olan yerl\u0259rin x\u0259yali adlar\u0131n\u0131 i\u015fl\u0259tm\u0259kl\u0259 beyn\u0259lxalq h\u00fcququ pozub\u201d"},"content":{"rendered":"<p>Berbok Az\u0259rbaycan \u0259razisind\u0259 olan yerl\u0259rin x\u0259yali adlar\u0131n\u0131 i\u015fl\u0259tm\u0259kl\u0259 beyn\u0259lxalq h\u00fcququ pozub.<\/p>\n<p>Bu bar\u0259d\u0259 Q\u0259rbi Az\u0259rbaycan \u0130cmas\u0131n\u0131n yayd\u0131\u011f\u0131 b\u0259yanatda deyilir.<\/p>\n<p>Bildirilir ki, Almaniyan\u0131n xarici i\u015fl\u0259r naziri Annalena Berbok 2023-c\u00fc il noyabr\u0131n 4-d\u0259 Bak\u0131da ke\u00e7irdiyi m\u0259tbuat konfrans\u0131nda bildirmi\u015fdir ki, h\u0259min g\u00fcn Az\u0259rbaycana s\u0259f\u0259ri zaman\u0131 Erm\u0259nistandan qovulmu\u015f az\u0259rbaycanl\u0131larla g\u00f6r\u00fc\u015f ke\u00e7irib. Bununla \u0259laq\u0259dar olaraq, \u0130cma b\u0259yan edir ki, Almaniya t\u0259r\u0259find\u0259n bel\u0259 bir g\u00f6r\u00fc\u015f il\u0259 ba\u011fl\u0131 \u0130cmaya he\u00e7 bir sor\u011fu g\u0259lm\u0259yib v\u0259 g\u00f6r\u00fc\u015f\u00fcn ba\u015f tutmas\u0131 haqq\u0131nda \u0130cmada he\u00e7 bir m\u0259lumat yoxdur:<\/p>\n<p>\u201cBu g\u00f6r\u00fc\u015f bar\u0259d\u0259 nazirin m\u0259tbuat konfrans\u0131nda dedikl\u0259rind\u0259n ba\u015fqa he\u00e7 bir m\u0259lumat yay\u0131lmay\u0131b. Almaniyal\u0131 nazirin g\u00f6r\u00fc\u015f ke\u00e7irildiyi bildiril\u0259n \u015f\u0259xsl\u0259r v\u0259 apar\u0131lm\u0131\u015f fikir m\u00fcbadil\u0259sinin m\u0259zmunu haqq\u0131nda he\u00e7 bir m\u0259lumat\u0131n yay\u0131lmamas\u0131 ciddi suallar do\u011furur. Bu h\u0259m d\u0259 ona g\u00f6r\u0259 sual do\u011furur ki, xan\u0131m Berbokun bir g\u00fcn \u0259vv\u0259l Erm\u0259nistana s\u0259f\u0259ri zaman\u0131 Az\u0259rbaycandan k\u00f6\u00e7m\u00fc\u015f erm\u0259nil\u0259rl\u0259 ke\u00e7irdiyi g\u00f6r\u00fc\u015f bar\u0259d\u0259 h\u0259m Almaniya t\u0259r\u0259fi, h\u0259m d\u0259 Erm\u0259nistan m\u0259tbuat\u0131 video g\u00f6r\u00fcnt\u00fcl\u0259r daxil olmaqla geni\u015f reportajlar yaym\u0131\u015fd\u0131.<\/p>\n<p>B\u00fct\u00fcn bunlar ondan x\u0259b\u0259r verir ki, xan\u0131m Berbok ya yalan dan\u0131\u015f\u0131r, ya da hans\u0131sa \u00e7irkin m\u0259qs\u0259dli \u0259m\u0259linin \u00fcst\u00fcn\u00fc \u00f6rtm\u0259y\u0259 \u00e7al\u0131\u015f\u0131r.<\/p>\n<p>Erm\u0259nistandan qovulmu\u015f az\u0259rbaycanl\u0131lar\u0131n qanuni v\u0259 m\u00f6t\u0259b\u0259r t\u0259msil\u00e7isi olan Q\u0259rbi Az\u0259rbaycan \u0130cmas\u0131 Almaniya t\u0259r\u0259find\u0259n \u015f\u0259ffafl\u0131q prinsipl\u0259rin\u0259 h\u00f6rm\u0259t etm\u0259yi v\u0259 s\u00f6z\u00fcged\u0259n g\u00f6r\u00fc\u015f bar\u0259d\u0259 geni\u015f m\u0259lumat yayma\u011f\u0131 t\u0259l\u0259b edir.<\/p>\n<p>Bundan \u0259lav\u0259, xan\u0131m Berbok Az\u0259rbaycan \u0259razisind\u0259 olan yerl\u0259rin x\u0259yali adlar\u0131n\u0131 i\u015fl\u0259tm\u0259kl\u0259 beyn\u0259lxalq h\u00fcququ pozmu\u015fdur. Xat\u0131rladaq ki, almaniyal\u0131 nazirin i\u015fl\u0259tdiyi saxta adlar, Erm\u0259nistan\u0131n Az\u0259rbaycana qar\u015f\u0131 \u0259razi iddias\u0131 \u00e7\u0259r\u00e7iv\u0259sind\u0259 uydurdu\u011fu, he\u00e7 bir tarixi v\u0259 h\u00fcquqi \u0259sas\u0131 olmayan quramalar idi. Almaniyal\u0131 nazir toponiml\u0259r m\u0259s\u0259l\u0259sind\u0259 tarixi h\u0259qiq\u0259tl\u0259r\u0259 \u00e7ox \u00f6n\u0259m verirs\u0259, onda h\u0259min qurama adlar\u0131 deyil, Erm\u0259nistana s\u0259f\u0259ri zaman\u0131 ziyar\u0259t etdiyi yerl\u0259rin, o c\u00fcml\u0259d\u0259n, \u0130r\u0259van\u0131n, Ke\u015fi\u015fk\u0259ndin, Arazd\u0259y\u0259nin h\u0259qiqi, tarixi adlar\u0131n\u0131 istifad\u0259 etm\u0259li idi\u201d, &#8211; b\u0259yanatda vur\u011fulan\u0131r.<\/p>\n","protected":false},"excerpt":{"rendered":"<p>Berbok Az\u0259rbaycan \u0259razisind\u0259 olan yerl\u0259rin x\u0259yali adlar\u0131n\u0131 i\u015fl\u0259tm\u0259kl\u0259 beyn\u0259lxalq h\u00fcququ pozub. Bu bar\u0259d\u0259 Q\u0259rbi Az\u0259rbaycan \u0130cmas\u0131n\u0131n yayd\u0131\u011f\u0131 b\u0259yanatda deyilir. Bildirilir ki, Almaniyan\u0131n xarici i\u015fl\u0259r naziri Annalena Berbok 2023-c\u00fc il noyabr\u0131n 4-d\u0259 Bak\u0131da ke\u00e7irdiyi m\u0259tbuat konfrans\u0131nda bildirmi\u015fdir ki, h\u0259min g\u00fcn Az\u0259rbaycana s\u0259f\u0259ri zaman\u0131 Erm\u0259nistandan qovulmu\u015f az\u0259rbaycanl\u0131larla g\u00f6r\u00fc\u015f ke\u00e7irib. Bununla \u0259laq\u0259dar olaraq, \u0130cma b\u0259yan edir ki, Almaniya t\u0259r\u0259find\u0259n bel\u0259 bir g\u00f6r\u00fc\u015f il\u0259 ba\u011fl\u0131 \u0130cmaya he\u00e7 bir sor\u011fu g\u0259lm\u0259yib v\u0259 g\u00f6r\u00fc\u015f\u00fcn ba\u015f tutmas\u0131 haqq\u0131nda \u0130cmada he\u00e7 bir m\u0259lumat yoxdur: \u201cBu g\u00f6r\u00fc\u015f bar\u0259d\u0259 nazirin m\u0259tbuat konfrans\u0131nda dedikl\u0259rind\u0259n ba\u015fqa he\u00e7 bir m\u0259lumat yay\u0131lmay\u0131b. Almaniyal\u0131 nazirin&hellip;<\/p>\n","protected":false},"author":2,"featured_media":653258,"comment_status":"closed","ping_status":"closed","sticky":false,"template":"","format":"standard","meta":{"om_disable_all_campaigns":false,"_monsterinsights_skip_tracking":false,"_monsterinsights_sitenote_active":false,"_monsterinsights_sitenote_note":"","_monsterinsights_sitenote_category":0},"categories":[4],"tags":[],"aioseo_notices":[],"gutentor_comment":0,"rttpg_featured_image_url":{"full":["https:\/\/arantv.az\/wp-content\/uploads\/2023\/11\/fb0f1d88-3051-3d01-b807-c270513dad93_850-1-2.jpg",620,413,false],"landscape":["https:\/\/arantv.az\/wp-content\/uploads\/2023\/11\/fb0f1d88-3051-3d01-b807-c270513dad93_850-1-2.jpg",620,413,false],"portraits":["https:\/\/arantv.az\/wp-content\/uploads\/2023\/11\/fb0f1d88-3051-3d01-b807-c270513dad93_850-1-2.jpg",620,413,false],"thumbnail":["https:\/\/arantv.az\/wp-content\/uploads\/2023\/11\/fb0f1d88-3051-3d01-b807-c270513dad93_850-1-2-500x280.jpg",500,280,true],"medium":["https:\/\/arantv.az\/wp-content\/uploads\/2023\/11\/fb0f1d88-3051-3d01-b807-c270513dad93_850-1-2-548x365.jpg",548,365,true],"large":["https:\/\/arantv.az\/wp-content\/uploads\/2023\/11\/fb0f1d88-3051-3d01-b807-c270513dad93_850-1-2.jpg",620,413,false],"1536x1536":["https:\/\/arantv.az\/wp-content\/uploads\/2023\/11\/fb0f1d88-3051-3d01-b807-c270513dad93_850-1-2.jpg",620,413,false],"2048x2048":["https:\/\/arantv.az\/wp-content\/uploads\/2023\/11\/fb0f1d88-3051-3d01-b807-c270513dad93_850-1-2.jpg",620,413,false],"post-thumbnail":["https:\/\/arantv.az\/wp-content\/uploads\/2023\/11\/fb0f1d88-3051-3d01-b807-c270513dad93_850-1-2-240x172.jpg",240,172,true],"advps-thumb-one":["https:\/\/arantv.az\/wp-content\/uploads\/2023\/11\/fb0f1d88-3051-3d01-b807-c270513dad93_850-1-2.jpg",620,413,false]},"rttpg_author":{"display_name":"V\u00fcsal Rafiqo\u011flu","author_link":"https:\/\/arantv.az\/?author=2"},"rttpg_comment":0,"rttpg_category":"<a href=\"https:\/\/arantv.az\/?cat=4\" rel=\"category\">Siyas\u0259t<\/a>","rttpg_excerpt":"Berbok Az\u0259rbaycan \u0259razisind\u0259 olan yerl\u0259rin x\u0259yali adlar\u0131n\u0131 i\u015fl\u0259tm\u0259kl\u0259 beyn\u0259lxalq h\u00fcququ pozub. Bu bar\u0259d\u0259 Q\u0259rbi Az\u0259rbaycan \u0130cmas\u0131n\u0131n yayd\u0131\u011f\u0131 b\u0259yanatda deyilir. Bildirilir ki, Almaniyan\u0131n xarici i\u015fl\u0259r naziri Annalena Berbok 2023-c\u00fc il noyabr\u0131n 4-d\u0259 Bak\u0131da ke\u00e7irdiyi m\u0259tbuat konfrans\u0131nda bildirmi\u015fdir ki, h\u0259min g\u00fcn Az\u0259rbaycana s\u0259f\u0259ri zaman\u0131 Erm\u0259nistandan qovulmu\u015f az\u0259rbaycanl\u0131larla g\u00f6r\u00fc\u015f ke\u00e7irib. Bununla \u0259laq\u0259dar olaraq, \u0130cma b\u0259yan edir ki, Almaniya&hellip;","_links":{"self":[{"href":"https:\/\/arantv.az\/index.php?rest_route=\/wp\/v2\/posts\/653256"}],"collection":[{"href":"https:\/\/arantv.az\/index.php?rest_route=\/wp\/v2\/posts"}],"about":[{"href":"https:\/\/arantv.az\/index.php?rest_route=\/wp\/v2\/types\/post"}],"author":[{"embeddable":true,"href":"https:\/\/arantv.az\/index.php?rest_route=\/wp\/v2\/users\/2"}],"replies":[{"embeddable":true,"href":"https:\/\/arantv.az\/index.php?rest_route=%2Fwp%2Fv2%2Fcomments&post=653256"}],"version-history":[{"count":0,"href":"https:\/\/arantv.az\/index.php?rest_route=\/wp\/v2\/posts\/653256\/revisions"}],"wp:featuredmedia":[{"embeddable":true,"href":"https:\/\/arantv.az\/index.php?rest_route=\/wp\/v2\/media\/653258"}],"wp:attachment":[{"href":"https:\/\/arantv.az\/index.php?rest_route=%2Fwp%2Fv2%2Fmedia&parent=653256"}],"wp:term":[{"taxonomy":"category","embeddable":true,"href":"https:\/\/arantv.az\/index.php?rest_route=%2Fwp%2Fv2%2Fcategories&post=653256"},{"taxonomy":"post_tag","embeddable":true,"href":"https:\/\/arantv.az\/index.php?rest_route=%2Fwp%2Fv2%2Ftags&post=653256"}],"curies":[{"name":"wp","href":"https:\/\/api.w.org\/{rel}","templated":true}]}}